{"id":1566,"date":"2013-09-08T23:09:22","date_gmt":"2013-09-09T04:09:22","guid":{"rendered":"http:\/\/damas.laiglesiadelacomunidad.com\/?p=1566"},"modified":"2013-09-08T23:22:23","modified_gmt":"2013-09-09T04:22:23","slug":"reunion-8-de-sept-2013","status":"publish","type":"post","link":"http:\/\/damas.laiglesiadelacomunidad.com\/?p=1566","title":{"rendered":"Reuni\u00f3n 8 de Sept 2013"},"content":{"rendered":"<p>Gracias a Dios por la reuni\u00f3n de hoy, gracias a todos los que llegaron, fue una bendici\u00f3n verles y hablar con ustedes. Gracias a los voluntarios, cantantes, m\u00fasicos, bienvenido Abe de nuevo al grupo.<\/p>\n<p>Hoy \u00a0seguimos con al misi\u00f3n de la iglesia y el tema de hoy fue &#8220;C\u00f3mo aplicar el Evangelio&#8221; la semana pasada vimos que el evangelio aplica tanto a los que no estan conectados a Dios como a los que ya hemos tomado la decision de seguir a Dios, vimos que nos da poder pero para ello tenemos que saberlo y saber que hace en nosotros, y vimos que hace 5 cosas en nosotros desde el momento que lo escuchamos:<\/p>\n<ul>\n<li>Nos lleva a Dios<\/li>\n<li>Dios salva<\/li>\n<li>Nos hacer nacer de nuevo<\/li>\n<li>Nos pone en paz con Dios<\/li>\n<li>Nos cambia los deseos<\/li>\n<\/ul>\n<p>El evangelio es progresivo, y podemos obstaculizarlo tanto en nosotros mismos como en otras personas, tenemos que tener mucho cuidado porque de lo contrario perderemos la gracia de Dios en nuestras vidas y haremos que otros no conozcan a Dios y pierdan la preciosa gracia que les puede dar. Por lo tanto ense\u00f1emos a otros a tomar su desici\u00f3n por arrepentirse y bautizarse, y \u00a0a parte de recibir el Esp\u00edritu Santo recibiran la abundante gracia de Dios, y para los que ya hemos tomado nuestra decisi\u00f3n de seguir a Jes\u00fas, arrepintamonos de nuestros pecados, confesemoslo y liberemonos de la esclavitud que producen esos pecados y no seamos piedra de tropiezo para los que ya conocen a \u00a0Dios y mucho menos para los que a\u00fan no lo siguen.<\/p>\n<p>Dios nos llene de Su gracia.<\/p>\n<p>Jackie C.<\/p>\n<p>P.S. Por favor oren por la pronta recuperaci\u00f3n de Antonio, Jackie y Antonio pronto se van a mudar y van a necesitar ayuda, pronto nos pondremos de acuerdo para ayudarles, de antemano gracias por su ayuda \ud83d\ude42<\/p>\n","protected":false},"excerpt":{"rendered":"<p>Gracias a Dios por la reuni\u00f3n de hoy, gracias a todos los que llegaron, fue una bendici\u00f3n verles y hablar con ustedes. Gracias a los voluntarios, cantantes, m\u00fasicos, bienvenido Abe de nuevo al grupo. Hoy \u00a0seguimos con al misi\u00f3n de la iglesia y el tema de hoy fue &#8220;C\u00f3mo aplicar el Evangelio&#8221; la semana pasada &hellip; <a href=\"http:\/\/damas.laiglesiadelacomunidad.com\/?p=1566\" class=\"more-link\">Continue reading <span class=\"screen-reader-text\">Reuni\u00f3n 8 de Sept 2013<\/span> <span class=\"meta-nav\">&rarr;<\/span><\/a><\/p>\n","protected":false},"author":2,"featured_media":0,"comment_status":"open","ping_status":"open","sticky":false,"template":"","format":"standard","meta":{"footnotes":""},"categories":[7],"tags":[],"_links":{"self":[{"href":"http:\/\/damas.laiglesiadelacomunidad.com\/index.php?rest_route=\/wp\/v2\/posts\/1566"}],"collection":[{"href":"http:\/\/damas.laiglesiadelacomunidad.com\/index.php?rest_route=\/wp\/v2\/posts"}],"about":[{"href":"http:\/\/damas.laiglesiadelacomunidad.com\/index.php?rest_route=\/wp\/v2\/types\/post"}],"author":[{"embeddable":true,"href":"http:\/\/damas.laiglesiadelacomunidad.com\/index.php?rest_route=\/wp\/v2\/users\/2"}],"replies":[{"embeddable":true,"href":"http:\/\/damas.laiglesiadelacomunidad.com\/index.php?rest_route=%2Fwp%2Fv2%2Fcomments&post=1566"}],"version-history":[{"count":5,"href":"http:\/\/damas.laiglesiadelacomunidad.com\/index.php?rest_route=\/wp\/v2\/posts\/1566\/revisions"}],"predecessor-version":[{"id":1571,"href":"http:\/\/damas.laiglesiadelacomunidad.com\/index.php?rest_route=\/wp\/v2\/posts\/1566\/revisions\/1571"}],"wp:attachment":[{"href":"http:\/\/damas.laiglesiadelacomunidad.com\/index.php?rest_route=%2Fwp%2Fv2%2Fmedia&parent=1566"}],"wp:term":[{"taxonomy":"category","embeddable":true,"href":"http:\/\/damas.laiglesiadelacomunidad.com\/index.php?rest_route=%2Fwp%2Fv2%2Fcategories&post=1566"},{"taxonomy":"post_tag","embeddable":true,"href":"http:\/\/damas.laiglesiadelacomunidad.com\/index.php?rest_route=%2Fwp%2Fv2%2Ftags&post=1566"}],"curies":[{"name":"wp","href":"https:\/\/api.w.org\/{rel}","templated":true}]}}