{"id":1562,"date":"2013-09-08T14:29:25","date_gmt":"2013-09-08T19:29:25","guid":{"rendered":"http:\/\/damas.laiglesiadelacomunidad.com\/?p=1562"},"modified":"2013-09-08T14:30:36","modified_gmt":"2013-09-08T19:30:36","slug":"versiculo-de-luchador-cuando-pecamos-3","status":"publish","type":"post","link":"http:\/\/damas.laiglesiadelacomunidad.com\/?p=1562","title":{"rendered":"Vers\u00edculo de luchador (cuando pecamos)"},"content":{"rendered":"<p>No se dejen enga\u00f1ar: las malas compa\u00f1\u00edas corrompen las buenas costumbres;\u00a0as\u00ed que vuelvan en s\u00ed y vivan con rectitud, y no pequen, porque algunos de ustedes no conocen a Dios. Y esto lo digo para que sientan verg\u00fcenza. 1Cor 15:33-34<\/p>\n","protected":false},"excerpt":{"rendered":"<p>No se dejen enga\u00f1ar: las malas compa\u00f1\u00edas corrompen las buenas costumbres;\u00a0as\u00ed que vuelvan en s\u00ed y vivan con rectitud, y no pequen, porque algunos de ustedes no conocen a Dios. Y esto lo digo para que sientan verg\u00fcenza. 1Cor 15:33-34<\/p>\n","protected":false},"author":2,"featured_media":0,"comment_status":"open","ping_status":"open","sticky":false,"template":"","format":"standard","meta":{"footnotes":""},"categories":[5],"tags":[],"_links":{"self":[{"href":"http:\/\/damas.laiglesiadelacomunidad.com\/index.php?rest_route=\/wp\/v2\/posts\/1562"}],"collection":[{"href":"http:\/\/damas.laiglesiadelacomunidad.com\/index.php?rest_route=\/wp\/v2\/posts"}],"about":[{"href":"http:\/\/damas.laiglesiadelacomunidad.com\/index.php?rest_route=\/wp\/v2\/types\/post"}],"author":[{"embeddable":true,"href":"http:\/\/damas.laiglesiadelacomunidad.com\/index.php?rest_route=\/wp\/v2\/users\/2"}],"replies":[{"embeddable":true,"href":"http:\/\/damas.laiglesiadelacomunidad.com\/index.php?rest_route=%2Fwp%2Fv2%2Fcomments&post=1562"}],"version-history":[{"count":3,"href":"http:\/\/damas.laiglesiadelacomunidad.com\/index.php?rest_route=\/wp\/v2\/posts\/1562\/revisions"}],"predecessor-version":[{"id":1565,"href":"http:\/\/damas.laiglesiadelacomunidad.com\/index.php?rest_route=\/wp\/v2\/posts\/1562\/revisions\/1565"}],"wp:attachment":[{"href":"http:\/\/damas.laiglesiadelacomunidad.com\/index.php?rest_route=%2Fwp%2Fv2%2Fmedia&parent=1562"}],"wp:term":[{"taxonomy":"category","embeddable":true,"href":"http:\/\/damas.laiglesiadelacomunidad.com\/index.php?rest_route=%2Fwp%2Fv2%2Fcategories&post=1562"},{"taxonomy":"post_tag","embeddable":true,"href":"http:\/\/damas.laiglesiadelacomunidad.com\/index.php?rest_route=%2Fwp%2Fv2%2Ftags&post=1562"}],"curies":[{"name":"wp","href":"https:\/\/api.w.org\/{rel}","templated":true}]}}