{"id":1560,"date":"2013-09-08T00:41:57","date_gmt":"2013-09-08T05:41:57","guid":{"rendered":"http:\/\/damas.laiglesiadelacomunidad.com\/?p=1560"},"modified":"2013-09-08T00:41:57","modified_gmt":"2013-09-08T05:41:57","slug":"proverbios-6","status":"publish","type":"post","link":"http:\/\/damas.laiglesiadelacomunidad.com\/?p=1560","title":{"rendered":"Proverbios"},"content":{"rendered":"<p>El que ama la correcci\u00f3n ama la sabidur\u00eda; el que aborrece la reprensi\u00f3n es ignorante. El Se\u00f1or se agrada del hombre bueno, pero condena al mal intencionado. Hay gente cuyas palabras son pu\u00f1aladas, pero la lengua de los sabios sana las heridas. Los labios veraces permanecen para siempre, pero la lengua mentirosa tiene corta vida. Al Se\u00f1or le repugnan los labios mentirosos; pero le agradan los que dicen la verdad. El justo sabe guiar a su pr\u00f3jimo; el imp\u00edo le hace perder el camino. (Proverbios 12:1, 2, 18, 19, 22, 26 RVC)<\/p>\n","protected":false},"excerpt":{"rendered":"<p>El que ama la correcci\u00f3n ama la sabidur\u00eda; el que aborrece la reprensi\u00f3n es ignorante. El Se\u00f1or se agrada del hombre bueno, pero condena al mal intencionado. Hay gente cuyas palabras son pu\u00f1aladas, pero la lengua de los sabios sana las heridas. Los labios veraces permanecen para siempre, pero la lengua mentirosa tiene corta vida. &hellip; <a href=\"http:\/\/damas.laiglesiadelacomunidad.com\/?p=1560\" class=\"more-link\">Continue reading <span class=\"screen-reader-text\">Proverbios<\/span> <span class=\"meta-nav\">&rarr;<\/span><\/a><\/p>\n","protected":false},"author":2,"featured_media":0,"comment_status":"open","ping_status":"open","sticky":false,"template":"","format":"standard","meta":{"footnotes":""},"categories":[15],"tags":[],"_links":{"self":[{"href":"http:\/\/damas.laiglesiadelacomunidad.com\/index.php?rest_route=\/wp\/v2\/posts\/1560"}],"collection":[{"href":"http:\/\/damas.laiglesiadelacomunidad.com\/index.php?rest_route=\/wp\/v2\/posts"}],"about":[{"href":"http:\/\/damas.laiglesiadelacomunidad.com\/index.php?rest_route=\/wp\/v2\/types\/post"}],"author":[{"embeddable":true,"href":"http:\/\/damas.laiglesiadelacomunidad.com\/index.php?rest_route=\/wp\/v2\/users\/2"}],"replies":[{"embeddable":true,"href":"http:\/\/damas.laiglesiadelacomunidad.com\/index.php?rest_route=%2Fwp%2Fv2%2Fcomments&post=1560"}],"version-history":[{"count":1,"href":"http:\/\/damas.laiglesiadelacomunidad.com\/index.php?rest_route=\/wp\/v2\/posts\/1560\/revisions"}],"predecessor-version":[{"id":1561,"href":"http:\/\/damas.laiglesiadelacomunidad.com\/index.php?rest_route=\/wp\/v2\/posts\/1560\/revisions\/1561"}],"wp:attachment":[{"href":"http:\/\/damas.laiglesiadelacomunidad.com\/index.php?rest_route=%2Fwp%2Fv2%2Fmedia&parent=1560"}],"wp:term":[{"taxonomy":"category","embeddable":true,"href":"http:\/\/damas.laiglesiadelacomunidad.com\/index.php?rest_route=%2Fwp%2Fv2%2Fcategories&post=1560"},{"taxonomy":"post_tag","embeddable":true,"href":"http:\/\/damas.laiglesiadelacomunidad.com\/index.php?rest_route=%2Fwp%2Fv2%2Ftags&post=1560"}],"curies":[{"name":"wp","href":"https:\/\/api.w.org\/{rel}","templated":true}]}}