{"id":1552,"date":"2013-09-05T13:48:37","date_gmt":"2013-09-05T18:48:37","guid":{"rendered":"http:\/\/damas.laiglesiadelacomunidad.com\/?p=1552"},"modified":"2014-03-15T23:12:50","modified_gmt":"2014-03-16T04:12:50","slug":"nueva-rotacion-de-cantantes","status":"publish","type":"post","link":"http:\/\/damas.laiglesiadelacomunidad.com\/?p=1552","title":{"rendered":"Nueva Rotaci\u00f3n de Cantantes"},"content":{"rendered":"<p>A partir de \u00e9ste domingo estrenaremos la nueva rotaci\u00f3n de cantantes y va a ser de la siguiente manera.<\/p>\n<p>1. Jorge y Lizzy<\/p>\n<p>2. Albita y Kari<\/p>\n<p>3. Jackie M. y Jackie C.<\/p>\n<p>Gracias a Dios por darnos voluntarios y oremos para que podamos adorar, honrar y alabar a Dios con todo nuestro coraz\u00f3n, con buena actitud y dar con nuestras vidas un buen ejemplo de sevicio y sumisi\u00f3n a la congregaci\u00f3n.<\/p>\n<p>Parte del servicio de adoraci\u00f3n que prestan los cantates es ayudar a los m\u00fasicos a instalar el equipo y es por eso que pedimos que por favor lleguen a las 4:30pm para ayudar a los m\u00fasicos y asi tener suficiente tiempo para ensayar. Gracias de antemano por su ayuda.<\/p>\n<p>Dios les bendiga;<\/p>\n<p>Jackie C.<\/p>\n","protected":false},"excerpt":{"rendered":"<p>A partir de \u00e9ste domingo estrenaremos la nueva rotaci\u00f3n de cantantes y va a ser de la siguiente manera. 1. Jorge y Lizzy 2. Albita y Kari 3. Jackie M. y Jackie C. Gracias a Dios por darnos voluntarios y oremos para que podamos adorar, honrar y alabar a Dios con todo nuestro coraz\u00f3n, con &hellip; <a href=\"http:\/\/damas.laiglesiadelacomunidad.com\/?p=1552\" class=\"more-link\">Continue reading <span class=\"screen-reader-text\">Nueva Rotaci\u00f3n de Cantantes<\/span> <span class=\"meta-nav\">&rarr;<\/span><\/a><\/p>\n","protected":false},"author":2,"featured_media":0,"comment_status":"open","ping_status":"open","sticky":false,"template":"","format":"gallery","meta":{"footnotes":""},"categories":[1],"tags":[],"_links":{"self":[{"href":"http:\/\/damas.laiglesiadelacomunidad.com\/index.php?rest_route=\/wp\/v2\/posts\/1552"}],"collection":[{"href":"http:\/\/damas.laiglesiadelacomunidad.com\/index.php?rest_route=\/wp\/v2\/posts"}],"about":[{"href":"http:\/\/damas.laiglesiadelacomunidad.com\/index.php?rest_route=\/wp\/v2\/types\/post"}],"author":[{"embeddable":true,"href":"http:\/\/damas.laiglesiadelacomunidad.com\/index.php?rest_route=\/wp\/v2\/users\/2"}],"replies":[{"embeddable":true,"href":"http:\/\/damas.laiglesiadelacomunidad.com\/index.php?rest_route=%2Fwp%2Fv2%2Fcomments&post=1552"}],"version-history":[{"count":3,"href":"http:\/\/damas.laiglesiadelacomunidad.com\/index.php?rest_route=\/wp\/v2\/posts\/1552\/revisions"}],"predecessor-version":[{"id":1555,"href":"http:\/\/damas.laiglesiadelacomunidad.com\/index.php?rest_route=\/wp\/v2\/posts\/1552\/revisions\/1555"}],"wp:attachment":[{"href":"http:\/\/damas.laiglesiadelacomunidad.com\/index.php?rest_route=%2Fwp%2Fv2%2Fmedia&parent=1552"}],"wp:term":[{"taxonomy":"category","embeddable":true,"href":"http:\/\/damas.laiglesiadelacomunidad.com\/index.php?rest_route=%2Fwp%2Fv2%2Fcategories&post=1552"},{"taxonomy":"post_tag","embeddable":true,"href":"http:\/\/damas.laiglesiadelacomunidad.com\/index.php?rest_route=%2Fwp%2Fv2%2Ftags&post=1552"}],"curies":[{"name":"wp","href":"https:\/\/api.w.org\/{rel}","templated":true}]}}