{"id":1550,"date":"2013-09-05T12:08:05","date_gmt":"2013-09-05T17:08:05","guid":{"rendered":"http:\/\/damas.laiglesiadelacomunidad.com\/?p=1550"},"modified":"2013-09-06T01:01:20","modified_gmt":"2013-09-06T06:01:20","slug":"proverbios-3","status":"publish","type":"post","link":"http:\/\/damas.laiglesiadelacomunidad.com\/?p=1550","title":{"rendered":"Proverbios"},"content":{"rendered":"<p>Hijos, esc\u00fachenme bien ahora:\u00a0No se aparten de las razones de mi boca.<\/p>\n<p>As\u00ed no tendr\u00e1s que llorar al final,\u00a0cuando tu carne y tu cuerpo se consuman,<\/p>\n<p>ni dir\u00e1s: \u00ab\u00a1C\u00f3mo pude rechazar los consejos!\u00a0\u00a1C\u00f3mo pudo mi coraz\u00f3n despreciar la reprensi\u00f3n!<\/p>\n<div>\u00a1No o\u00ed la voz de los que me instru\u00edan,\u00a0ni prest\u00e9 o\u00eddo a los que me ense\u00f1aban!<\/div>\n<div>\u00a1Poco me falt\u00f3 para estar del todo mal\u00a0entre la comunidad y la congregaci\u00f3n!\u00bb Proverbios 5:7, 11-14<\/div>\n","protected":false},"excerpt":{"rendered":"<p>Hijos, esc\u00fachenme bien ahora:\u00a0No se aparten de las razones de mi boca. As\u00ed no tendr\u00e1s que llorar al final,\u00a0cuando tu carne y tu cuerpo se consuman, ni dir\u00e1s: \u00ab\u00a1C\u00f3mo pude rechazar los consejos!\u00a0\u00a1C\u00f3mo pudo mi coraz\u00f3n despreciar la reprensi\u00f3n! \u00a1No o\u00ed la voz de los que me instru\u00edan,\u00a0ni prest\u00e9 o\u00eddo a los que me ense\u00f1aban! &hellip; <a href=\"http:\/\/damas.laiglesiadelacomunidad.com\/?p=1550\" class=\"more-link\">Continue reading <span class=\"screen-reader-text\">Proverbios<\/span> <span class=\"meta-nav\">&rarr;<\/span><\/a><\/p>\n","protected":false},"author":2,"featured_media":0,"comment_status":"open","ping_status":"open","sticky":false,"template":"","format":"link","meta":{"footnotes":""},"categories":[15],"tags":[],"_links":{"self":[{"href":"http:\/\/damas.laiglesiadelacomunidad.com\/index.php?rest_route=\/wp\/v2\/posts\/1550"}],"collection":[{"href":"http:\/\/damas.laiglesiadelacomunidad.com\/index.php?rest_route=\/wp\/v2\/posts"}],"about":[{"href":"http:\/\/damas.laiglesiadelacomunidad.com\/index.php?rest_route=\/wp\/v2\/types\/post"}],"author":[{"embeddable":true,"href":"http:\/\/damas.laiglesiadelacomunidad.com\/index.php?rest_route=\/wp\/v2\/users\/2"}],"replies":[{"embeddable":true,"href":"http:\/\/damas.laiglesiadelacomunidad.com\/index.php?rest_route=%2Fwp%2Fv2%2Fcomments&post=1550"}],"version-history":[{"count":1,"href":"http:\/\/damas.laiglesiadelacomunidad.com\/index.php?rest_route=\/wp\/v2\/posts\/1550\/revisions"}],"predecessor-version":[{"id":1551,"href":"http:\/\/damas.laiglesiadelacomunidad.com\/index.php?rest_route=\/wp\/v2\/posts\/1550\/revisions\/1551"}],"wp:attachment":[{"href":"http:\/\/damas.laiglesiadelacomunidad.com\/index.php?rest_route=%2Fwp%2Fv2%2Fmedia&parent=1550"}],"wp:term":[{"taxonomy":"category","embeddable":true,"href":"http:\/\/damas.laiglesiadelacomunidad.com\/index.php?rest_route=%2Fwp%2Fv2%2Fcategories&post=1550"},{"taxonomy":"post_tag","embeddable":true,"href":"http:\/\/damas.laiglesiadelacomunidad.com\/index.php?rest_route=%2Fwp%2Fv2%2Ftags&post=1550"}],"curies":[{"name":"wp","href":"https:\/\/api.w.org\/{rel}","templated":true}]}}