{"id":1538,"date":"2013-09-03T16:22:26","date_gmt":"2013-09-03T21:22:26","guid":{"rendered":"http:\/\/damas.laiglesiadelacomunidad.com\/?p=1538"},"modified":"2014-08-13T14:32:11","modified_gmt":"2014-08-13T19:32:11","slug":"te-adorare-nueva-cancion","status":"publish","type":"post","link":"http:\/\/damas.laiglesiadelacomunidad.com\/?p=1538","title":{"rendered":"Te adorare ( nueva canci\u00f3n)"},"content":{"rendered":"<p>Te Adorare. Esta es la nueva canci\u00f3n que estaremos estrenando muy pronto en la iglesia, gracias a Mauricio Velarde el cantautor de la canci\u00f3n por dejarnos cantarla a\u00fan antes de sacarla en CD. Dios lo siga bendiciendo y llenando con su Esp\u00edritu y sabidur\u00eda.<\/p>\n<p><iframe loading=\"lazy\" src=\"\/\/player.vimeo.com\/video\/72229653\" width=\"604\" height=\"340\" frameborder=\"0\" title=\"Te Adorar&eacute;\" webkitallowfullscreen mozallowfullscreen allowfullscreen><\/iframe><\/p>\n","protected":false},"excerpt":{"rendered":"<p>Te Adorare. Esta es la nueva canci\u00f3n que estaremos estrenando muy pronto en la iglesia, gracias a Mauricio Velarde el cantautor de la canci\u00f3n por dejarnos cantarla a\u00fan antes de sacarla en CD. Dios lo siga bendiciendo y llenando con su Esp\u00edritu y sabidur\u00eda.<\/p>\n","protected":false},"author":2,"featured_media":0,"comment_status":"open","ping_status":"open","sticky":false,"template":"","format":"video","meta":{"footnotes":""},"categories":[21],"tags":[],"_links":{"self":[{"href":"http:\/\/damas.laiglesiadelacomunidad.com\/index.php?rest_route=\/wp\/v2\/posts\/1538"}],"collection":[{"href":"http:\/\/damas.laiglesiadelacomunidad.com\/index.php?rest_route=\/wp\/v2\/posts"}],"about":[{"href":"http:\/\/damas.laiglesiadelacomunidad.com\/index.php?rest_route=\/wp\/v2\/types\/post"}],"author":[{"embeddable":true,"href":"http:\/\/damas.laiglesiadelacomunidad.com\/index.php?rest_route=\/wp\/v2\/users\/2"}],"replies":[{"embeddable":true,"href":"http:\/\/damas.laiglesiadelacomunidad.com\/index.php?rest_route=%2Fwp%2Fv2%2Fcomments&post=1538"}],"version-history":[{"count":1,"href":"http:\/\/damas.laiglesiadelacomunidad.com\/index.php?rest_route=\/wp\/v2\/posts\/1538\/revisions"}],"predecessor-version":[{"id":1539,"href":"http:\/\/damas.laiglesiadelacomunidad.com\/index.php?rest_route=\/wp\/v2\/posts\/1538\/revisions\/1539"}],"wp:attachment":[{"href":"http:\/\/damas.laiglesiadelacomunidad.com\/index.php?rest_route=%2Fwp%2Fv2%2Fmedia&parent=1538"}],"wp:term":[{"taxonomy":"category","embeddable":true,"href":"http:\/\/damas.laiglesiadelacomunidad.com\/index.php?rest_route=%2Fwp%2Fv2%2Fcategories&post=1538"},{"taxonomy":"post_tag","embeddable":true,"href":"http:\/\/damas.laiglesiadelacomunidad.com\/index.php?rest_route=%2Fwp%2Fv2%2Ftags&post=1538"}],"curies":[{"name":"wp","href":"https:\/\/api.w.org\/{rel}","templated":true}]}}