{"id":1532,"date":"2013-09-03T12:00:21","date_gmt":"2013-09-03T17:00:21","guid":{"rendered":"http:\/\/damas.laiglesiadelacomunidad.com\/?p=1532"},"modified":"2013-09-03T12:00:21","modified_gmt":"2013-09-03T17:00:21","slug":"versiculo-para-meditar-13","status":"publish","type":"post","link":"http:\/\/damas.laiglesiadelacomunidad.com\/?p=1532","title":{"rendered":"Vers\u00edculo para meditar"},"content":{"rendered":"<p>Los que aborrecen al Se\u00f1or Le fingir\u00edan obediencia, Y el tiempo de su castigo ser\u00eda para siempre.<\/p>\n<p>http:\/\/bible.com\/103\/psa.81.15.nblh<\/p>\n","protected":false},"excerpt":{"rendered":"<p>Los que aborrecen al Se\u00f1or Le fingir\u00edan obediencia, Y el tiempo de su castigo ser\u00eda para siempre. http:\/\/bible.com\/103\/psa.81.15.nblh<\/p>\n","protected":false},"author":2,"featured_media":0,"comment_status":"open","ping_status":"open","sticky":false,"template":"","format":"standard","meta":{"footnotes":""},"categories":[5],"tags":[],"_links":{"self":[{"href":"http:\/\/damas.laiglesiadelacomunidad.com\/index.php?rest_route=\/wp\/v2\/posts\/1532"}],"collection":[{"href":"http:\/\/damas.laiglesiadelacomunidad.com\/index.php?rest_route=\/wp\/v2\/posts"}],"about":[{"href":"http:\/\/damas.laiglesiadelacomunidad.com\/index.php?rest_route=\/wp\/v2\/types\/post"}],"author":[{"embeddable":true,"href":"http:\/\/damas.laiglesiadelacomunidad.com\/index.php?rest_route=\/wp\/v2\/users\/2"}],"replies":[{"embeddable":true,"href":"http:\/\/damas.laiglesiadelacomunidad.com\/index.php?rest_route=%2Fwp%2Fv2%2Fcomments&post=1532"}],"version-history":[{"count":1,"href":"http:\/\/damas.laiglesiadelacomunidad.com\/index.php?rest_route=\/wp\/v2\/posts\/1532\/revisions"}],"predecessor-version":[{"id":1533,"href":"http:\/\/damas.laiglesiadelacomunidad.com\/index.php?rest_route=\/wp\/v2\/posts\/1532\/revisions\/1533"}],"wp:attachment":[{"href":"http:\/\/damas.laiglesiadelacomunidad.com\/index.php?rest_route=%2Fwp%2Fv2%2Fmedia&parent=1532"}],"wp:term":[{"taxonomy":"category","embeddable":true,"href":"http:\/\/damas.laiglesiadelacomunidad.com\/index.php?rest_route=%2Fwp%2Fv2%2Fcategories&post=1532"},{"taxonomy":"post_tag","embeddable":true,"href":"http:\/\/damas.laiglesiadelacomunidad.com\/index.php?rest_route=%2Fwp%2Fv2%2Ftags&post=1532"}],"curies":[{"name":"wp","href":"https:\/\/api.w.org\/{rel}","templated":true}]}}