{"id":15190,"date":"2020-03-03T12:26:40","date_gmt":"2020-03-03T18:26:40","guid":{"rendered":"http:\/\/damas.laiglesiadelacomunidad.com\/?p=15190"},"modified":"2020-03-03T12:26:41","modified_gmt":"2020-03-03T18:26:41","slug":"miercoles-de-ayuno-y-oracion-144","status":"publish","type":"post","link":"http:\/\/damas.laiglesiadelacomunidad.com\/?p=15190","title":{"rendered":"Mi\u00e9rcoles de Ayuno y Oraci\u00f3n"},"content":{"rendered":"<p>Esta es la lista de oraci\u00f3n y ayuno para ma\u00f1ana, les pido que oren por esta obra que Dios nos guarde de demonios que quieran causar da\u00f1o y env\u00ede un ej\u00e9rcito de \u00c1ngeles a protegernos. Nos libre del mal &#x1f64f;&#x1f3fb; que sigamos haciendo el trabajo por el cual fuimos escogidos y seamos fieles a nuestro Dios.<\/p>\n<p>Si tienen una oraci\u00f3n por la cual quieren que ayunemos y oremos ma\u00f1ana por favor h\u00e1ganmelo saber. &#x1f618;\ufffc<\/p>\n<p><img decoding=\"async\" src=\"file:\/\/\/var\/mobile\/Containers\/Data\/Application\/82EC1171-FB8F-4A1F-9B4E-1BCA4D6067DD\/Library\/Caches\/Media\/thumbnail-p62-2688x2688.jpeg\" class=\"size-full\" data-wp_upload_id=\"x-coredata:\/\/4427D884-3A44-4D28-A48D-DC988CE9E73F\/Media\/p62\"><\/p>\n","protected":false},"excerpt":{"rendered":"<p>Esta es la lista de oraci\u00f3n y ayuno para ma\u00f1ana, les pido que oren por esta obra que Dios nos guarde de demonios que quieran causar da\u00f1o y env\u00ede un ej\u00e9rcito de \u00c1ngeles a protegernos. Nos libre del mal &#x1f64f;&#x1f3fb; que sigamos haciendo el trabajo por el cual fuimos escogidos y seamos fieles a nuestro &hellip; <a href=\"http:\/\/damas.laiglesiadelacomunidad.com\/?p=15190\" class=\"more-link\">Continue reading <span class=\"screen-reader-text\">Mi\u00e9rcoles de Ayuno y Oraci\u00f3n<\/span> <span class=\"meta-nav\">&rarr;<\/span><\/a><\/p>\n","protected":false},"author":2,"featured_media":0,"comment_status":"open","ping_status":"open","sticky":false,"template":"","format":"standard","meta":{"footnotes":""},"categories":[20],"tags":[],"_links":{"self":[{"href":"http:\/\/damas.laiglesiadelacomunidad.com\/index.php?rest_route=\/wp\/v2\/posts\/15190"}],"collection":[{"href":"http:\/\/damas.laiglesiadelacomunidad.com\/index.php?rest_route=\/wp\/v2\/posts"}],"about":[{"href":"http:\/\/damas.laiglesiadelacomunidad.com\/index.php?rest_route=\/wp\/v2\/types\/post"}],"author":[{"embeddable":true,"href":"http:\/\/damas.laiglesiadelacomunidad.com\/index.php?rest_route=\/wp\/v2\/users\/2"}],"replies":[{"embeddable":true,"href":"http:\/\/damas.laiglesiadelacomunidad.com\/index.php?rest_route=%2Fwp%2Fv2%2Fcomments&post=15190"}],"version-history":[{"count":1,"href":"http:\/\/damas.laiglesiadelacomunidad.com\/index.php?rest_route=\/wp\/v2\/posts\/15190\/revisions"}],"predecessor-version":[{"id":15191,"href":"http:\/\/damas.laiglesiadelacomunidad.com\/index.php?rest_route=\/wp\/v2\/posts\/15190\/revisions\/15191"}],"wp:attachment":[{"href":"http:\/\/damas.laiglesiadelacomunidad.com\/index.php?rest_route=%2Fwp%2Fv2%2Fmedia&parent=15190"}],"wp:term":[{"taxonomy":"category","embeddable":true,"href":"http:\/\/damas.laiglesiadelacomunidad.com\/index.php?rest_route=%2Fwp%2Fv2%2Fcategories&post=15190"},{"taxonomy":"post_tag","embeddable":true,"href":"http:\/\/damas.laiglesiadelacomunidad.com\/index.php?rest_route=%2Fwp%2Fv2%2Ftags&post=15190"}],"curies":[{"name":"wp","href":"https:\/\/api.w.org\/{rel}","templated":true}]}}