{"id":15158,"date":"2019-12-01T19:30:25","date_gmt":"2019-12-02T07:30:25","guid":{"rendered":"http:\/\/damas.laiglesiadelacomunidad.com\/?p=15158"},"modified":"2019-12-02T01:30:25","modified_gmt":"2019-12-02T07:30:25","slug":"reunion-domingo-1ro-de-dic-del-2019","status":"publish","type":"post","link":"http:\/\/damas.laiglesiadelacomunidad.com\/?p=15158","title":{"rendered":"Reuni\u00f3n domingo 1ro de Dic. Del 2019"},"content":{"rendered":"<p>Gracias Se\u00f1or por la linda noche que nos diste y por la rica cena de acci\u00f3n de gracias.<\/p>\n<p>\u00a1Feliz cumplea\u00f1os Yessenia!<\/p>\n<p><img loading=\"lazy\" decoding=\"async\" src=\"http:\/\/damas.laiglesiadelacomunidad.com\/wp-content\/uploads\/2019\/12\/img_4437-scaled.jpg\" class=\"size-full wp-image-15147\" width=\"1920\" height=\"2560\" srcset=\"http:\/\/damas.laiglesiadelacomunidad.com\/wp-content\/uploads\/2019\/12\/img_4437-scaled.jpg 1920w, http:\/\/damas.laiglesiadelacomunidad.com\/wp-content\/uploads\/2019\/12\/img_4437-225x300.jpg 225w, http:\/\/damas.laiglesiadelacomunidad.com\/wp-content\/uploads\/2019\/12\/img_4437-768x1024.jpg 768w, http:\/\/damas.laiglesiadelacomunidad.com\/wp-content\/uploads\/2019\/12\/img_4437-1152x1536.jpg 1152w, http:\/\/damas.laiglesiadelacomunidad.com\/wp-content\/uploads\/2019\/12\/img_4437-1536x2048.jpg 1536w\" sizes=\"(max-width: 1920px) 100vw, 1920px\" \/><img loading=\"lazy\" decoding=\"async\" src=\"http:\/\/damas.laiglesiadelacomunidad.com\/wp-content\/uploads\/2019\/12\/img_4403-scaled.jpg\" class=\"size-full wp-image-15148\" width=\"2560\" height=\"1920\" srcset=\"http:\/\/damas.laiglesiadelacomunidad.com\/wp-content\/uploads\/2019\/12\/img_4403-scaled.jpg 2560w, http:\/\/damas.laiglesiadelacomunidad.com\/wp-content\/uploads\/2019\/12\/img_4403-300x225.jpg 300w, http:\/\/damas.laiglesiadelacomunidad.com\/wp-content\/uploads\/2019\/12\/img_4403-1024x768.jpg 1024w, http:\/\/damas.laiglesiadelacomunidad.com\/wp-content\/uploads\/2019\/12\/img_4403-768x576.jpg 768w, http:\/\/damas.laiglesiadelacomunidad.com\/wp-content\/uploads\/2019\/12\/img_4403-1536x1152.jpg 1536w, http:\/\/damas.laiglesiadelacomunidad.com\/wp-content\/uploads\/2019\/12\/img_4403-2048x1536.jpg 2048w\" sizes=\"(max-width: 2560px) 100vw, 2560px\" \/><img loading=\"lazy\" decoding=\"async\" src=\"http:\/\/damas.laiglesiadelacomunidad.com\/wp-content\/uploads\/2019\/12\/img_4411-scaled.jpg\" class=\"size-full wp-image-15149\" width=\"2560\" height=\"1920\" srcset=\"http:\/\/damas.laiglesiadelacomunidad.com\/wp-content\/uploads\/2019\/12\/img_4411-scaled.jpg 2560w, http:\/\/damas.laiglesiadelacomunidad.com\/wp-content\/uploads\/2019\/12\/img_4411-300x225.jpg 300w, http:\/\/damas.laiglesiadelacomunidad.com\/wp-content\/uploads\/2019\/12\/img_4411-1024x768.jpg 1024w, http:\/\/damas.laiglesiadelacomunidad.com\/wp-content\/uploads\/2019\/12\/img_4411-768x576.jpg 768w, http:\/\/damas.laiglesiadelacomunidad.com\/wp-content\/uploads\/2019\/12\/img_4411-1536x1152.jpg 1536w, http:\/\/damas.laiglesiadelacomunidad.com\/wp-content\/uploads\/2019\/12\/img_4411-2048x1536.jpg 2048w\" sizes=\"(max-width: 2560px) 100vw, 2560px\" \/><img loading=\"lazy\" decoding=\"async\" src=\"http:\/\/damas.laiglesiadelacomunidad.com\/wp-content\/uploads\/2019\/12\/img_4415-scaled.jpg\" class=\"size-full wp-image-15150\" width=\"2560\" height=\"1920\" srcset=\"http:\/\/damas.laiglesiadelacomunidad.com\/wp-content\/uploads\/2019\/12\/img_4415-scaled.jpg 2560w, http:\/\/damas.laiglesiadelacomunidad.com\/wp-content\/uploads\/2019\/12\/img_4415-300x225.jpg 300w, http:\/\/damas.laiglesiadelacomunidad.com\/wp-content\/uploads\/2019\/12\/img_4415-1024x768.jpg 1024w, http:\/\/damas.laiglesiadelacomunidad.com\/wp-content\/uploads\/2019\/12\/img_4415-768x576.jpg 768w, http:\/\/damas.laiglesiadelacomunidad.com\/wp-content\/uploads\/2019\/12\/img_4415-1536x1152.jpg 1536w, http:\/\/damas.laiglesiadelacomunidad.com\/wp-content\/uploads\/2019\/12\/img_4415-2048x1536.jpg 2048w\" sizes=\"(max-width: 2560px) 100vw, 2560px\" \/><img loading=\"lazy\" decoding=\"async\" src=\"http:\/\/damas.laiglesiadelacomunidad.com\/wp-content\/uploads\/2019\/12\/img_4428-scaled.jpg\" class=\"size-full wp-image-15151\" width=\"2560\" height=\"1920\" srcset=\"http:\/\/damas.laiglesiadelacomunidad.com\/wp-content\/uploads\/2019\/12\/img_4428-scaled.jpg 2560w, http:\/\/damas.laiglesiadelacomunidad.com\/wp-content\/uploads\/2019\/12\/img_4428-300x225.jpg 300w, http:\/\/damas.laiglesiadelacomunidad.com\/wp-content\/uploads\/2019\/12\/img_4428-1024x768.jpg 1024w, http:\/\/damas.laiglesiadelacomunidad.com\/wp-content\/uploads\/2019\/12\/img_4428-768x576.jpg 768w, http:\/\/damas.laiglesiadelacomunidad.com\/wp-content\/uploads\/2019\/12\/img_4428-1536x1152.jpg 1536w, http:\/\/damas.laiglesiadelacomunidad.com\/wp-content\/uploads\/2019\/12\/img_4428-2048x1536.jpg 2048w\" sizes=\"(max-width: 2560px) 100vw, 2560px\" \/><img loading=\"lazy\" decoding=\"async\" src=\"http:\/\/damas.laiglesiadelacomunidad.com\/wp-content\/uploads\/2019\/12\/img_4424-scaled.jpg\" class=\"size-full wp-image-15152\" width=\"2560\" height=\"1920\" srcset=\"http:\/\/damas.laiglesiadelacomunidad.com\/wp-content\/uploads\/2019\/12\/img_4424-scaled.jpg 2560w, http:\/\/damas.laiglesiadelacomunidad.com\/wp-content\/uploads\/2019\/12\/img_4424-300x225.jpg 300w, http:\/\/damas.laiglesiadelacomunidad.com\/wp-content\/uploads\/2019\/12\/img_4424-1024x768.jpg 1024w, http:\/\/damas.laiglesiadelacomunidad.com\/wp-content\/uploads\/2019\/12\/img_4424-768x576.jpg 768w, http:\/\/damas.laiglesiadelacomunidad.com\/wp-content\/uploads\/2019\/12\/img_4424-1536x1152.jpg 1536w, http:\/\/damas.laiglesiadelacomunidad.com\/wp-content\/uploads\/2019\/12\/img_4424-2048x1536.jpg 2048w\" sizes=\"(max-width: 2560px) 100vw, 2560px\" \/><img loading=\"lazy\" decoding=\"async\" src=\"http:\/\/damas.laiglesiadelacomunidad.com\/wp-content\/uploads\/2019\/12\/img_4397-scaled.jpg\" class=\"size-full wp-image-15153\" width=\"2560\" height=\"1920\" srcset=\"http:\/\/damas.laiglesiadelacomunidad.com\/wp-content\/uploads\/2019\/12\/img_4397-scaled.jpg 2560w, http:\/\/damas.laiglesiadelacomunidad.com\/wp-content\/uploads\/2019\/12\/img_4397-300x225.jpg 300w, http:\/\/damas.laiglesiadelacomunidad.com\/wp-content\/uploads\/2019\/12\/img_4397-1024x768.jpg 1024w, http:\/\/damas.laiglesiadelacomunidad.com\/wp-content\/uploads\/2019\/12\/img_4397-768x576.jpg 768w, http:\/\/damas.laiglesiadelacomunidad.com\/wp-content\/uploads\/2019\/12\/img_4397-1536x1152.jpg 1536w, http:\/\/damas.laiglesiadelacomunidad.com\/wp-content\/uploads\/2019\/12\/img_4397-2048x1536.jpg 2048w\" sizes=\"(max-width: 2560px) 100vw, 2560px\" \/><img loading=\"lazy\" decoding=\"async\" src=\"http:\/\/damas.laiglesiadelacomunidad.com\/wp-content\/uploads\/2019\/12\/img_4387-scaled.jpg\" class=\"size-full wp-image-15154\" width=\"2560\" height=\"1920\" srcset=\"http:\/\/damas.laiglesiadelacomunidad.com\/wp-content\/uploads\/2019\/12\/img_4387-scaled.jpg 2560w, http:\/\/damas.laiglesiadelacomunidad.com\/wp-content\/uploads\/2019\/12\/img_4387-300x225.jpg 300w, http:\/\/damas.laiglesiadelacomunidad.com\/wp-content\/uploads\/2019\/12\/img_4387-1024x768.jpg 1024w, http:\/\/damas.laiglesiadelacomunidad.com\/wp-content\/uploads\/2019\/12\/img_4387-768x576.jpg 768w, http:\/\/damas.laiglesiadelacomunidad.com\/wp-content\/uploads\/2019\/12\/img_4387-1536x1152.jpg 1536w, http:\/\/damas.laiglesiadelacomunidad.com\/wp-content\/uploads\/2019\/12\/img_4387-2048x1536.jpg 2048w\" sizes=\"(max-width: 2560px) 100vw, 2560px\" \/><img loading=\"lazy\" decoding=\"async\" src=\"http:\/\/damas.laiglesiadelacomunidad.com\/wp-content\/uploads\/2019\/12\/img_4388-scaled.jpg\" class=\"size-full wp-image-15155\" width=\"2560\" height=\"1920\" srcset=\"http:\/\/damas.laiglesiadelacomunidad.com\/wp-content\/uploads\/2019\/12\/img_4388-scaled.jpg 2560w, http:\/\/damas.laiglesiadelacomunidad.com\/wp-content\/uploads\/2019\/12\/img_4388-300x225.jpg 300w, http:\/\/damas.laiglesiadelacomunidad.com\/wp-content\/uploads\/2019\/12\/img_4388-1024x768.jpg 1024w, http:\/\/damas.laiglesiadelacomunidad.com\/wp-content\/uploads\/2019\/12\/img_4388-768x576.jpg 768w, http:\/\/damas.laiglesiadelacomunidad.com\/wp-content\/uploads\/2019\/12\/img_4388-1536x1152.jpg 1536w, http:\/\/damas.laiglesiadelacomunidad.com\/wp-content\/uploads\/2019\/12\/img_4388-2048x1536.jpg 2048w\" sizes=\"(max-width: 2560px) 100vw, 2560px\" \/><img loading=\"lazy\" decoding=\"async\" src=\"http:\/\/damas.laiglesiadelacomunidad.com\/wp-content\/uploads\/2019\/12\/img_4423-scaled.jpg\" class=\"size-full wp-image-15156\" width=\"2560\" height=\"1920\" srcset=\"http:\/\/damas.laiglesiadelacomunidad.com\/wp-content\/uploads\/2019\/12\/img_4423-scaled.jpg 2560w, http:\/\/damas.laiglesiadelacomunidad.com\/wp-content\/uploads\/2019\/12\/img_4423-300x225.jpg 300w, http:\/\/damas.laiglesiadelacomunidad.com\/wp-content\/uploads\/2019\/12\/img_4423-1024x768.jpg 1024w, http:\/\/damas.laiglesiadelacomunidad.com\/wp-content\/uploads\/2019\/12\/img_4423-768x576.jpg 768w, http:\/\/damas.laiglesiadelacomunidad.com\/wp-content\/uploads\/2019\/12\/img_4423-1536x1152.jpg 1536w, http:\/\/damas.laiglesiadelacomunidad.com\/wp-content\/uploads\/2019\/12\/img_4423-2048x1536.jpg 2048w\" sizes=\"(max-width: 2560px) 100vw, 2560px\" \/><img loading=\"lazy\" decoding=\"async\" src=\"http:\/\/damas.laiglesiadelacomunidad.com\/wp-content\/uploads\/2019\/12\/img_4422-scaled.jpg\" class=\"size-full wp-image-15157\" width=\"2560\" height=\"1920\" srcset=\"http:\/\/damas.laiglesiadelacomunidad.com\/wp-content\/uploads\/2019\/12\/img_4422-scaled.jpg 2560w, http:\/\/damas.laiglesiadelacomunidad.com\/wp-content\/uploads\/2019\/12\/img_4422-300x225.jpg 300w, http:\/\/damas.laiglesiadelacomunidad.com\/wp-content\/uploads\/2019\/12\/img_4422-1024x768.jpg 1024w, http:\/\/damas.laiglesiadelacomunidad.com\/wp-content\/uploads\/2019\/12\/img_4422-768x576.jpg 768w, http:\/\/damas.laiglesiadelacomunidad.com\/wp-content\/uploads\/2019\/12\/img_4422-1536x1152.jpg 1536w, http:\/\/damas.laiglesiadelacomunidad.com\/wp-content\/uploads\/2019\/12\/img_4422-2048x1536.jpg 2048w\" sizes=\"(max-width: 2560px) 100vw, 2560px\" \/><\/p>\n","protected":false},"excerpt":{"rendered":"<p>Gracias Se\u00f1or por la linda noche que nos diste y por la rica cena de acci\u00f3n de gracias. \u00a1Feliz cumplea\u00f1os Yessenia!<\/p>\n","protected":false},"author":2,"featured_media":0,"comment_status":"open","ping_status":"open","sticky":false,"template":"","format":"gallery","meta":{"footnotes":""},"categories":[7],"tags":[],"_links":{"self":[{"href":"http:\/\/damas.laiglesiadelacomunidad.com\/index.php?rest_route=\/wp\/v2\/posts\/15158"}],"collection":[{"href":"http:\/\/damas.laiglesiadelacomunidad.com\/index.php?rest_route=\/wp\/v2\/posts"}],"about":[{"href":"http:\/\/damas.laiglesiadelacomunidad.com\/index.php?rest_route=\/wp\/v2\/types\/post"}],"author":[{"embeddable":true,"href":"http:\/\/damas.laiglesiadelacomunidad.com\/index.php?rest_route=\/wp\/v2\/users\/2"}],"replies":[{"embeddable":true,"href":"http:\/\/damas.laiglesiadelacomunidad.com\/index.php?rest_route=%2Fwp%2Fv2%2Fcomments&post=15158"}],"version-history":[{"count":1,"href":"http:\/\/damas.laiglesiadelacomunidad.com\/index.php?rest_route=\/wp\/v2\/posts\/15158\/revisions"}],"predecessor-version":[{"id":15159,"href":"http:\/\/damas.laiglesiadelacomunidad.com\/index.php?rest_route=\/wp\/v2\/posts\/15158\/revisions\/15159"}],"wp:attachment":[{"href":"http:\/\/damas.laiglesiadelacomunidad.com\/index.php?rest_route=%2Fwp%2Fv2%2Fmedia&parent=15158"}],"wp:term":[{"taxonomy":"category","embeddable":true,"href":"http:\/\/damas.laiglesiadelacomunidad.com\/index.php?rest_route=%2Fwp%2Fv2%2Fcategories&post=15158"},{"taxonomy":"post_tag","embeddable":true,"href":"http:\/\/damas.laiglesiadelacomunidad.com\/index.php?rest_route=%2Fwp%2Fv2%2Ftags&post=15158"}],"curies":[{"name":"wp","href":"https:\/\/api.w.org\/{rel}","templated":true}]}}