{"id":15143,"date":"2019-11-25T13:29:34","date_gmt":"2019-11-26T01:29:34","guid":{"rendered":"http:\/\/damas.laiglesiadelacomunidad.com\/?p=15143"},"modified":"2019-11-25T19:29:41","modified_gmt":"2019-11-26T01:29:41","slug":"reunion-24-de-nov-del-2019","status":"publish","type":"post","link":"http:\/\/damas.laiglesiadelacomunidad.com\/?p=15143","title":{"rendered":"Reuni\u00f3n 24 de Nov. del 2019"},"content":{"rendered":"<p>Gracias Padre por otro gran d\u00eda de adoraci\u00f3n<\/p>\n<p><img loading=\"lazy\" decoding=\"async\" src=\"http:\/\/damas.laiglesiadelacomunidad.com\/wp-content\/uploads\/2019\/11\/img_3542-1-scaled.jpg\" class=\"size-full wp-image-15136\" width=\"2560\" height=\"1920\" srcset=\"http:\/\/damas.laiglesiadelacomunidad.com\/wp-content\/uploads\/2019\/11\/img_3542-1-scaled.jpg 2560w, http:\/\/damas.laiglesiadelacomunidad.com\/wp-content\/uploads\/2019\/11\/img_3542-1-300x225.jpg 300w, http:\/\/damas.laiglesiadelacomunidad.com\/wp-content\/uploads\/2019\/11\/img_3542-1-1024x768.jpg 1024w, http:\/\/damas.laiglesiadelacomunidad.com\/wp-content\/uploads\/2019\/11\/img_3542-1-768x576.jpg 768w, http:\/\/damas.laiglesiadelacomunidad.com\/wp-content\/uploads\/2019\/11\/img_3542-1-1536x1152.jpg 1536w, http:\/\/damas.laiglesiadelacomunidad.com\/wp-content\/uploads\/2019\/11\/img_3542-1-2048x1536.jpg 2048w\" sizes=\"(max-width: 2560px) 100vw, 2560px\" \/><img loading=\"lazy\" decoding=\"async\" src=\"http:\/\/damas.laiglesiadelacomunidad.com\/wp-content\/uploads\/2019\/11\/08d7f796-f3a0-45f9-8512-7151d34a2b4f-1.jpg\" class=\"size-full wp-image-15135\" width=\"1600\" height=\"1200\" srcset=\"http:\/\/damas.laiglesiadelacomunidad.com\/wp-content\/uploads\/2019\/11\/08d7f796-f3a0-45f9-8512-7151d34a2b4f-1.jpg 1600w, http:\/\/damas.laiglesiadelacomunidad.com\/wp-content\/uploads\/2019\/11\/08d7f796-f3a0-45f9-8512-7151d34a2b4f-1-300x225.jpg 300w, http:\/\/damas.laiglesiadelacomunidad.com\/wp-content\/uploads\/2019\/11\/08d7f796-f3a0-45f9-8512-7151d34a2b4f-1-1024x768.jpg 1024w, http:\/\/damas.laiglesiadelacomunidad.com\/wp-content\/uploads\/2019\/11\/08d7f796-f3a0-45f9-8512-7151d34a2b4f-1-768x576.jpg 768w, http:\/\/damas.laiglesiadelacomunidad.com\/wp-content\/uploads\/2019\/11\/08d7f796-f3a0-45f9-8512-7151d34a2b4f-1-1536x1152.jpg 1536w\" sizes=\"(max-width: 1600px) 100vw, 1600px\" \/><img loading=\"lazy\" decoding=\"async\" src=\"http:\/\/damas.laiglesiadelacomunidad.com\/wp-content\/uploads\/2019\/11\/img_3540-scaled.jpg\" class=\"size-full wp-image-15137\" width=\"2560\" height=\"1920\" srcset=\"http:\/\/damas.laiglesiadelacomunidad.com\/wp-content\/uploads\/2019\/11\/img_3540-scaled.jpg 2560w, http:\/\/damas.laiglesiadelacomunidad.com\/wp-content\/uploads\/2019\/11\/img_3540-300x225.jpg 300w, http:\/\/damas.laiglesiadelacomunidad.com\/wp-content\/uploads\/2019\/11\/img_3540-1024x768.jpg 1024w, http:\/\/damas.laiglesiadelacomunidad.com\/wp-content\/uploads\/2019\/11\/img_3540-768x576.jpg 768w, http:\/\/damas.laiglesiadelacomunidad.com\/wp-content\/uploads\/2019\/11\/img_3540-1536x1152.jpg 1536w, http:\/\/damas.laiglesiadelacomunidad.com\/wp-content\/uploads\/2019\/11\/img_3540-2048x1536.jpg 2048w\" sizes=\"(max-width: 2560px) 100vw, 2560px\" \/><img loading=\"lazy\" decoding=\"async\" src=\"http:\/\/damas.laiglesiadelacomunidad.com\/wp-content\/uploads\/2019\/11\/img_3532-1-scaled.jpg\" class=\"size-full wp-image-15138\" width=\"2560\" height=\"1920\" srcset=\"http:\/\/damas.laiglesiadelacomunidad.com\/wp-content\/uploads\/2019\/11\/img_3532-1-scaled.jpg 2560w, http:\/\/damas.laiglesiadelacomunidad.com\/wp-content\/uploads\/2019\/11\/img_3532-1-300x225.jpg 300w, http:\/\/damas.laiglesiadelacomunidad.com\/wp-content\/uploads\/2019\/11\/img_3532-1-1024x768.jpg 1024w, http:\/\/damas.laiglesiadelacomunidad.com\/wp-content\/uploads\/2019\/11\/img_3532-1-768x576.jpg 768w, http:\/\/damas.laiglesiadelacomunidad.com\/wp-content\/uploads\/2019\/11\/img_3532-1-1536x1152.jpg 1536w, http:\/\/damas.laiglesiadelacomunidad.com\/wp-content\/uploads\/2019\/11\/img_3532-1-2048x1536.jpg 2048w\" sizes=\"(max-width: 2560px) 100vw, 2560px\" \/><\/p>\n","protected":false},"excerpt":{"rendered":"<p>Gracias Padre por otro gran d\u00eda de adoraci\u00f3n<\/p>\n","protected":false},"author":2,"featured_media":0,"comment_status":"open","ping_status":"open","sticky":false,"template":"","format":"gallery","meta":{"footnotes":""},"categories":[7],"tags":[],"_links":{"self":[{"href":"http:\/\/damas.laiglesiadelacomunidad.com\/index.php?rest_route=\/wp\/v2\/posts\/15143"}],"collection":[{"href":"http:\/\/damas.laiglesiadelacomunidad.com\/index.php?rest_route=\/wp\/v2\/posts"}],"about":[{"href":"http:\/\/damas.laiglesiadelacomunidad.com\/index.php?rest_route=\/wp\/v2\/types\/post"}],"author":[{"embeddable":true,"href":"http:\/\/damas.laiglesiadelacomunidad.com\/index.php?rest_route=\/wp\/v2\/users\/2"}],"replies":[{"embeddable":true,"href":"http:\/\/damas.laiglesiadelacomunidad.com\/index.php?rest_route=%2Fwp%2Fv2%2Fcomments&post=15143"}],"version-history":[{"count":1,"href":"http:\/\/damas.laiglesiadelacomunidad.com\/index.php?rest_route=\/wp\/v2\/posts\/15143\/revisions"}],"predecessor-version":[{"id":15144,"href":"http:\/\/damas.laiglesiadelacomunidad.com\/index.php?rest_route=\/wp\/v2\/posts\/15143\/revisions\/15144"}],"wp:attachment":[{"href":"http:\/\/damas.laiglesiadelacomunidad.com\/index.php?rest_route=%2Fwp%2Fv2%2Fmedia&parent=15143"}],"wp:term":[{"taxonomy":"category","embeddable":true,"href":"http:\/\/damas.laiglesiadelacomunidad.com\/index.php?rest_route=%2Fwp%2Fv2%2Fcategories&post=15143"},{"taxonomy":"post_tag","embeddable":true,"href":"http:\/\/damas.laiglesiadelacomunidad.com\/index.php?rest_route=%2Fwp%2Fv2%2Ftags&post=15143"}],"curies":[{"name":"wp","href":"https:\/\/api.w.org\/{rel}","templated":true}]}}