{"id":15131,"date":"2019-11-17T16:37:45","date_gmt":"2019-11-18T04:37:45","guid":{"rendered":"http:\/\/damas.laiglesiadelacomunidad.com\/?p=15131"},"modified":"2019-11-17T22:37:46","modified_gmt":"2019-11-18T04:37:46","slug":"reunion-domingo-17-de-nov-del-2019","status":"publish","type":"post","link":"http:\/\/damas.laiglesiadelacomunidad.com\/?p=15131","title":{"rendered":"Reuni\u00f3n domingo 17 de Nov. del 2019"},"content":{"rendered":"<p>Gracias Padre Celestial por c\u00f3mo obras en nosotros cada d\u00eda, gracias por darnos el privilegio de adorarte y de recibir un mensaje de Tu Palabra. Perm\u00edtenos acercarnos m\u00e1s a T\u00ed y ser m\u00e1s y m\u00e1s como tu hijo.<\/p>\n<p><img loading=\"lazy\" decoding=\"async\" src=\"http:\/\/damas.laiglesiadelacomunidad.com\/wp-content\/uploads\/2019\/11\/54dfc1da-cc26-46fc-9470-24215f096031.jpg\" class=\"size-full wp-image-15126\" width=\"1600\" height=\"1200\" srcset=\"http:\/\/damas.laiglesiadelacomunidad.com\/wp-content\/uploads\/2019\/11\/54dfc1da-cc26-46fc-9470-24215f096031.jpg 1600w, http:\/\/damas.laiglesiadelacomunidad.com\/wp-content\/uploads\/2019\/11\/54dfc1da-cc26-46fc-9470-24215f096031-300x225.jpg 300w, http:\/\/damas.laiglesiadelacomunidad.com\/wp-content\/uploads\/2019\/11\/54dfc1da-cc26-46fc-9470-24215f096031-1024x768.jpg 1024w, http:\/\/damas.laiglesiadelacomunidad.com\/wp-content\/uploads\/2019\/11\/54dfc1da-cc26-46fc-9470-24215f096031-768x576.jpg 768w, http:\/\/damas.laiglesiadelacomunidad.com\/wp-content\/uploads\/2019\/11\/54dfc1da-cc26-46fc-9470-24215f096031-1536x1152.jpg 1536w\" sizes=\"(max-width: 1600px) 100vw, 1600px\" \/><img loading=\"lazy\" decoding=\"async\" src=\"http:\/\/damas.laiglesiadelacomunidad.com\/wp-content\/uploads\/2019\/11\/04b4d73b-3703-4927-9020-400ba546af9a.jpg\" class=\"size-full wp-image-15125\" width=\"1024\" height=\"768\" srcset=\"http:\/\/damas.laiglesiadelacomunidad.com\/wp-content\/uploads\/2019\/11\/04b4d73b-3703-4927-9020-400ba546af9a.jpg 1024w, http:\/\/damas.laiglesiadelacomunidad.com\/wp-content\/uploads\/2019\/11\/04b4d73b-3703-4927-9020-400ba546af9a-300x225.jpg 300w, http:\/\/damas.laiglesiadelacomunidad.com\/wp-content\/uploads\/2019\/11\/04b4d73b-3703-4927-9020-400ba546af9a-768x576.jpg 768w\" sizes=\"(max-width: 1024px) 100vw, 1024px\" \/><img loading=\"lazy\" decoding=\"async\" src=\"http:\/\/damas.laiglesiadelacomunidad.com\/wp-content\/uploads\/2019\/11\/ec9924e0-846b-48d6-aad8-b75d75367f38.jpg\" class=\"size-full wp-image-15127\" width=\"1024\" height=\"768\" srcset=\"http:\/\/damas.laiglesiadelacomunidad.com\/wp-content\/uploads\/2019\/11\/ec9924e0-846b-48d6-aad8-b75d75367f38.jpg 1024w, http:\/\/damas.laiglesiadelacomunidad.com\/wp-content\/uploads\/2019\/11\/ec9924e0-846b-48d6-aad8-b75d75367f38-300x225.jpg 300w, http:\/\/damas.laiglesiadelacomunidad.com\/wp-content\/uploads\/2019\/11\/ec9924e0-846b-48d6-aad8-b75d75367f38-768x576.jpg 768w\" sizes=\"(max-width: 1024px) 100vw, 1024px\" \/><img loading=\"lazy\" decoding=\"async\" src=\"http:\/\/damas.laiglesiadelacomunidad.com\/wp-content\/uploads\/2019\/11\/img_3244-scaled.jpg\" class=\"size-full wp-image-15128\" width=\"2560\" height=\"1920\" srcset=\"http:\/\/damas.laiglesiadelacomunidad.com\/wp-content\/uploads\/2019\/11\/img_3244-scaled.jpg 2560w, http:\/\/damas.laiglesiadelacomunidad.com\/wp-content\/uploads\/2019\/11\/img_3244-300x225.jpg 300w, http:\/\/damas.laiglesiadelacomunidad.com\/wp-content\/uploads\/2019\/11\/img_3244-1024x768.jpg 1024w, http:\/\/damas.laiglesiadelacomunidad.com\/wp-content\/uploads\/2019\/11\/img_3244-768x576.jpg 768w, http:\/\/damas.laiglesiadelacomunidad.com\/wp-content\/uploads\/2019\/11\/img_3244-1536x1152.jpg 1536w, http:\/\/damas.laiglesiadelacomunidad.com\/wp-content\/uploads\/2019\/11\/img_3244-2048x1536.jpg 2048w\" sizes=\"(max-width: 2560px) 100vw, 2560px\" \/><img loading=\"lazy\" decoding=\"async\" src=\"http:\/\/damas.laiglesiadelacomunidad.com\/wp-content\/uploads\/2019\/11\/img_3238-scaled.jpg\" class=\"size-full wp-image-15130\" width=\"2560\" height=\"1920\" srcset=\"http:\/\/damas.laiglesiadelacomunidad.com\/wp-content\/uploads\/2019\/11\/img_3238-scaled.jpg 2560w, http:\/\/damas.laiglesiadelacomunidad.com\/wp-content\/uploads\/2019\/11\/img_3238-300x225.jpg 300w, http:\/\/damas.laiglesiadelacomunidad.com\/wp-content\/uploads\/2019\/11\/img_3238-1024x768.jpg 1024w, http:\/\/damas.laiglesiadelacomunidad.com\/wp-content\/uploads\/2019\/11\/img_3238-768x576.jpg 768w, http:\/\/damas.laiglesiadelacomunidad.com\/wp-content\/uploads\/2019\/11\/img_3238-1536x1152.jpg 1536w, http:\/\/damas.laiglesiadelacomunidad.com\/wp-content\/uploads\/2019\/11\/img_3238-2048x1536.jpg 2048w\" sizes=\"(max-width: 2560px) 100vw, 2560px\" \/><img loading=\"lazy\" decoding=\"async\" src=\"http:\/\/damas.laiglesiadelacomunidad.com\/wp-content\/uploads\/2019\/11\/img_3232-scaled.jpg\" class=\"size-full wp-image-15129\" width=\"2560\" height=\"1920\" srcset=\"http:\/\/damas.laiglesiadelacomunidad.com\/wp-content\/uploads\/2019\/11\/img_3232-scaled.jpg 2560w, http:\/\/damas.laiglesiadelacomunidad.com\/wp-content\/uploads\/2019\/11\/img_3232-300x225.jpg 300w, http:\/\/damas.laiglesiadelacomunidad.com\/wp-content\/uploads\/2019\/11\/img_3232-1024x768.jpg 1024w, http:\/\/damas.laiglesiadelacomunidad.com\/wp-content\/uploads\/2019\/11\/img_3232-768x576.jpg 768w, http:\/\/damas.laiglesiadelacomunidad.com\/wp-content\/uploads\/2019\/11\/img_3232-1536x1152.jpg 1536w, http:\/\/damas.laiglesiadelacomunidad.com\/wp-content\/uploads\/2019\/11\/img_3232-2048x1536.jpg 2048w\" sizes=\"(max-width: 2560px) 100vw, 2560px\" \/><\/p>\n","protected":false},"excerpt":{"rendered":"<p>Gracias Padre Celestial por c\u00f3mo obras en nosotros cada d\u00eda, gracias por darnos el privilegio de adorarte y de recibir un mensaje de Tu Palabra. Perm\u00edtenos acercarnos m\u00e1s a T\u00ed y ser m\u00e1s y m\u00e1s como tu hijo.<\/p>\n","protected":false},"author":2,"featured_media":0,"comment_status":"open","ping_status":"open","sticky":false,"template":"","format":"gallery","meta":{"footnotes":""},"categories":[7],"tags":[],"_links":{"self":[{"href":"http:\/\/damas.laiglesiadelacomunidad.com\/index.php?rest_route=\/wp\/v2\/posts\/15131"}],"collection":[{"href":"http:\/\/damas.laiglesiadelacomunidad.com\/index.php?rest_route=\/wp\/v2\/posts"}],"about":[{"href":"http:\/\/damas.laiglesiadelacomunidad.com\/index.php?rest_route=\/wp\/v2\/types\/post"}],"author":[{"embeddable":true,"href":"http:\/\/damas.laiglesiadelacomunidad.com\/index.php?rest_route=\/wp\/v2\/users\/2"}],"replies":[{"embeddable":true,"href":"http:\/\/damas.laiglesiadelacomunidad.com\/index.php?rest_route=%2Fwp%2Fv2%2Fcomments&post=15131"}],"version-history":[{"count":1,"href":"http:\/\/damas.laiglesiadelacomunidad.com\/index.php?rest_route=\/wp\/v2\/posts\/15131\/revisions"}],"predecessor-version":[{"id":15132,"href":"http:\/\/damas.laiglesiadelacomunidad.com\/index.php?rest_route=\/wp\/v2\/posts\/15131\/revisions\/15132"}],"wp:attachment":[{"href":"http:\/\/damas.laiglesiadelacomunidad.com\/index.php?rest_route=%2Fwp%2Fv2%2Fmedia&parent=15131"}],"wp:term":[{"taxonomy":"category","embeddable":true,"href":"http:\/\/damas.laiglesiadelacomunidad.com\/index.php?rest_route=%2Fwp%2Fv2%2Fcategories&post=15131"},{"taxonomy":"post_tag","embeddable":true,"href":"http:\/\/damas.laiglesiadelacomunidad.com\/index.php?rest_route=%2Fwp%2Fv2%2Ftags&post=15131"}],"curies":[{"name":"wp","href":"https:\/\/api.w.org\/{rel}","templated":true}]}}