{"id":15072,"date":"2019-10-07T01:24:39","date_gmt":"2019-10-07T06:24:39","guid":{"rendered":"http:\/\/damas.laiglesiadelacomunidad.com\/?p=15072"},"modified":"2019-10-07T01:24:40","modified_gmt":"2019-10-07T06:24:40","slug":"reunion-domingo-6-de-octubre-del-2019","status":"publish","type":"post","link":"http:\/\/damas.laiglesiadelacomunidad.com\/?p=15072","title":{"rendered":"Reuni\u00f3n domingo 6 de octubre del 2019"},"content":{"rendered":"<p>Gracias Se\u00f1or por otra linda noche de adoraci\u00f3n.<\/p>\n<p><img loading=\"lazy\" decoding=\"async\" src=\"http:\/\/damas.laiglesiadelacomunidad.com\/wp-content\/uploads\/2019\/10\/img_0606.jpg\" class=\"size-full wp-image-15066\" width=\"4032\" height=\"3024\" srcset=\"http:\/\/damas.laiglesiadelacomunidad.com\/wp-content\/uploads\/2019\/10\/img_0606.jpg 4032w, http:\/\/damas.laiglesiadelacomunidad.com\/wp-content\/uploads\/2019\/10\/img_0606-300x225.jpg 300w, http:\/\/damas.laiglesiadelacomunidad.com\/wp-content\/uploads\/2019\/10\/img_0606-768x576.jpg 768w, http:\/\/damas.laiglesiadelacomunidad.com\/wp-content\/uploads\/2019\/10\/img_0606-1024x768.jpg 1024w\" sizes=\"(max-width: 4032px) 100vw, 4032px\" \/><img loading=\"lazy\" decoding=\"async\" src=\"http:\/\/damas.laiglesiadelacomunidad.com\/wp-content\/uploads\/2019\/10\/img_0608.jpg\" class=\"size-full wp-image-15067\" width=\"4032\" height=\"3024\" srcset=\"http:\/\/damas.laiglesiadelacomunidad.com\/wp-content\/uploads\/2019\/10\/img_0608.jpg 4032w, http:\/\/damas.laiglesiadelacomunidad.com\/wp-content\/uploads\/2019\/10\/img_0608-300x225.jpg 300w, http:\/\/damas.laiglesiadelacomunidad.com\/wp-content\/uploads\/2019\/10\/img_0608-768x576.jpg 768w, http:\/\/damas.laiglesiadelacomunidad.com\/wp-content\/uploads\/2019\/10\/img_0608-1024x768.jpg 1024w\" sizes=\"(max-width: 4032px) 100vw, 4032px\" \/><img loading=\"lazy\" decoding=\"async\" src=\"http:\/\/damas.laiglesiadelacomunidad.com\/wp-content\/uploads\/2019\/10\/img_0613.jpg\" class=\"size-full wp-image-15069\" width=\"4032\" height=\"3024\" srcset=\"http:\/\/damas.laiglesiadelacomunidad.com\/wp-content\/uploads\/2019\/10\/img_0613.jpg 4032w, http:\/\/damas.laiglesiadelacomunidad.com\/wp-content\/uploads\/2019\/10\/img_0613-300x225.jpg 300w, http:\/\/damas.laiglesiadelacomunidad.com\/wp-content\/uploads\/2019\/10\/img_0613-768x576.jpg 768w, http:\/\/damas.laiglesiadelacomunidad.com\/wp-content\/uploads\/2019\/10\/img_0613-1024x768.jpg 1024w\" sizes=\"(max-width: 4032px) 100vw, 4032px\" \/><img loading=\"lazy\" decoding=\"async\" src=\"http:\/\/damas.laiglesiadelacomunidad.com\/wp-content\/uploads\/2019\/10\/img_0617.jpg\" class=\"size-full wp-image-15068\" width=\"4032\" height=\"3024\" srcset=\"http:\/\/damas.laiglesiadelacomunidad.com\/wp-content\/uploads\/2019\/10\/img_0617.jpg 4032w, http:\/\/damas.laiglesiadelacomunidad.com\/wp-content\/uploads\/2019\/10\/img_0617-300x225.jpg 300w, http:\/\/damas.laiglesiadelacomunidad.com\/wp-content\/uploads\/2019\/10\/img_0617-768x576.jpg 768w, http:\/\/damas.laiglesiadelacomunidad.com\/wp-content\/uploads\/2019\/10\/img_0617-1024x768.jpg 1024w\" sizes=\"(max-width: 4032px) 100vw, 4032px\" \/><img loading=\"lazy\" decoding=\"async\" src=\"http:\/\/damas.laiglesiadelacomunidad.com\/wp-content\/uploads\/2019\/10\/img_8326.jpg\" class=\"size-full wp-image-15070\" width=\"4032\" height=\"3024\"><img loading=\"lazy\" decoding=\"async\" src=\"http:\/\/damas.laiglesiadelacomunidad.com\/wp-content\/uploads\/2019\/10\/img_8324.jpg\" class=\"size-full wp-image-15071\" width=\"4032\" height=\"3024\"><\/p>\n","protected":false},"excerpt":{"rendered":"<p>Gracias Se\u00f1or por otra linda noche de adoraci\u00f3n.<\/p>\n","protected":false},"author":2,"featured_media":0,"comment_status":"open","ping_status":"open","sticky":false,"template":"","format":"gallery","meta":{"footnotes":""},"categories":[7],"tags":[],"_links":{"self":[{"href":"http:\/\/damas.laiglesiadelacomunidad.com\/index.php?rest_route=\/wp\/v2\/posts\/15072"}],"collection":[{"href":"http:\/\/damas.laiglesiadelacomunidad.com\/index.php?rest_route=\/wp\/v2\/posts"}],"about":[{"href":"http:\/\/damas.laiglesiadelacomunidad.com\/index.php?rest_route=\/wp\/v2\/types\/post"}],"author":[{"embeddable":true,"href":"http:\/\/damas.laiglesiadelacomunidad.com\/index.php?rest_route=\/wp\/v2\/users\/2"}],"replies":[{"embeddable":true,"href":"http:\/\/damas.laiglesiadelacomunidad.com\/index.php?rest_route=%2Fwp%2Fv2%2Fcomments&post=15072"}],"version-history":[{"count":2,"href":"http:\/\/damas.laiglesiadelacomunidad.com\/index.php?rest_route=\/wp\/v2\/posts\/15072\/revisions"}],"predecessor-version":[{"id":15077,"href":"http:\/\/damas.laiglesiadelacomunidad.com\/index.php?rest_route=\/wp\/v2\/posts\/15072\/revisions\/15077"}],"wp:attachment":[{"href":"http:\/\/damas.laiglesiadelacomunidad.com\/index.php?rest_route=%2Fwp%2Fv2%2Fmedia&parent=15072"}],"wp:term":[{"taxonomy":"category","embeddable":true,"href":"http:\/\/damas.laiglesiadelacomunidad.com\/index.php?rest_route=%2Fwp%2Fv2%2Fcategories&post=15072"},{"taxonomy":"post_tag","embeddable":true,"href":"http:\/\/damas.laiglesiadelacomunidad.com\/index.php?rest_route=%2Fwp%2Fv2%2Ftags&post=15072"}],"curies":[{"name":"wp","href":"https:\/\/api.w.org\/{rel}","templated":true}]}}