{"id":14985,"date":"2019-08-04T22:38:40","date_gmt":"2019-08-05T03:38:40","guid":{"rendered":"http:\/\/damas.laiglesiadelacomunidad.com\/?p=14985"},"modified":"2019-08-25T22:36:30","modified_gmt":"2019-08-26T03:36:30","slug":"reunion-domingo-4-de-agosto-del-2019","status":"publish","type":"post","link":"http:\/\/damas.laiglesiadelacomunidad.com\/?p=14985","title":{"rendered":"Reuni\u00f3n Domingo 4 de Agosto del 2019"},"content":{"rendered":"<p>Gracias Se\u00f1or por la gran bendici\u00f3n que nos diste hoy, gracias por nuestro nuevo hermano.<\/p>\n<p>\u201cOs digo que as\u00ed habr\u00e1 m\u00e1s gozo en el cielo por un pecador que se arrepiente, que por noventa y nueve justos que no necesitan de arrepentimiento.\u201d<\/p>\n<p>\u202d\u202dS. Lucas\u202c \u202d15:7\u202c \u202dRVR1960\u202c\u202c<\/p>\n<p><img loading=\"lazy\" decoding=\"async\" src=\"http:\/\/damas.laiglesiadelacomunidad.com\/wp-content\/uploads\/2019\/08\/img_0666.jpg\" class=\"size-full wp-image-14980\" width=\"4032\" height=\"3024\"><img loading=\"lazy\" decoding=\"async\" src=\"http:\/\/damas.laiglesiadelacomunidad.com\/wp-content\/uploads\/2019\/08\/img_0661.jpg\" class=\"size-full wp-image-14981\" width=\"4032\" height=\"3024\"><img loading=\"lazy\" decoding=\"async\" src=\"http:\/\/damas.laiglesiadelacomunidad.com\/wp-content\/uploads\/2019\/08\/img_0645.jpg\" class=\"size-full wp-image-14982\" width=\"3520\" height=\"1980\" srcset=\"http:\/\/damas.laiglesiadelacomunidad.com\/wp-content\/uploads\/2019\/08\/img_0645.jpg 3520w, http:\/\/damas.laiglesiadelacomunidad.com\/wp-content\/uploads\/2019\/08\/img_0645-300x169.jpg 300w, http:\/\/damas.laiglesiadelacomunidad.com\/wp-content\/uploads\/2019\/08\/img_0645-768x432.jpg 768w, http:\/\/damas.laiglesiadelacomunidad.com\/wp-content\/uploads\/2019\/08\/img_0645-1024x576.jpg 1024w\" sizes=\"(max-width: 3520px) 100vw, 3520px\" \/><img loading=\"lazy\" decoding=\"async\" src=\"http:\/\/damas.laiglesiadelacomunidad.com\/wp-content\/uploads\/2019\/08\/img_0643.jpg\" class=\"size-full wp-image-14983\" width=\"3520\" height=\"1980\" srcset=\"http:\/\/damas.laiglesiadelacomunidad.com\/wp-content\/uploads\/2019\/08\/img_0643.jpg 3520w, http:\/\/damas.laiglesiadelacomunidad.com\/wp-content\/uploads\/2019\/08\/img_0643-300x169.jpg 300w, http:\/\/damas.laiglesiadelacomunidad.com\/wp-content\/uploads\/2019\/08\/img_0643-768x432.jpg 768w, http:\/\/damas.laiglesiadelacomunidad.com\/wp-content\/uploads\/2019\/08\/img_0643-1024x576.jpg 1024w\" sizes=\"(max-width: 3520px) 100vw, 3520px\" \/><img loading=\"lazy\" decoding=\"async\" src=\"http:\/\/damas.laiglesiadelacomunidad.com\/wp-content\/uploads\/2019\/08\/img_0650.jpg\" class=\"size-full wp-image-14984\" width=\"4032\" height=\"3024\" srcset=\"http:\/\/damas.laiglesiadelacomunidad.com\/wp-content\/uploads\/2019\/08\/img_0650.jpg 4032w, http:\/\/damas.laiglesiadelacomunidad.com\/wp-content\/uploads\/2019\/08\/img_0650-300x225.jpg 300w, http:\/\/damas.laiglesiadelacomunidad.com\/wp-content\/uploads\/2019\/08\/img_0650-768x576.jpg 768w, http:\/\/damas.laiglesiadelacomunidad.com\/wp-content\/uploads\/2019\/08\/img_0650-1024x768.jpg 1024w\" sizes=\"(max-width: 4032px) 100vw, 4032px\" \/><div style=\"width: 604px;\" class=\"wp-video\"><!--[if lt IE 9]><script>document.createElement('video');<\/script><![endif]-->\n<video class=\"wp-video-shortcode\" id=\"video-14985-1\" width=\"604\" height=\"340\" preload=\"metadata\" controls=\"controls\"><source type=\"video\/mp4\" src=\"http:\/\/damas.laiglesiadelacomunidad.com\/wp-content\/uploads\/2019\/08\/f97ac48c-2cee-4385-a70d-f001ca9feb61.mp4?_=1\" \/><a href=\"http:\/\/damas.laiglesiadelacomunidad.com\/wp-content\/uploads\/2019\/08\/f97ac48c-2cee-4385-a70d-f001ca9feb61.mp4\">http:\/\/damas.laiglesiadelacomunidad.com\/wp-content\/uploads\/2019\/08\/f97ac48c-2cee-4385-a70d-f001ca9feb61.mp4<\/a><\/video><\/div><\/p>\n<p><img loading=\"lazy\" decoding=\"async\" src=\"http:\/\/damas.laiglesiadelacomunidad.com\/wp-content\/uploads\/2019\/08\/fbe1de57-c51c-4666-b86f-5cc354bc7004.jpg\" class=\"size-full wp-image-14989\" width=\"1600\" height=\"1456\" srcset=\"http:\/\/damas.laiglesiadelacomunidad.com\/wp-content\/uploads\/2019\/08\/fbe1de57-c51c-4666-b86f-5cc354bc7004.jpg 1600w, http:\/\/damas.laiglesiadelacomunidad.com\/wp-content\/uploads\/2019\/08\/fbe1de57-c51c-4666-b86f-5cc354bc7004-300x273.jpg 300w, http:\/\/damas.laiglesiadelacomunidad.com\/wp-content\/uploads\/2019\/08\/fbe1de57-c51c-4666-b86f-5cc354bc7004-768x699.jpg 768w, http:\/\/damas.laiglesiadelacomunidad.com\/wp-content\/uploads\/2019\/08\/fbe1de57-c51c-4666-b86f-5cc354bc7004-1024x932.jpg 1024w\" sizes=\"(max-width: 1600px) 100vw, 1600px\" \/><\/p>\n","protected":false},"excerpt":{"rendered":"<p>Gracias Se\u00f1or por la gran bendici\u00f3n que nos diste hoy, gracias por nuestro nuevo hermano. \u201cOs digo que as\u00ed habr\u00e1 m\u00e1s gozo en el cielo por un pecador que se arrepiente, que por noventa y nueve justos que no necesitan de arrepentimiento.\u201d \u202d\u202dS. Lucas\u202c \u202d15:7\u202c \u202dRVR1960\u202c\u202c<\/p>\n","protected":false},"author":2,"featured_media":0,"comment_status":"open","ping_status":"open","sticky":false,"template":"","format":"gallery","meta":{"footnotes":""},"categories":[7],"tags":[],"_links":{"self":[{"href":"http:\/\/damas.laiglesiadelacomunidad.com\/index.php?rest_route=\/wp\/v2\/posts\/14985"}],"collection":[{"href":"http:\/\/damas.laiglesiadelacomunidad.com\/index.php?rest_route=\/wp\/v2\/posts"}],"about":[{"href":"http:\/\/damas.laiglesiadelacomunidad.com\/index.php?rest_route=\/wp\/v2\/types\/post"}],"author":[{"embeddable":true,"href":"http:\/\/damas.laiglesiadelacomunidad.com\/index.php?rest_route=\/wp\/v2\/users\/2"}],"replies":[{"embeddable":true,"href":"http:\/\/damas.laiglesiadelacomunidad.com\/index.php?rest_route=%2Fwp%2Fv2%2Fcomments&post=14985"}],"version-history":[{"count":5,"href":"http:\/\/damas.laiglesiadelacomunidad.com\/index.php?rest_route=\/wp\/v2\/posts\/14985\/revisions"}],"predecessor-version":[{"id":15018,"href":"http:\/\/damas.laiglesiadelacomunidad.com\/index.php?rest_route=\/wp\/v2\/posts\/14985\/revisions\/15018"}],"wp:attachment":[{"href":"http:\/\/damas.laiglesiadelacomunidad.com\/index.php?rest_route=%2Fwp%2Fv2%2Fmedia&parent=14985"}],"wp:term":[{"taxonomy":"category","embeddable":true,"href":"http:\/\/damas.laiglesiadelacomunidad.com\/index.php?rest_route=%2Fwp%2Fv2%2Fcategories&post=14985"},{"taxonomy":"post_tag","embeddable":true,"href":"http:\/\/damas.laiglesiadelacomunidad.com\/index.php?rest_route=%2Fwp%2Fv2%2Ftags&post=14985"}],"curies":[{"name":"wp","href":"https:\/\/api.w.org\/{rel}","templated":true}]}}