{"id":14971,"date":"2019-07-28T22:34:09","date_gmt":"2019-07-29T03:34:09","guid":{"rendered":"http:\/\/damas.laiglesiadelacomunidad.com\/?p=14971"},"modified":"2019-07-29T09:23:16","modified_gmt":"2019-07-29T14:23:16","slug":"reunion-domingo-28-de-julio-del-2019","status":"publish","type":"post","link":"http:\/\/damas.laiglesiadelacomunidad.com\/?p=14971","title":{"rendered":"Reuni\u00f3n Domingo 28 de Julio del 2019"},"content":{"rendered":"<p>Gracias Padre por otro excelente d\u00eda de adoraci\u00f3n y de ense\u00f1anza.<\/p>\n<p><img loading=\"lazy\" decoding=\"async\" src=\"http:\/\/damas.laiglesiadelacomunidad.com\/wp-content\/uploads\/2019\/07\/img_0318-1.jpg\" class=\"size-full wp-image-14974\" width=\"4032\" height=\"3024\" srcset=\"http:\/\/damas.laiglesiadelacomunidad.com\/wp-content\/uploads\/2019\/07\/img_0318-1.jpg 4032w, http:\/\/damas.laiglesiadelacomunidad.com\/wp-content\/uploads\/2019\/07\/img_0318-1-300x225.jpg 300w, http:\/\/damas.laiglesiadelacomunidad.com\/wp-content\/uploads\/2019\/07\/img_0318-1-768x576.jpg 768w, http:\/\/damas.laiglesiadelacomunidad.com\/wp-content\/uploads\/2019\/07\/img_0318-1-1024x768.jpg 1024w\" sizes=\"(max-width: 4032px) 100vw, 4032px\" \/><img loading=\"lazy\" decoding=\"async\" src=\"http:\/\/damas.laiglesiadelacomunidad.com\/wp-content\/uploads\/2019\/07\/img_0313-1.jpg\" class=\"size-full wp-image-14973\" width=\"4032\" height=\"3024\" srcset=\"http:\/\/damas.laiglesiadelacomunidad.com\/wp-content\/uploads\/2019\/07\/img_0313-1.jpg 4032w, http:\/\/damas.laiglesiadelacomunidad.com\/wp-content\/uploads\/2019\/07\/img_0313-1-300x225.jpg 300w, http:\/\/damas.laiglesiadelacomunidad.com\/wp-content\/uploads\/2019\/07\/img_0313-1-768x576.jpg 768w, http:\/\/damas.laiglesiadelacomunidad.com\/wp-content\/uploads\/2019\/07\/img_0313-1-1024x768.jpg 1024w\" sizes=\"(max-width: 4032px) 100vw, 4032px\" \/><img loading=\"lazy\" decoding=\"async\" src=\"http:\/\/damas.laiglesiadelacomunidad.com\/wp-content\/uploads\/2019\/07\/d84cfbe4-3d5b-4d3a-990f-5c960e364257.jpg\" class=\"size-full wp-image-14976\" width=\"1600\" height=\"1200\" srcset=\"http:\/\/damas.laiglesiadelacomunidad.com\/wp-content\/uploads\/2019\/07\/d84cfbe4-3d5b-4d3a-990f-5c960e364257.jpg 1600w, http:\/\/damas.laiglesiadelacomunidad.com\/wp-content\/uploads\/2019\/07\/d84cfbe4-3d5b-4d3a-990f-5c960e364257-300x225.jpg 300w, http:\/\/damas.laiglesiadelacomunidad.com\/wp-content\/uploads\/2019\/07\/d84cfbe4-3d5b-4d3a-990f-5c960e364257-768x576.jpg 768w, http:\/\/damas.laiglesiadelacomunidad.com\/wp-content\/uploads\/2019\/07\/d84cfbe4-3d5b-4d3a-990f-5c960e364257-1024x768.jpg 1024w\" sizes=\"(max-width: 1600px) 100vw, 1600px\" \/><\/p>\n","protected":false},"excerpt":{"rendered":"<p>Gracias Padre por otro excelente d\u00eda de adoraci\u00f3n y de ense\u00f1anza.<\/p>\n","protected":false},"author":2,"featured_media":0,"comment_status":"open","ping_status":"open","sticky":false,"template":"","format":"gallery","meta":{"footnotes":""},"categories":[7],"tags":[],"_links":{"self":[{"href":"http:\/\/damas.laiglesiadelacomunidad.com\/index.php?rest_route=\/wp\/v2\/posts\/14971"}],"collection":[{"href":"http:\/\/damas.laiglesiadelacomunidad.com\/index.php?rest_route=\/wp\/v2\/posts"}],"about":[{"href":"http:\/\/damas.laiglesiadelacomunidad.com\/index.php?rest_route=\/wp\/v2\/types\/post"}],"author":[{"embeddable":true,"href":"http:\/\/damas.laiglesiadelacomunidad.com\/index.php?rest_route=\/wp\/v2\/users\/2"}],"replies":[{"embeddable":true,"href":"http:\/\/damas.laiglesiadelacomunidad.com\/index.php?rest_route=%2Fwp%2Fv2%2Fcomments&post=14971"}],"version-history":[{"count":3,"href":"http:\/\/damas.laiglesiadelacomunidad.com\/index.php?rest_route=\/wp\/v2\/posts\/14971\/revisions"}],"predecessor-version":[{"id":14977,"href":"http:\/\/damas.laiglesiadelacomunidad.com\/index.php?rest_route=\/wp\/v2\/posts\/14971\/revisions\/14977"}],"wp:attachment":[{"href":"http:\/\/damas.laiglesiadelacomunidad.com\/index.php?rest_route=%2Fwp%2Fv2%2Fmedia&parent=14971"}],"wp:term":[{"taxonomy":"category","embeddable":true,"href":"http:\/\/damas.laiglesiadelacomunidad.com\/index.php?rest_route=%2Fwp%2Fv2%2Fcategories&post=14971"},{"taxonomy":"post_tag","embeddable":true,"href":"http:\/\/damas.laiglesiadelacomunidad.com\/index.php?rest_route=%2Fwp%2Fv2%2Ftags&post=14971"}],"curies":[{"name":"wp","href":"https:\/\/api.w.org\/{rel}","templated":true}]}}