{"id":14764,"date":"2019-05-26T22:19:50","date_gmt":"2019-05-27T03:19:50","guid":{"rendered":"http:\/\/damas.laiglesiadelacomunidad.com\/?p=14764"},"modified":"2019-05-26T22:48:12","modified_gmt":"2019-05-27T03:48:12","slug":"reunion-domingo-26-de-mayo-del-2019","status":"publish","type":"post","link":"http:\/\/damas.laiglesiadelacomunidad.com\/?p=14764","title":{"rendered":"Reuni\u00f3n Domingo 26 de Mayo del 2019"},"content":{"rendered":"<p>Gracias Se\u00f1or por tan Excelente d\u00eda, gracias por cada persona que se congreg\u00f3 el d\u00eda de hoy, gracias por darnos el querer y el hacer en nuestros corazones, te pedimos que nos sigas dando m\u00e1s deseos de servirte.<\/p>\n<p><a href=\"http:\/\/damas.laiglesiadelacomunidad.com\/?attachment_id=14760\"><img loading=\"lazy\" decoding=\"async\" src=\"http:\/\/damas.laiglesiadelacomunidad.com\/wp-content\/uploads\/2019\/05\/img_7965-e1558928307711.jpg\" class=\"alignnone size-full wp-image-14760\" alt=\"\" width=\"3024\" height=\"4032\" srcset=\"http:\/\/damas.laiglesiadelacomunidad.com\/wp-content\/uploads\/2019\/05\/img_7965-e1558928307711.jpg 3024w, http:\/\/damas.laiglesiadelacomunidad.com\/wp-content\/uploads\/2019\/05\/img_7965-e1558928307711-225x300.jpg 225w, http:\/\/damas.laiglesiadelacomunidad.com\/wp-content\/uploads\/2019\/05\/img_7965-e1558928307711-768x1024.jpg 768w\" sizes=\"(max-width: 3024px) 100vw, 3024px\" \/><\/a><img loading=\"lazy\" decoding=\"async\" src=\"http:\/\/damas.laiglesiadelacomunidad.com\/wp-content\/uploads\/2019\/05\/img_7964-1-e1558928347908.jpg\" class=\"alignnone size-full wp-image-14761\" alt=\"\" width=\"3024\" height=\"4032\" srcset=\"http:\/\/damas.laiglesiadelacomunidad.com\/wp-content\/uploads\/2019\/05\/img_7964-1-e1558928347908.jpg 3024w, http:\/\/damas.laiglesiadelacomunidad.com\/wp-content\/uploads\/2019\/05\/img_7964-1-e1558928347908-225x300.jpg 225w, http:\/\/damas.laiglesiadelacomunidad.com\/wp-content\/uploads\/2019\/05\/img_7964-1-e1558928347908-768x1024.jpg 768w\" sizes=\"(max-width: 3024px) 100vw, 3024px\" \/><img loading=\"lazy\" decoding=\"async\" src=\"http:\/\/damas.laiglesiadelacomunidad.com\/wp-content\/uploads\/2019\/05\/img_7963-e1558928368720.jpg\" class=\"alignnone size-full wp-image-14762\" alt=\"\" width=\"3024\" height=\"4032\" srcset=\"http:\/\/damas.laiglesiadelacomunidad.com\/wp-content\/uploads\/2019\/05\/img_7963-e1558928368720.jpg 3024w, http:\/\/damas.laiglesiadelacomunidad.com\/wp-content\/uploads\/2019\/05\/img_7963-e1558928368720-225x300.jpg 225w, http:\/\/damas.laiglesiadelacomunidad.com\/wp-content\/uploads\/2019\/05\/img_7963-e1558928368720-768x1024.jpg 768w\" sizes=\"(max-width: 3024px) 100vw, 3024px\" \/><\/p>\n<p><img loading=\"lazy\" decoding=\"async\" src=\"http:\/\/damas.laiglesiadelacomunidad.com\/wp-content\/uploads\/2019\/05\/1af2fe98-6369-450f-bb9e-ed909c1c490c.jpg\" class=\"size-full wp-image-14769\" width=\"1024\" height=\"768\" srcset=\"http:\/\/damas.laiglesiadelacomunidad.com\/wp-content\/uploads\/2019\/05\/1af2fe98-6369-450f-bb9e-ed909c1c490c.jpg 1024w, http:\/\/damas.laiglesiadelacomunidad.com\/wp-content\/uploads\/2019\/05\/1af2fe98-6369-450f-bb9e-ed909c1c490c-300x225.jpg 300w, http:\/\/damas.laiglesiadelacomunidad.com\/wp-content\/uploads\/2019\/05\/1af2fe98-6369-450f-bb9e-ed909c1c490c-768x576.jpg 768w\" sizes=\"(max-width: 1024px) 100vw, 1024px\" \/><img loading=\"lazy\" decoding=\"async\" src=\"http:\/\/damas.laiglesiadelacomunidad.com\/wp-content\/uploads\/2019\/05\/83623198-59a6-458e-9d10-f2de19cf3981.jpg\" class=\"size-full wp-image-14770\" width=\"1024\" height=\"768\" srcset=\"http:\/\/damas.laiglesiadelacomunidad.com\/wp-content\/uploads\/2019\/05\/83623198-59a6-458e-9d10-f2de19cf3981.jpg 1024w, http:\/\/damas.laiglesiadelacomunidad.com\/wp-content\/uploads\/2019\/05\/83623198-59a6-458e-9d10-f2de19cf3981-300x225.jpg 300w, http:\/\/damas.laiglesiadelacomunidad.com\/wp-content\/uploads\/2019\/05\/83623198-59a6-458e-9d10-f2de19cf3981-768x576.jpg 768w\" sizes=\"(max-width: 1024px) 100vw, 1024px\" \/><\/p>\n","protected":false},"excerpt":{"rendered":"<p>Gracias Se\u00f1or por tan Excelente d\u00eda, gracias por cada persona que se congreg\u00f3 el d\u00eda de hoy, gracias por darnos el querer y el hacer en nuestros corazones, te pedimos que nos sigas dando m\u00e1s deseos de servirte.<\/p>\n","protected":false},"author":2,"featured_media":0,"comment_status":"open","ping_status":"open","sticky":false,"template":"","format":"gallery","meta":{"footnotes":""},"categories":[7],"tags":[],"_links":{"self":[{"href":"http:\/\/damas.laiglesiadelacomunidad.com\/index.php?rest_route=\/wp\/v2\/posts\/14764"}],"collection":[{"href":"http:\/\/damas.laiglesiadelacomunidad.com\/index.php?rest_route=\/wp\/v2\/posts"}],"about":[{"href":"http:\/\/damas.laiglesiadelacomunidad.com\/index.php?rest_route=\/wp\/v2\/types\/post"}],"author":[{"embeddable":true,"href":"http:\/\/damas.laiglesiadelacomunidad.com\/index.php?rest_route=\/wp\/v2\/users\/2"}],"replies":[{"embeddable":true,"href":"http:\/\/damas.laiglesiadelacomunidad.com\/index.php?rest_route=%2Fwp%2Fv2%2Fcomments&post=14764"}],"version-history":[{"count":3,"href":"http:\/\/damas.laiglesiadelacomunidad.com\/index.php?rest_route=\/wp\/v2\/posts\/14764\/revisions"}],"predecessor-version":[{"id":14771,"href":"http:\/\/damas.laiglesiadelacomunidad.com\/index.php?rest_route=\/wp\/v2\/posts\/14764\/revisions\/14771"}],"wp:attachment":[{"href":"http:\/\/damas.laiglesiadelacomunidad.com\/index.php?rest_route=%2Fwp%2Fv2%2Fmedia&parent=14764"}],"wp:term":[{"taxonomy":"category","embeddable":true,"href":"http:\/\/damas.laiglesiadelacomunidad.com\/index.php?rest_route=%2Fwp%2Fv2%2Fcategories&post=14764"},{"taxonomy":"post_tag","embeddable":true,"href":"http:\/\/damas.laiglesiadelacomunidad.com\/index.php?rest_route=%2Fwp%2Fv2%2Ftags&post=14764"}],"curies":[{"name":"wp","href":"https:\/\/api.w.org\/{rel}","templated":true}]}}