{"id":14693,"date":"2019-03-10T23:01:28","date_gmt":"2019-03-11T04:01:28","guid":{"rendered":"http:\/\/damas.laiglesiadelacomunidad.com\/?p=14693"},"modified":"2019-03-10T23:36:46","modified_gmt":"2019-03-11T04:36:46","slug":"reunion-domingo-10-de-marzo-del-2019","status":"publish","type":"post","link":"http:\/\/damas.laiglesiadelacomunidad.com\/?p=14693","title":{"rendered":"Reuni\u00f3n Domingo 10 de Marzo del 2019"},"content":{"rendered":"<p>Gracias Padre por el lindo d\u00eda que nos diste, por haber tanta gente dispuesta a escuchar T\u00fa palabra.<\/p>\n<p><img loading=\"lazy\" decoding=\"async\" class=\"size-full wp-image-14687\" src=\"http:\/\/damas.laiglesiadelacomunidad.com\/wp-content\/uploads\/2019\/03\/962f5a73-d9ca-4d92-bc2b-4f59254002d0.jpg\" width=\"1024\" height=\"768\" srcset=\"http:\/\/damas.laiglesiadelacomunidad.com\/wp-content\/uploads\/2019\/03\/962f5a73-d9ca-4d92-bc2b-4f59254002d0.jpg 1024w, http:\/\/damas.laiglesiadelacomunidad.com\/wp-content\/uploads\/2019\/03\/962f5a73-d9ca-4d92-bc2b-4f59254002d0-300x225.jpg 300w, http:\/\/damas.laiglesiadelacomunidad.com\/wp-content\/uploads\/2019\/03\/962f5a73-d9ca-4d92-bc2b-4f59254002d0-768x576.jpg 768w\" sizes=\"(max-width: 1024px) 100vw, 1024px\" \/><img loading=\"lazy\" decoding=\"async\" class=\"size-full wp-image-14688\" src=\"http:\/\/damas.laiglesiadelacomunidad.com\/wp-content\/uploads\/2019\/03\/f44a2c76-1579-4fd8-9b43-48efcb8d157e.jpg\" width=\"1024\" height=\"768\" srcset=\"http:\/\/damas.laiglesiadelacomunidad.com\/wp-content\/uploads\/2019\/03\/f44a2c76-1579-4fd8-9b43-48efcb8d157e.jpg 1024w, http:\/\/damas.laiglesiadelacomunidad.com\/wp-content\/uploads\/2019\/03\/f44a2c76-1579-4fd8-9b43-48efcb8d157e-300x225.jpg 300w, http:\/\/damas.laiglesiadelacomunidad.com\/wp-content\/uploads\/2019\/03\/f44a2c76-1579-4fd8-9b43-48efcb8d157e-768x576.jpg 768w\" sizes=\"(max-width: 1024px) 100vw, 1024px\" \/><img loading=\"lazy\" decoding=\"async\" class=\"size-full wp-image-14689\" src=\"http:\/\/damas.laiglesiadelacomunidad.com\/wp-content\/uploads\/2019\/03\/620a98c3-c6bd-491a-93ed-918553c5cc65.jpg\" width=\"1024\" height=\"768\" srcset=\"http:\/\/damas.laiglesiadelacomunidad.com\/wp-content\/uploads\/2019\/03\/620a98c3-c6bd-491a-93ed-918553c5cc65.jpg 1024w, http:\/\/damas.laiglesiadelacomunidad.com\/wp-content\/uploads\/2019\/03\/620a98c3-c6bd-491a-93ed-918553c5cc65-300x225.jpg 300w, http:\/\/damas.laiglesiadelacomunidad.com\/wp-content\/uploads\/2019\/03\/620a98c3-c6bd-491a-93ed-918553c5cc65-768x576.jpg 768w\" sizes=\"(max-width: 1024px) 100vw, 1024px\" \/><img loading=\"lazy\" decoding=\"async\" class=\"size-full wp-image-14691\" src=\"http:\/\/damas.laiglesiadelacomunidad.com\/wp-content\/uploads\/2019\/03\/img_4822.jpg\" width=\"4032\" height=\"3024\" srcset=\"http:\/\/damas.laiglesiadelacomunidad.com\/wp-content\/uploads\/2019\/03\/img_4822.jpg 4032w, http:\/\/damas.laiglesiadelacomunidad.com\/wp-content\/uploads\/2019\/03\/img_4822-300x225.jpg 300w, http:\/\/damas.laiglesiadelacomunidad.com\/wp-content\/uploads\/2019\/03\/img_4822-768x576.jpg 768w, http:\/\/damas.laiglesiadelacomunidad.com\/wp-content\/uploads\/2019\/03\/img_4822-1024x768.jpg 1024w\" sizes=\"(max-width: 4032px) 100vw, 4032px\" \/><img loading=\"lazy\" decoding=\"async\" class=\"size-full wp-image-14690\" src=\"http:\/\/damas.laiglesiadelacomunidad.com\/wp-content\/uploads\/2019\/03\/img_4818.jpg\" width=\"4032\" height=\"3024\" srcset=\"http:\/\/damas.laiglesiadelacomunidad.com\/wp-content\/uploads\/2019\/03\/img_4818.jpg 4032w, http:\/\/damas.laiglesiadelacomunidad.com\/wp-content\/uploads\/2019\/03\/img_4818-300x225.jpg 300w, http:\/\/damas.laiglesiadelacomunidad.com\/wp-content\/uploads\/2019\/03\/img_4818-768x576.jpg 768w, http:\/\/damas.laiglesiadelacomunidad.com\/wp-content\/uploads\/2019\/03\/img_4818-1024x768.jpg 1024w\" sizes=\"(max-width: 4032px) 100vw, 4032px\" \/><\/p>\n\n\n<p><\/p>\n","protected":false},"excerpt":{"rendered":"<p>Gracias Padre por el lindo d\u00eda que nos diste, por haber tanta gente dispuesta a escuchar T\u00fa palabra.<\/p>\n","protected":false},"author":2,"featured_media":0,"comment_status":"open","ping_status":"open","sticky":false,"template":"","format":"gallery","meta":{"footnotes":""},"categories":[7],"tags":[],"_links":{"self":[{"href":"http:\/\/damas.laiglesiadelacomunidad.com\/index.php?rest_route=\/wp\/v2\/posts\/14693"}],"collection":[{"href":"http:\/\/damas.laiglesiadelacomunidad.com\/index.php?rest_route=\/wp\/v2\/posts"}],"about":[{"href":"http:\/\/damas.laiglesiadelacomunidad.com\/index.php?rest_route=\/wp\/v2\/types\/post"}],"author":[{"embeddable":true,"href":"http:\/\/damas.laiglesiadelacomunidad.com\/index.php?rest_route=\/wp\/v2\/users\/2"}],"replies":[{"embeddable":true,"href":"http:\/\/damas.laiglesiadelacomunidad.com\/index.php?rest_route=%2Fwp%2Fv2%2Fcomments&post=14693"}],"version-history":[{"count":2,"href":"http:\/\/damas.laiglesiadelacomunidad.com\/index.php?rest_route=\/wp\/v2\/posts\/14693\/revisions"}],"predecessor-version":[{"id":14697,"href":"http:\/\/damas.laiglesiadelacomunidad.com\/index.php?rest_route=\/wp\/v2\/posts\/14693\/revisions\/14697"}],"wp:attachment":[{"href":"http:\/\/damas.laiglesiadelacomunidad.com\/index.php?rest_route=%2Fwp%2Fv2%2Fmedia&parent=14693"}],"wp:term":[{"taxonomy":"category","embeddable":true,"href":"http:\/\/damas.laiglesiadelacomunidad.com\/index.php?rest_route=%2Fwp%2Fv2%2Fcategories&post=14693"},{"taxonomy":"post_tag","embeddable":true,"href":"http:\/\/damas.laiglesiadelacomunidad.com\/index.php?rest_route=%2Fwp%2Fv2%2Ftags&post=14693"}],"curies":[{"name":"wp","href":"https:\/\/api.w.org\/{rel}","templated":true}]}}