{"id":14639,"date":"2019-02-03T23:51:30","date_gmt":"2019-02-04T05:51:30","guid":{"rendered":"http:\/\/damas.laiglesiadelacomunidad.com\/?p=14639"},"modified":"2019-02-04T00:06:20","modified_gmt":"2019-02-04T06:06:20","slug":"reunion-domingo-3-de-febrero-del-2019","status":"publish","type":"post","link":"http:\/\/damas.laiglesiadelacomunidad.com\/?p=14639","title":{"rendered":"Reuni\u00f3n Domingo 3 de Febrero del 2019"},"content":{"rendered":"<p>Much\u00edsimas gracias Padre por darnos el privilegio de congregarnos y de poder participar en la reuni\u00f3n, te pido que sigas dando ese deseo en cada uno de nosotros &#x1f64f;&#x1f3fb;<\/p>\n<p><a href=\"http:\/\/damas.laiglesiadelacomunidad.com\/?attachment_id=14635\"><img loading=\"lazy\" decoding=\"async\" class=\"alignnone wp-image-14635 size-full\" src=\"http:\/\/damas.laiglesiadelacomunidad.com\/wp-content\/uploads\/2019\/02\/img_3358-e1549260351345.jpg\" alt=\"\" width=\"3024\" height=\"4032\" srcset=\"http:\/\/damas.laiglesiadelacomunidad.com\/wp-content\/uploads\/2019\/02\/img_3358-e1549260351345.jpg 3024w, http:\/\/damas.laiglesiadelacomunidad.com\/wp-content\/uploads\/2019\/02\/img_3358-e1549260351345-225x300.jpg 225w, http:\/\/damas.laiglesiadelacomunidad.com\/wp-content\/uploads\/2019\/02\/img_3358-e1549260351345-768x1024.jpg 768w\" sizes=\"(max-width: 3024px) 100vw, 3024px\" \/><\/a><img loading=\"lazy\" decoding=\"async\" class=\"size-full wp-image-14638\" src=\"http:\/\/damas.laiglesiadelacomunidad.com\/wp-content\/uploads\/2019\/02\/img_3356.jpg\" width=\"4032\" height=\"3024\" srcset=\"http:\/\/damas.laiglesiadelacomunidad.com\/wp-content\/uploads\/2019\/02\/img_3356.jpg 4032w, http:\/\/damas.laiglesiadelacomunidad.com\/wp-content\/uploads\/2019\/02\/img_3356-300x225.jpg 300w, http:\/\/damas.laiglesiadelacomunidad.com\/wp-content\/uploads\/2019\/02\/img_3356-768x576.jpg 768w, http:\/\/damas.laiglesiadelacomunidad.com\/wp-content\/uploads\/2019\/02\/img_3356-1024x768.jpg 1024w\" sizes=\"(max-width: 4032px) 100vw, 4032px\" \/><img loading=\"lazy\" decoding=\"async\" class=\"size-full wp-image-14636\" src=\"http:\/\/damas.laiglesiadelacomunidad.com\/wp-content\/uploads\/2019\/02\/8b94871f-0c80-4304-a2f6-6d8f57bd9a40.jpg\" width=\"1024\" height=\"768\" srcset=\"http:\/\/damas.laiglesiadelacomunidad.com\/wp-content\/uploads\/2019\/02\/8b94871f-0c80-4304-a2f6-6d8f57bd9a40.jpg 1024w, http:\/\/damas.laiglesiadelacomunidad.com\/wp-content\/uploads\/2019\/02\/8b94871f-0c80-4304-a2f6-6d8f57bd9a40-300x225.jpg 300w, http:\/\/damas.laiglesiadelacomunidad.com\/wp-content\/uploads\/2019\/02\/8b94871f-0c80-4304-a2f6-6d8f57bd9a40-768x576.jpg 768w\" sizes=\"(max-width: 1024px) 100vw, 1024px\" \/><img loading=\"lazy\" decoding=\"async\" class=\"size-full wp-image-14637\" src=\"http:\/\/damas.laiglesiadelacomunidad.com\/wp-content\/uploads\/2019\/02\/68ac3663-7839-4c7c-b3ea-230a3457ec80.jpg\" width=\"1024\" height=\"768\" srcset=\"http:\/\/damas.laiglesiadelacomunidad.com\/wp-content\/uploads\/2019\/02\/68ac3663-7839-4c7c-b3ea-230a3457ec80.jpg 1024w, http:\/\/damas.laiglesiadelacomunidad.com\/wp-content\/uploads\/2019\/02\/68ac3663-7839-4c7c-b3ea-230a3457ec80-300x225.jpg 300w, http:\/\/damas.laiglesiadelacomunidad.com\/wp-content\/uploads\/2019\/02\/68ac3663-7839-4c7c-b3ea-230a3457ec80-768x576.jpg 768w\" sizes=\"(max-width: 1024px) 100vw, 1024px\" \/><\/p>\n","protected":false},"excerpt":{"rendered":"<p>Much\u00edsimas gracias Padre por darnos el privilegio de congregarnos y de poder participar en la reuni\u00f3n, te pido que sigas dando ese deseo en cada uno de nosotros &#x1f64f;&#x1f3fb;<\/p>\n","protected":false},"author":2,"featured_media":0,"comment_status":"open","ping_status":"open","sticky":false,"template":"","format":"gallery","meta":{"footnotes":""},"categories":[7],"tags":[],"_links":{"self":[{"href":"http:\/\/damas.laiglesiadelacomunidad.com\/index.php?rest_route=\/wp\/v2\/posts\/14639"}],"collection":[{"href":"http:\/\/damas.laiglesiadelacomunidad.com\/index.php?rest_route=\/wp\/v2\/posts"}],"about":[{"href":"http:\/\/damas.laiglesiadelacomunidad.com\/index.php?rest_route=\/wp\/v2\/types\/post"}],"author":[{"embeddable":true,"href":"http:\/\/damas.laiglesiadelacomunidad.com\/index.php?rest_route=\/wp\/v2\/users\/2"}],"replies":[{"embeddable":true,"href":"http:\/\/damas.laiglesiadelacomunidad.com\/index.php?rest_route=%2Fwp%2Fv2%2Fcomments&post=14639"}],"version-history":[{"count":3,"href":"http:\/\/damas.laiglesiadelacomunidad.com\/index.php?rest_route=\/wp\/v2\/posts\/14639\/revisions"}],"predecessor-version":[{"id":14645,"href":"http:\/\/damas.laiglesiadelacomunidad.com\/index.php?rest_route=\/wp\/v2\/posts\/14639\/revisions\/14645"}],"wp:attachment":[{"href":"http:\/\/damas.laiglesiadelacomunidad.com\/index.php?rest_route=%2Fwp%2Fv2%2Fmedia&parent=14639"}],"wp:term":[{"taxonomy":"category","embeddable":true,"href":"http:\/\/damas.laiglesiadelacomunidad.com\/index.php?rest_route=%2Fwp%2Fv2%2Fcategories&post=14639"},{"taxonomy":"post_tag","embeddable":true,"href":"http:\/\/damas.laiglesiadelacomunidad.com\/index.php?rest_route=%2Fwp%2Fv2%2Ftags&post=14639"}],"curies":[{"name":"wp","href":"https:\/\/api.w.org\/{rel}","templated":true}]}}