{"id":14586,"date":"2019-01-06T22:13:56","date_gmt":"2019-01-07T04:13:56","guid":{"rendered":"http:\/\/damas.laiglesiadelacomunidad.com\/?p=14586"},"modified":"2019-01-06T22:13:57","modified_gmt":"2019-01-07T04:13:57","slug":"reunion-domingo-6-de-enero-del-2019","status":"publish","type":"post","link":"http:\/\/damas.laiglesiadelacomunidad.com\/?p=14586","title":{"rendered":"Reuni\u00f3n Domingo 6 de Enero del 2019"},"content":{"rendered":"<p>Gracias Se\u00f1or por permitirnos estar en congregaci\u00f3n de nuevo, gracias por \u00e9ste primer domingo del a\u00f1o.<\/p>\n<p><img loading=\"lazy\" decoding=\"async\" src=\"http:\/\/damas.laiglesiadelacomunidad.com\/wp-content\/uploads\/2019\/01\/img_2105.jpg\" class=\"size-full wp-image-14579\" width=\"4032\" height=\"3024\" srcset=\"http:\/\/damas.laiglesiadelacomunidad.com\/wp-content\/uploads\/2019\/01\/img_2105.jpg 4032w, http:\/\/damas.laiglesiadelacomunidad.com\/wp-content\/uploads\/2019\/01\/img_2105-300x225.jpg 300w, http:\/\/damas.laiglesiadelacomunidad.com\/wp-content\/uploads\/2019\/01\/img_2105-768x576.jpg 768w, http:\/\/damas.laiglesiadelacomunidad.com\/wp-content\/uploads\/2019\/01\/img_2105-1024x768.jpg 1024w\" sizes=\"(max-width: 4032px) 100vw, 4032px\" \/><img loading=\"lazy\" decoding=\"async\" src=\"http:\/\/damas.laiglesiadelacomunidad.com\/wp-content\/uploads\/2019\/01\/img_2108.jpg\" class=\"size-full wp-image-14580\" width=\"4032\" height=\"3024\" srcset=\"http:\/\/damas.laiglesiadelacomunidad.com\/wp-content\/uploads\/2019\/01\/img_2108.jpg 4032w, http:\/\/damas.laiglesiadelacomunidad.com\/wp-content\/uploads\/2019\/01\/img_2108-300x225.jpg 300w, http:\/\/damas.laiglesiadelacomunidad.com\/wp-content\/uploads\/2019\/01\/img_2108-768x576.jpg 768w, http:\/\/damas.laiglesiadelacomunidad.com\/wp-content\/uploads\/2019\/01\/img_2108-1024x768.jpg 1024w\" sizes=\"(max-width: 4032px) 100vw, 4032px\" \/><img loading=\"lazy\" decoding=\"async\" src=\"http:\/\/damas.laiglesiadelacomunidad.com\/wp-content\/uploads\/2019\/01\/img_2102.jpg\" class=\"size-full wp-image-14581\" width=\"4032\" height=\"3024\" srcset=\"http:\/\/damas.laiglesiadelacomunidad.com\/wp-content\/uploads\/2019\/01\/img_2102.jpg 4032w, http:\/\/damas.laiglesiadelacomunidad.com\/wp-content\/uploads\/2019\/01\/img_2102-300x225.jpg 300w, http:\/\/damas.laiglesiadelacomunidad.com\/wp-content\/uploads\/2019\/01\/img_2102-768x576.jpg 768w, http:\/\/damas.laiglesiadelacomunidad.com\/wp-content\/uploads\/2019\/01\/img_2102-1024x768.jpg 1024w\" sizes=\"(max-width: 4032px) 100vw, 4032px\" \/><img loading=\"lazy\" decoding=\"async\" src=\"http:\/\/damas.laiglesiadelacomunidad.com\/wp-content\/uploads\/2019\/01\/img_2119.jpg\" class=\"size-full wp-image-14584\" width=\"3024\" height=\"4032\" srcset=\"http:\/\/damas.laiglesiadelacomunidad.com\/wp-content\/uploads\/2019\/01\/img_2119.jpg 3024w, http:\/\/damas.laiglesiadelacomunidad.com\/wp-content\/uploads\/2019\/01\/img_2119-225x300.jpg 225w, http:\/\/damas.laiglesiadelacomunidad.com\/wp-content\/uploads\/2019\/01\/img_2119-768x1024.jpg 768w\" sizes=\"(max-width: 3024px) 100vw, 3024px\" \/><img loading=\"lazy\" decoding=\"async\" src=\"http:\/\/damas.laiglesiadelacomunidad.com\/wp-content\/uploads\/2019\/01\/img_2115.jpg\" class=\"size-full wp-image-14583\" width=\"3024\" height=\"4032\" srcset=\"http:\/\/damas.laiglesiadelacomunidad.com\/wp-content\/uploads\/2019\/01\/img_2115.jpg 3024w, http:\/\/damas.laiglesiadelacomunidad.com\/wp-content\/uploads\/2019\/01\/img_2115-225x300.jpg 225w, http:\/\/damas.laiglesiadelacomunidad.com\/wp-content\/uploads\/2019\/01\/img_2115-768x1024.jpg 768w\" sizes=\"(max-width: 3024px) 100vw, 3024px\" \/><a class=\"wp-embedded-video\" href=\"http:\/\/damas.laiglesiadelacomunidad.com\/wp-content\/uploads\/2019\/01\/img_2104.mov\">http:\/\/damas.laiglesiadelacomunidad.com\/wp-content\/uploads\/2019\/01\/img_2104.mov<\/a><div style=\"width: 604px;\" class=\"wp-video\"><video class=\"wp-video-shortcode\" id=\"video-14586-2\" width=\"604\" height=\"340\" preload=\"metadata\" controls=\"controls\"><source type=\"video\/mp4\" src=\"http:\/\/damas.laiglesiadelacomunidad.com\/wp-content\/uploads\/2019\/01\/c841580e-348b-4b14-b625-ab180277beba.mp4?_=2\" \/><a href=\"http:\/\/damas.laiglesiadelacomunidad.com\/wp-content\/uploads\/2019\/01\/c841580e-348b-4b14-b625-ab180277beba.mp4\">http:\/\/damas.laiglesiadelacomunidad.com\/wp-content\/uploads\/2019\/01\/c841580e-348b-4b14-b625-ab180277beba.mp4<\/a><\/video><\/div><\/p>\n","protected":false},"excerpt":{"rendered":"<p>Gracias Se\u00f1or por permitirnos estar en congregaci\u00f3n de nuevo, gracias por \u00e9ste primer domingo del a\u00f1o.<\/p>\n","protected":false},"author":2,"featured_media":0,"comment_status":"open","ping_status":"open","sticky":false,"template":"","format":"standard","meta":{"footnotes":""},"categories":[7],"tags":[],"_links":{"self":[{"href":"http:\/\/damas.laiglesiadelacomunidad.com\/index.php?rest_route=\/wp\/v2\/posts\/14586"}],"collection":[{"href":"http:\/\/damas.laiglesiadelacomunidad.com\/index.php?rest_route=\/wp\/v2\/posts"}],"about":[{"href":"http:\/\/damas.laiglesiadelacomunidad.com\/index.php?rest_route=\/wp\/v2\/types\/post"}],"author":[{"embeddable":true,"href":"http:\/\/damas.laiglesiadelacomunidad.com\/index.php?rest_route=\/wp\/v2\/users\/2"}],"replies":[{"embeddable":true,"href":"http:\/\/damas.laiglesiadelacomunidad.com\/index.php?rest_route=%2Fwp%2Fv2%2Fcomments&post=14586"}],"version-history":[{"count":1,"href":"http:\/\/damas.laiglesiadelacomunidad.com\/index.php?rest_route=\/wp\/v2\/posts\/14586\/revisions"}],"predecessor-version":[{"id":14587,"href":"http:\/\/damas.laiglesiadelacomunidad.com\/index.php?rest_route=\/wp\/v2\/posts\/14586\/revisions\/14587"}],"wp:attachment":[{"href":"http:\/\/damas.laiglesiadelacomunidad.com\/index.php?rest_route=%2Fwp%2Fv2%2Fmedia&parent=14586"}],"wp:term":[{"taxonomy":"category","embeddable":true,"href":"http:\/\/damas.laiglesiadelacomunidad.com\/index.php?rest_route=%2Fwp%2Fv2%2Fcategories&post=14586"},{"taxonomy":"post_tag","embeddable":true,"href":"http:\/\/damas.laiglesiadelacomunidad.com\/index.php?rest_route=%2Fwp%2Fv2%2Ftags&post=14586"}],"curies":[{"name":"wp","href":"https:\/\/api.w.org\/{rel}","templated":true}]}}