{"id":14499,"date":"2018-11-04T22:18:14","date_gmt":"2018-11-05T04:18:14","guid":{"rendered":"http:\/\/damas.laiglesiadelacomunidad.com\/?p=14499"},"modified":"2018-11-05T01:22:23","modified_gmt":"2018-11-05T07:22:23","slug":"reunion-domingo-4-de-nov-del-2018","status":"publish","type":"post","link":"http:\/\/damas.laiglesiadelacomunidad.com\/?p=14499","title":{"rendered":"Reuni\u00f3n Domingo 4 de Nov. del 2018"},"content":{"rendered":"<p>Gracias Se\u00f1or por darnos el privilegio de adorarte como congregaci\u00f3n.<\/p>\n<p><img loading=\"lazy\" decoding=\"async\" class=\"alignnone wp-image-14496 size-full\" src=\"http:\/\/damas.laiglesiadelacomunidad.com\/wp-content\/uploads\/2018\/11\/img_9080-e1541402463359.jpg\" alt=\"\" width=\"3024\" height=\"4032\" srcset=\"http:\/\/damas.laiglesiadelacomunidad.com\/wp-content\/uploads\/2018\/11\/img_9080-e1541402463359.jpg 3024w, http:\/\/damas.laiglesiadelacomunidad.com\/wp-content\/uploads\/2018\/11\/img_9080-e1541402463359-225x300.jpg 225w, http:\/\/damas.laiglesiadelacomunidad.com\/wp-content\/uploads\/2018\/11\/img_9080-e1541402463359-768x1024.jpg 768w\" sizes=\"(max-width: 3024px) 100vw, 3024px\" \/><img loading=\"lazy\" decoding=\"async\" class=\"alignnone wp-image-14498 size-full\" src=\"http:\/\/damas.laiglesiadelacomunidad.com\/wp-content\/uploads\/2018\/11\/img_9085-1-e1541402492494.jpg\" alt=\"\" width=\"3024\" height=\"4032\" srcset=\"http:\/\/damas.laiglesiadelacomunidad.com\/wp-content\/uploads\/2018\/11\/img_9085-1-e1541402492494.jpg 3024w, http:\/\/damas.laiglesiadelacomunidad.com\/wp-content\/uploads\/2018\/11\/img_9085-1-e1541402492494-225x300.jpg 225w, http:\/\/damas.laiglesiadelacomunidad.com\/wp-content\/uploads\/2018\/11\/img_9085-1-e1541402492494-768x1024.jpg 768w\" sizes=\"(max-width: 3024px) 100vw, 3024px\" \/><img loading=\"lazy\" decoding=\"async\" class=\"alignnone wp-image-14497 size-full\" src=\"http:\/\/damas.laiglesiadelacomunidad.com\/wp-content\/uploads\/2018\/11\/img_9078-e1541402518285.jpg\" alt=\"\" width=\"3024\" height=\"4032\" srcset=\"http:\/\/damas.laiglesiadelacomunidad.com\/wp-content\/uploads\/2018\/11\/img_9078-e1541402518285.jpg 3024w, http:\/\/damas.laiglesiadelacomunidad.com\/wp-content\/uploads\/2018\/11\/img_9078-e1541402518285-225x300.jpg 225w, http:\/\/damas.laiglesiadelacomunidad.com\/wp-content\/uploads\/2018\/11\/img_9078-e1541402518285-768x1024.jpg 768w\" sizes=\"(max-width: 3024px) 100vw, 3024px\" \/><img loading=\"lazy\" decoding=\"async\" class=\"size-full wp-image-14495\" src=\"http:\/\/damas.laiglesiadelacomunidad.com\/wp-content\/uploads\/2018\/11\/img_9086.jpg\" width=\"4032\" height=\"3024\" srcset=\"http:\/\/damas.laiglesiadelacomunidad.com\/wp-content\/uploads\/2018\/11\/img_9086.jpg 4032w, http:\/\/damas.laiglesiadelacomunidad.com\/wp-content\/uploads\/2018\/11\/img_9086-300x225.jpg 300w, http:\/\/damas.laiglesiadelacomunidad.com\/wp-content\/uploads\/2018\/11\/img_9086-768x576.jpg 768w, http:\/\/damas.laiglesiadelacomunidad.com\/wp-content\/uploads\/2018\/11\/img_9086-1024x768.jpg 1024w\" sizes=\"(max-width: 4032px) 100vw, 4032px\" \/><\/p>\n","protected":false},"excerpt":{"rendered":"<p>Gracias Se\u00f1or por darnos el privilegio de adorarte como congregaci\u00f3n.<\/p>\n","protected":false},"author":2,"featured_media":0,"comment_status":"open","ping_status":"open","sticky":false,"template":"","format":"gallery","meta":{"footnotes":""},"categories":[1,7],"tags":[],"_links":{"self":[{"href":"http:\/\/damas.laiglesiadelacomunidad.com\/index.php?rest_route=\/wp\/v2\/posts\/14499"}],"collection":[{"href":"http:\/\/damas.laiglesiadelacomunidad.com\/index.php?rest_route=\/wp\/v2\/posts"}],"about":[{"href":"http:\/\/damas.laiglesiadelacomunidad.com\/index.php?rest_route=\/wp\/v2\/types\/post"}],"author":[{"embeddable":true,"href":"http:\/\/damas.laiglesiadelacomunidad.com\/index.php?rest_route=\/wp\/v2\/users\/2"}],"replies":[{"embeddable":true,"href":"http:\/\/damas.laiglesiadelacomunidad.com\/index.php?rest_route=%2Fwp%2Fv2%2Fcomments&post=14499"}],"version-history":[{"count":3,"href":"http:\/\/damas.laiglesiadelacomunidad.com\/index.php?rest_route=\/wp\/v2\/posts\/14499\/revisions"}],"predecessor-version":[{"id":14505,"href":"http:\/\/damas.laiglesiadelacomunidad.com\/index.php?rest_route=\/wp\/v2\/posts\/14499\/revisions\/14505"}],"wp:attachment":[{"href":"http:\/\/damas.laiglesiadelacomunidad.com\/index.php?rest_route=%2Fwp%2Fv2%2Fmedia&parent=14499"}],"wp:term":[{"taxonomy":"category","embeddable":true,"href":"http:\/\/damas.laiglesiadelacomunidad.com\/index.php?rest_route=%2Fwp%2Fv2%2Fcategories&post=14499"},{"taxonomy":"post_tag","embeddable":true,"href":"http:\/\/damas.laiglesiadelacomunidad.com\/index.php?rest_route=%2Fwp%2Fv2%2Ftags&post=14499"}],"curies":[{"name":"wp","href":"https:\/\/api.w.org\/{rel}","templated":true}]}}