{"id":14473,"date":"2018-10-07T22:19:24","date_gmt":"2018-10-08T03:19:24","guid":{"rendered":"http:\/\/damas.laiglesiadelacomunidad.com\/?p=14473"},"modified":"2018-10-07T22:19:47","modified_gmt":"2018-10-08T03:19:47","slug":"reunion-domingo-7-de-octubre-del-2018","status":"publish","type":"post","link":"http:\/\/damas.laiglesiadelacomunidad.com\/?p=14473","title":{"rendered":"Reuni\u00f3n Domingo 7 de Octubre del 2018"},"content":{"rendered":"<p>Gracias Se\u00f1or por otra linda noche de adoraci\u00f3n y por ese mensaje tan incre\u00edble que recibimos de Tu palabra.<\/p>\n<p><img loading=\"lazy\" decoding=\"async\" src=\"http:\/\/damas.laiglesiadelacomunidad.com\/wp-content\/uploads\/2018\/10\/img_7380.jpg\" class=\"size-full wp-image-14464\" height=\"3024\" width=\"4032\" srcset=\"http:\/\/damas.laiglesiadelacomunidad.com\/wp-content\/uploads\/2018\/10\/img_7380.jpg 4032w, http:\/\/damas.laiglesiadelacomunidad.com\/wp-content\/uploads\/2018\/10\/img_7380-300x225.jpg 300w, http:\/\/damas.laiglesiadelacomunidad.com\/wp-content\/uploads\/2018\/10\/img_7380-768x576.jpg 768w, http:\/\/damas.laiglesiadelacomunidad.com\/wp-content\/uploads\/2018\/10\/img_7380-1024x768.jpg 1024w\" sizes=\"(max-width: 4032px) 100vw, 4032px\" \/><img loading=\"lazy\" decoding=\"async\" src=\"http:\/\/damas.laiglesiadelacomunidad.com\/wp-content\/uploads\/2018\/10\/img_7383-1.jpg\" class=\"wp-image-14466 size-full\" height=\"3024\" width=\"4032\" srcset=\"http:\/\/damas.laiglesiadelacomunidad.com\/wp-content\/uploads\/2018\/10\/img_7383-1.jpg 4032w, http:\/\/damas.laiglesiadelacomunidad.com\/wp-content\/uploads\/2018\/10\/img_7383-1-300x225.jpg 300w, http:\/\/damas.laiglesiadelacomunidad.com\/wp-content\/uploads\/2018\/10\/img_7383-1-768x576.jpg 768w, http:\/\/damas.laiglesiadelacomunidad.com\/wp-content\/uploads\/2018\/10\/img_7383-1-1024x768.jpg 1024w\" sizes=\"(max-width: 4032px) 100vw, 4032px\" \/><img loading=\"lazy\" decoding=\"async\" src=\"http:\/\/damas.laiglesiadelacomunidad.com\/wp-content\/uploads\/2018\/10\/img_7387.jpg\" class=\"wp-image-14465 size-full\" height=\"3024\" width=\"4032\" srcset=\"http:\/\/damas.laiglesiadelacomunidad.com\/wp-content\/uploads\/2018\/10\/img_7387.jpg 4032w, http:\/\/damas.laiglesiadelacomunidad.com\/wp-content\/uploads\/2018\/10\/img_7387-300x225.jpg 300w, http:\/\/damas.laiglesiadelacomunidad.com\/wp-content\/uploads\/2018\/10\/img_7387-768x576.jpg 768w, http:\/\/damas.laiglesiadelacomunidad.com\/wp-content\/uploads\/2018\/10\/img_7387-1024x768.jpg 1024w\" sizes=\"(max-width: 4032px) 100vw, 4032px\" \/><img loading=\"lazy\" decoding=\"async\" src=\"http:\/\/damas.laiglesiadelacomunidad.com\/wp-content\/uploads\/2018\/10\/img_7385-1.jpg\" class=\"wp-image-14467 size-full\" height=\"3024\" width=\"4032\" srcset=\"http:\/\/damas.laiglesiadelacomunidad.com\/wp-content\/uploads\/2018\/10\/img_7385-1.jpg 4032w, http:\/\/damas.laiglesiadelacomunidad.com\/wp-content\/uploads\/2018\/10\/img_7385-1-300x225.jpg 300w, http:\/\/damas.laiglesiadelacomunidad.com\/wp-content\/uploads\/2018\/10\/img_7385-1-768x576.jpg 768w, http:\/\/damas.laiglesiadelacomunidad.com\/wp-content\/uploads\/2018\/10\/img_7385-1-1024x768.jpg 1024w\" sizes=\"(max-width: 4032px) 100vw, 4032px\" \/><img loading=\"lazy\" decoding=\"async\" src=\"http:\/\/damas.laiglesiadelacomunidad.com\/wp-content\/uploads\/2018\/10\/img_7403-2.jpg\" class=\"wp-image-14469 size-full\" height=\"2320\" width=\"3088\" srcset=\"http:\/\/damas.laiglesiadelacomunidad.com\/wp-content\/uploads\/2018\/10\/img_7403-2.jpg 3088w, http:\/\/damas.laiglesiadelacomunidad.com\/wp-content\/uploads\/2018\/10\/img_7403-2-300x225.jpg 300w, http:\/\/damas.laiglesiadelacomunidad.com\/wp-content\/uploads\/2018\/10\/img_7403-2-768x577.jpg 768w, http:\/\/damas.laiglesiadelacomunidad.com\/wp-content\/uploads\/2018\/10\/img_7403-2-1024x769.jpg 1024w\" sizes=\"(max-width: 3088px) 100vw, 3088px\" \/><img loading=\"lazy\" decoding=\"async\" src=\"http:\/\/damas.laiglesiadelacomunidad.com\/wp-content\/uploads\/2018\/10\/img_7407-1.jpg\" class=\"wp-image-14468 size-full\" height=\"1440\" width=\"1082\" srcset=\"http:\/\/damas.laiglesiadelacomunidad.com\/wp-content\/uploads\/2018\/10\/img_7407-1.jpg 1082w, http:\/\/damas.laiglesiadelacomunidad.com\/wp-content\/uploads\/2018\/10\/img_7407-1-225x300.jpg 225w, http:\/\/damas.laiglesiadelacomunidad.com\/wp-content\/uploads\/2018\/10\/img_7407-1-768x1022.jpg 768w, http:\/\/damas.laiglesiadelacomunidad.com\/wp-content\/uploads\/2018\/10\/img_7407-1-769x1024.jpg 769w\" sizes=\"(max-width: 1082px) 100vw, 1082px\" \/><img loading=\"lazy\" decoding=\"async\" src=\"http:\/\/damas.laiglesiadelacomunidad.com\/wp-content\/uploads\/2018\/10\/3c200514-7071-47e3-b3a1-12245bef1916.jpg\" class=\"wp-image-14470 size-full\" height=\"1600\" width=\"1353\" srcset=\"http:\/\/damas.laiglesiadelacomunidad.com\/wp-content\/uploads\/2018\/10\/3c200514-7071-47e3-b3a1-12245bef1916.jpg 1353w, http:\/\/damas.laiglesiadelacomunidad.com\/wp-content\/uploads\/2018\/10\/3c200514-7071-47e3-b3a1-12245bef1916-254x300.jpg 254w, http:\/\/damas.laiglesiadelacomunidad.com\/wp-content\/uploads\/2018\/10\/3c200514-7071-47e3-b3a1-12245bef1916-768x908.jpg 768w, http:\/\/damas.laiglesiadelacomunidad.com\/wp-content\/uploads\/2018\/10\/3c200514-7071-47e3-b3a1-12245bef1916-866x1024.jpg 866w\" sizes=\"(max-width: 1353px) 100vw, 1353px\" \/><img loading=\"lazy\" decoding=\"async\" src=\"http:\/\/damas.laiglesiadelacomunidad.com\/wp-content\/uploads\/2018\/10\/5f120bfc-a240-4032-91fe-9fbbfd4ede04.jpg\" class=\"wp-image-14472 size-full\" height=\"1600\" width=\"1400\" srcset=\"http:\/\/damas.laiglesiadelacomunidad.com\/wp-content\/uploads\/2018\/10\/5f120bfc-a240-4032-91fe-9fbbfd4ede04.jpg 1400w, http:\/\/damas.laiglesiadelacomunidad.com\/wp-content\/uploads\/2018\/10\/5f120bfc-a240-4032-91fe-9fbbfd4ede04-263x300.jpg 263w, http:\/\/damas.laiglesiadelacomunidad.com\/wp-content\/uploads\/2018\/10\/5f120bfc-a240-4032-91fe-9fbbfd4ede04-768x878.jpg 768w, http:\/\/damas.laiglesiadelacomunidad.com\/wp-content\/uploads\/2018\/10\/5f120bfc-a240-4032-91fe-9fbbfd4ede04-896x1024.jpg 896w\" sizes=\"(max-width: 1400px) 100vw, 1400px\" \/><img loading=\"lazy\" decoding=\"async\" src=\"http:\/\/damas.laiglesiadelacomunidad.com\/wp-content\/uploads\/2018\/10\/75bb0c4a-8a65-410f-a9e4-9c5f54821f45.jpg\" class=\"size-full wp-image-14471\" height=\"938\" width=\"1600\" srcset=\"http:\/\/damas.laiglesiadelacomunidad.com\/wp-content\/uploads\/2018\/10\/75bb0c4a-8a65-410f-a9e4-9c5f54821f45.jpg 1600w, http:\/\/damas.laiglesiadelacomunidad.com\/wp-content\/uploads\/2018\/10\/75bb0c4a-8a65-410f-a9e4-9c5f54821f45-300x176.jpg 300w, http:\/\/damas.laiglesiadelacomunidad.com\/wp-content\/uploads\/2018\/10\/75bb0c4a-8a65-410f-a9e4-9c5f54821f45-768x450.jpg 768w, http:\/\/damas.laiglesiadelacomunidad.com\/wp-content\/uploads\/2018\/10\/75bb0c4a-8a65-410f-a9e4-9c5f54821f45-1024x600.jpg 1024w\" sizes=\"(max-width: 1600px) 100vw, 1600px\" \/><\/p>\n","protected":false},"excerpt":{"rendered":"<p>Gracias Se\u00f1or por otra linda noche de adoraci\u00f3n y por ese mensaje tan incre\u00edble que recibimos de Tu palabra.<\/p>\n","protected":false},"author":2,"featured_media":0,"comment_status":"open","ping_status":"open","sticky":false,"template":"","format":"gallery","meta":{"footnotes":""},"categories":[7],"tags":[],"_links":{"self":[{"href":"http:\/\/damas.laiglesiadelacomunidad.com\/index.php?rest_route=\/wp\/v2\/posts\/14473"}],"collection":[{"href":"http:\/\/damas.laiglesiadelacomunidad.com\/index.php?rest_route=\/wp\/v2\/posts"}],"about":[{"href":"http:\/\/damas.laiglesiadelacomunidad.com\/index.php?rest_route=\/wp\/v2\/types\/post"}],"author":[{"embeddable":true,"href":"http:\/\/damas.laiglesiadelacomunidad.com\/index.php?rest_route=\/wp\/v2\/users\/2"}],"replies":[{"embeddable":true,"href":"http:\/\/damas.laiglesiadelacomunidad.com\/index.php?rest_route=%2Fwp%2Fv2%2Fcomments&post=14473"}],"version-history":[{"count":2,"href":"http:\/\/damas.laiglesiadelacomunidad.com\/index.php?rest_route=\/wp\/v2\/posts\/14473\/revisions"}],"predecessor-version":[{"id":14475,"href":"http:\/\/damas.laiglesiadelacomunidad.com\/index.php?rest_route=\/wp\/v2\/posts\/14473\/revisions\/14475"}],"wp:attachment":[{"href":"http:\/\/damas.laiglesiadelacomunidad.com\/index.php?rest_route=%2Fwp%2Fv2%2Fmedia&parent=14473"}],"wp:term":[{"taxonomy":"category","embeddable":true,"href":"http:\/\/damas.laiglesiadelacomunidad.com\/index.php?rest_route=%2Fwp%2Fv2%2Fcategories&post=14473"},{"taxonomy":"post_tag","embeddable":true,"href":"http:\/\/damas.laiglesiadelacomunidad.com\/index.php?rest_route=%2Fwp%2Fv2%2Ftags&post=14473"}],"curies":[{"name":"wp","href":"https:\/\/api.w.org\/{rel}","templated":true}]}}