{"id":14425,"date":"2018-09-16T22:14:07","date_gmt":"2018-09-17T03:14:07","guid":{"rendered":"http:\/\/damas.laiglesiadelacomunidad.com\/?p=14425"},"modified":"2018-09-16T22:14:08","modified_gmt":"2018-09-17T03:14:08","slug":"reunion-domingo-16-de-septiembre-del-2018","status":"publish","type":"post","link":"http:\/\/damas.laiglesiadelacomunidad.com\/?p=14425","title":{"rendered":"Reuni\u00f3n Domingo 16 de Septiembre del 2018"},"content":{"rendered":"<p>Gracias Se\u00f1or por permitirnos adorarte hoy y por permitirme ense\u00f1ar a los ni\u00f1os &#x1f60a;<\/p>\n<p><img loading=\"lazy\" decoding=\"async\" src=\"http:\/\/damas.laiglesiadelacomunidad.com\/wp-content\/uploads\/2018\/09\/img_6710.jpg\" class=\"wp-image-14419 size-full\" height=\"1656\" width=\"1242\" srcset=\"http:\/\/damas.laiglesiadelacomunidad.com\/wp-content\/uploads\/2018\/09\/img_6710.jpg 1242w, http:\/\/damas.laiglesiadelacomunidad.com\/wp-content\/uploads\/2018\/09\/img_6710-225x300.jpg 225w, http:\/\/damas.laiglesiadelacomunidad.com\/wp-content\/uploads\/2018\/09\/img_6710-768x1024.jpg 768w\" sizes=\"(max-width: 1242px) 100vw, 1242px\" \/><img loading=\"lazy\" decoding=\"async\" src=\"http:\/\/damas.laiglesiadelacomunidad.com\/wp-content\/uploads\/2018\/09\/img_6707.jpg\" class=\"size-full wp-image-14420\" height=\"1242\" width=\"1656\" srcset=\"http:\/\/damas.laiglesiadelacomunidad.com\/wp-content\/uploads\/2018\/09\/img_6707.jpg 1656w, http:\/\/damas.laiglesiadelacomunidad.com\/wp-content\/uploads\/2018\/09\/img_6707-300x225.jpg 300w, http:\/\/damas.laiglesiadelacomunidad.com\/wp-content\/uploads\/2018\/09\/img_6707-768x576.jpg 768w, http:\/\/damas.laiglesiadelacomunidad.com\/wp-content\/uploads\/2018\/09\/img_6707-1024x768.jpg 1024w\" sizes=\"(max-width: 1656px) 100vw, 1656px\" \/><img loading=\"lazy\" decoding=\"async\" src=\"http:\/\/damas.laiglesiadelacomunidad.com\/wp-content\/uploads\/2018\/09\/img_6703.jpg\" class=\"wp-image-14421 size-full\" height=\"1242\" width=\"1656\" srcset=\"http:\/\/damas.laiglesiadelacomunidad.com\/wp-content\/uploads\/2018\/09\/img_6703.jpg 1656w, http:\/\/damas.laiglesiadelacomunidad.com\/wp-content\/uploads\/2018\/09\/img_6703-300x225.jpg 300w, http:\/\/damas.laiglesiadelacomunidad.com\/wp-content\/uploads\/2018\/09\/img_6703-768x576.jpg 768w, http:\/\/damas.laiglesiadelacomunidad.com\/wp-content\/uploads\/2018\/09\/img_6703-1024x768.jpg 1024w\" sizes=\"(max-width: 1656px) 100vw, 1656px\" \/><img loading=\"lazy\" decoding=\"async\" src=\"http:\/\/damas.laiglesiadelacomunidad.com\/wp-content\/uploads\/2018\/09\/img_6702.jpg\" class=\"size-full wp-image-14423\" height=\"3024\" width=\"4032\" srcset=\"http:\/\/damas.laiglesiadelacomunidad.com\/wp-content\/uploads\/2018\/09\/img_6702.jpg 4032w, http:\/\/damas.laiglesiadelacomunidad.com\/wp-content\/uploads\/2018\/09\/img_6702-300x225.jpg 300w, http:\/\/damas.laiglesiadelacomunidad.com\/wp-content\/uploads\/2018\/09\/img_6702-768x576.jpg 768w, http:\/\/damas.laiglesiadelacomunidad.com\/wp-content\/uploads\/2018\/09\/img_6702-1024x768.jpg 1024w\" sizes=\"(max-width: 4032px) 100vw, 4032px\" \/><img loading=\"lazy\" decoding=\"async\" src=\"http:\/\/damas.laiglesiadelacomunidad.com\/wp-content\/uploads\/2018\/09\/img_6720-1.jpg\" class=\"wp-image-14422 size-full\" height=\"1656\" width=\"1242\" srcset=\"http:\/\/damas.laiglesiadelacomunidad.com\/wp-content\/uploads\/2018\/09\/img_6720-1.jpg 1242w, http:\/\/damas.laiglesiadelacomunidad.com\/wp-content\/uploads\/2018\/09\/img_6720-1-225x300.jpg 225w, http:\/\/damas.laiglesiadelacomunidad.com\/wp-content\/uploads\/2018\/09\/img_6720-1-768x1024.jpg 768w\" sizes=\"(max-width: 1242px) 100vw, 1242px\" \/><a class=\"wp-embedded-video\" href=\"http:\/\/damas.laiglesiadelacomunidad.com\/wp-content\/uploads\/2018\/09\/img_6709.mov\">http:\/\/damas.laiglesiadelacomunidad.com\/wp-content\/uploads\/2018\/09\/img_6709.mov<\/a><\/p>\n","protected":false},"excerpt":{"rendered":"<p>Gracias Se\u00f1or por permitirnos adorarte hoy y por permitirme ense\u00f1ar a los ni\u00f1os &#x1f60a;<\/p>\n","protected":false},"author":2,"featured_media":0,"comment_status":"open","ping_status":"open","sticky":false,"template":"","format":"gallery","meta":{"footnotes":""},"categories":[7],"tags":[],"_links":{"self":[{"href":"http:\/\/damas.laiglesiadelacomunidad.com\/index.php?rest_route=\/wp\/v2\/posts\/14425"}],"collection":[{"href":"http:\/\/damas.laiglesiadelacomunidad.com\/index.php?rest_route=\/wp\/v2\/posts"}],"about":[{"href":"http:\/\/damas.laiglesiadelacomunidad.com\/index.php?rest_route=\/wp\/v2\/types\/post"}],"author":[{"embeddable":true,"href":"http:\/\/damas.laiglesiadelacomunidad.com\/index.php?rest_route=\/wp\/v2\/users\/2"}],"replies":[{"embeddable":true,"href":"http:\/\/damas.laiglesiadelacomunidad.com\/index.php?rest_route=%2Fwp%2Fv2%2Fcomments&post=14425"}],"version-history":[{"count":1,"href":"http:\/\/damas.laiglesiadelacomunidad.com\/index.php?rest_route=\/wp\/v2\/posts\/14425\/revisions"}],"predecessor-version":[{"id":14426,"href":"http:\/\/damas.laiglesiadelacomunidad.com\/index.php?rest_route=\/wp\/v2\/posts\/14425\/revisions\/14426"}],"wp:attachment":[{"href":"http:\/\/damas.laiglesiadelacomunidad.com\/index.php?rest_route=%2Fwp%2Fv2%2Fmedia&parent=14425"}],"wp:term":[{"taxonomy":"category","embeddable":true,"href":"http:\/\/damas.laiglesiadelacomunidad.com\/index.php?rest_route=%2Fwp%2Fv2%2Fcategories&post=14425"},{"taxonomy":"post_tag","embeddable":true,"href":"http:\/\/damas.laiglesiadelacomunidad.com\/index.php?rest_route=%2Fwp%2Fv2%2Ftags&post=14425"}],"curies":[{"name":"wp","href":"https:\/\/api.w.org\/{rel}","templated":true}]}}