{"id":14184,"date":"2018-05-25T21:50:03","date_gmt":"2018-05-26T02:50:03","guid":{"rendered":"http:\/\/damas.laiglesiadelacomunidad.com\/?p=14184"},"modified":"2018-05-25T21:50:03","modified_gmt":"2018-05-26T02:50:03","slug":"bienvenido-a-la-familia","status":"publish","type":"post","link":"http:\/\/damas.laiglesiadelacomunidad.com\/?p=14184","title":{"rendered":"Bienvenido a la Familia"},"content":{"rendered":"<p>Felicidades Daniel Tello por \u00e9sta gran decisi\u00f3n que tom\u00f3.<\/p>\n<p><img loading=\"lazy\" decoding=\"async\" src=\"http:\/\/damas.laiglesiadelacomunidad.com\/wp-content\/uploads\/2018\/05\/img_9672.jpg\" class=\"wp-image-14183 size-full\" height=\"640\" width=\"640\" srcset=\"http:\/\/damas.laiglesiadelacomunidad.com\/wp-content\/uploads\/2018\/05\/img_9672.jpg 640w, http:\/\/damas.laiglesiadelacomunidad.com\/wp-content\/uploads\/2018\/05\/img_9672-150x150.jpg 150w, http:\/\/damas.laiglesiadelacomunidad.com\/wp-content\/uploads\/2018\/05\/img_9672-300x300.jpg 300w\" sizes=\"(max-width: 640px) 100vw, 640px\" \/><\/p>\n","protected":false},"excerpt":{"rendered":"<p>Felicidades Daniel Tello por \u00e9sta gran decisi\u00f3n que tom\u00f3.<\/p>\n","protected":false},"author":2,"featured_media":0,"comment_status":"open","ping_status":"open","sticky":false,"template":"","format":"image","meta":{"footnotes":""},"categories":[22],"tags":[],"_links":{"self":[{"href":"http:\/\/damas.laiglesiadelacomunidad.com\/index.php?rest_route=\/wp\/v2\/posts\/14184"}],"collection":[{"href":"http:\/\/damas.laiglesiadelacomunidad.com\/index.php?rest_route=\/wp\/v2\/posts"}],"about":[{"href":"http:\/\/damas.laiglesiadelacomunidad.com\/index.php?rest_route=\/wp\/v2\/types\/post"}],"author":[{"embeddable":true,"href":"http:\/\/damas.laiglesiadelacomunidad.com\/index.php?rest_route=\/wp\/v2\/users\/2"}],"replies":[{"embeddable":true,"href":"http:\/\/damas.laiglesiadelacomunidad.com\/index.php?rest_route=%2Fwp%2Fv2%2Fcomments&post=14184"}],"version-history":[{"count":1,"href":"http:\/\/damas.laiglesiadelacomunidad.com\/index.php?rest_route=\/wp\/v2\/posts\/14184\/revisions"}],"predecessor-version":[{"id":14185,"href":"http:\/\/damas.laiglesiadelacomunidad.com\/index.php?rest_route=\/wp\/v2\/posts\/14184\/revisions\/14185"}],"wp:attachment":[{"href":"http:\/\/damas.laiglesiadelacomunidad.com\/index.php?rest_route=%2Fwp%2Fv2%2Fmedia&parent=14184"}],"wp:term":[{"taxonomy":"category","embeddable":true,"href":"http:\/\/damas.laiglesiadelacomunidad.com\/index.php?rest_route=%2Fwp%2Fv2%2Fcategories&post=14184"},{"taxonomy":"post_tag","embeddable":true,"href":"http:\/\/damas.laiglesiadelacomunidad.com\/index.php?rest_route=%2Fwp%2Fv2%2Ftags&post=14184"}],"curies":[{"name":"wp","href":"https:\/\/api.w.org\/{rel}","templated":true}]}}