{"id":14122,"date":"2018-04-29T22:18:38","date_gmt":"2018-04-30T03:18:38","guid":{"rendered":"http:\/\/damas.laiglesiadelacomunidad.com\/?p=14122"},"modified":"2018-04-30T00:53:59","modified_gmt":"2018-04-30T05:53:59","slug":"reunion-domingo-29-de-abril-de-el-2018","status":"publish","type":"post","link":"http:\/\/damas.laiglesiadelacomunidad.com\/?p=14122","title":{"rendered":"Reuni\u00f3n Domingo 29 de Abril de el 2018"},"content":{"rendered":"<p>Gracias amado Padre por otro excelente d\u00eda de adoraci\u00f3n y por el buen mensaje que recibimos.<\/p>\n<p><img loading=\"lazy\" decoding=\"async\" src=\"http:\/\/damas.laiglesiadelacomunidad.com\/wp-content\/uploads\/2018\/04\/a634eb43-407f-436d-b7c3-906a2ff08130.jpg\" class=\"wp-image-14113 size-full\" height=\"768\" width=\"1024\" srcset=\"http:\/\/damas.laiglesiadelacomunidad.com\/wp-content\/uploads\/2018\/04\/a634eb43-407f-436d-b7c3-906a2ff08130.jpg 1024w, http:\/\/damas.laiglesiadelacomunidad.com\/wp-content\/uploads\/2018\/04\/a634eb43-407f-436d-b7c3-906a2ff08130-300x225.jpg 300w, http:\/\/damas.laiglesiadelacomunidad.com\/wp-content\/uploads\/2018\/04\/a634eb43-407f-436d-b7c3-906a2ff08130-768x576.jpg 768w\" sizes=\"(max-width: 1024px) 100vw, 1024px\" \/><img loading=\"lazy\" decoding=\"async\" src=\"http:\/\/damas.laiglesiadelacomunidad.com\/wp-content\/uploads\/2018\/04\/d7fb44dd-0a26-4681-a3cf-8862bf19a8f8.jpg\" class=\"size-full wp-image-14114\" height=\"768\" width=\"1024\" srcset=\"http:\/\/damas.laiglesiadelacomunidad.com\/wp-content\/uploads\/2018\/04\/d7fb44dd-0a26-4681-a3cf-8862bf19a8f8.jpg 1024w, http:\/\/damas.laiglesiadelacomunidad.com\/wp-content\/uploads\/2018\/04\/d7fb44dd-0a26-4681-a3cf-8862bf19a8f8-300x225.jpg 300w, http:\/\/damas.laiglesiadelacomunidad.com\/wp-content\/uploads\/2018\/04\/d7fb44dd-0a26-4681-a3cf-8862bf19a8f8-768x576.jpg 768w\" sizes=\"(max-width: 1024px) 100vw, 1024px\" \/><img loading=\"lazy\" decoding=\"async\" src=\"http:\/\/damas.laiglesiadelacomunidad.com\/wp-content\/uploads\/2018\/04\/img_8700.jpg\" class=\"size-full wp-image-14119\" height=\"4032\" width=\"3024\" srcset=\"http:\/\/damas.laiglesiadelacomunidad.com\/wp-content\/uploads\/2018\/04\/img_8700.jpg 3024w, http:\/\/damas.laiglesiadelacomunidad.com\/wp-content\/uploads\/2018\/04\/img_8700-225x300.jpg 225w, http:\/\/damas.laiglesiadelacomunidad.com\/wp-content\/uploads\/2018\/04\/img_8700-768x1024.jpg 768w\" sizes=\"(max-width: 3024px) 100vw, 3024px\" \/><img loading=\"lazy\" decoding=\"async\" src=\"http:\/\/damas.laiglesiadelacomunidad.com\/wp-content\/uploads\/2018\/04\/img_8698.jpg\" class=\"wp-image-14115 size-full\" height=\"1242\" width=\"1656\" srcset=\"http:\/\/damas.laiglesiadelacomunidad.com\/wp-content\/uploads\/2018\/04\/img_8698.jpg 1656w, http:\/\/damas.laiglesiadelacomunidad.com\/wp-content\/uploads\/2018\/04\/img_8698-300x225.jpg 300w, http:\/\/damas.laiglesiadelacomunidad.com\/wp-content\/uploads\/2018\/04\/img_8698-768x576.jpg 768w, http:\/\/damas.laiglesiadelacomunidad.com\/wp-content\/uploads\/2018\/04\/img_8698-1024x768.jpg 1024w\" sizes=\"(max-width: 1656px) 100vw, 1656px\" \/><img loading=\"lazy\" decoding=\"async\" src=\"http:\/\/damas.laiglesiadelacomunidad.com\/wp-content\/uploads\/2018\/04\/img_8712.jpg\" class=\"size-full wp-image-14118\" height=\"1656\" width=\"1242\" srcset=\"http:\/\/damas.laiglesiadelacomunidad.com\/wp-content\/uploads\/2018\/04\/img_8712.jpg 1242w, http:\/\/damas.laiglesiadelacomunidad.com\/wp-content\/uploads\/2018\/04\/img_8712-225x300.jpg 225w, http:\/\/damas.laiglesiadelacomunidad.com\/wp-content\/uploads\/2018\/04\/img_8712-768x1024.jpg 768w\" sizes=\"(max-width: 1242px) 100vw, 1242px\" \/><img loading=\"lazy\" decoding=\"async\" src=\"http:\/\/damas.laiglesiadelacomunidad.com\/wp-content\/uploads\/2018\/04\/img_8713.jpg\" class=\"size-full wp-image-14116\" height=\"1656\" width=\"1242\" srcset=\"http:\/\/damas.laiglesiadelacomunidad.com\/wp-content\/uploads\/2018\/04\/img_8713.jpg 1242w, http:\/\/damas.laiglesiadelacomunidad.com\/wp-content\/uploads\/2018\/04\/img_8713-225x300.jpg 225w, http:\/\/damas.laiglesiadelacomunidad.com\/wp-content\/uploads\/2018\/04\/img_8713-768x1024.jpg 768w\" sizes=\"(max-width: 1242px) 100vw, 1242px\" \/><img loading=\"lazy\" decoding=\"async\" src=\"http:\/\/damas.laiglesiadelacomunidad.com\/wp-content\/uploads\/2018\/04\/img_8702.jpg\" class=\"wp-image-14117 size-full\" height=\"1242\" width=\"1656\" srcset=\"http:\/\/damas.laiglesiadelacomunidad.com\/wp-content\/uploads\/2018\/04\/img_8702.jpg 1656w, http:\/\/damas.laiglesiadelacomunidad.com\/wp-content\/uploads\/2018\/04\/img_8702-300x225.jpg 300w, http:\/\/damas.laiglesiadelacomunidad.com\/wp-content\/uploads\/2018\/04\/img_8702-768x576.jpg 768w, http:\/\/damas.laiglesiadelacomunidad.com\/wp-content\/uploads\/2018\/04\/img_8702-1024x768.jpg 1024w\" sizes=\"(max-width: 1656px) 100vw, 1656px\" \/><img loading=\"lazy\" decoding=\"async\" src=\"http:\/\/damas.laiglesiadelacomunidad.com\/wp-content\/uploads\/2018\/04\/img_8706.jpg\" class=\"size-full wp-image-14121\" height=\"4032\" width=\"3024\" srcset=\"http:\/\/damas.laiglesiadelacomunidad.com\/wp-content\/uploads\/2018\/04\/img_8706.jpg 3024w, http:\/\/damas.laiglesiadelacomunidad.com\/wp-content\/uploads\/2018\/04\/img_8706-225x300.jpg 225w, http:\/\/damas.laiglesiadelacomunidad.com\/wp-content\/uploads\/2018\/04\/img_8706-768x1024.jpg 768w\" sizes=\"(max-width: 3024px) 100vw, 3024px\" \/><img loading=\"lazy\" decoding=\"async\" src=\"http:\/\/damas.laiglesiadelacomunidad.com\/wp-content\/uploads\/2018\/04\/img_8708.jpg\" class=\"wp-image-14120 size-full\" height=\"4032\" width=\"3024\" srcset=\"http:\/\/damas.laiglesiadelacomunidad.com\/wp-content\/uploads\/2018\/04\/img_8708.jpg 3024w, http:\/\/damas.laiglesiadelacomunidad.com\/wp-content\/uploads\/2018\/04\/img_8708-225x300.jpg 225w, http:\/\/damas.laiglesiadelacomunidad.com\/wp-content\/uploads\/2018\/04\/img_8708-768x1024.jpg 768w\" sizes=\"(max-width: 3024px) 100vw, 3024px\" \/><\/p>\n<p><img loading=\"lazy\" decoding=\"async\" src=\"http:\/\/damas.laiglesiadelacomunidad.com\/wp-content\/uploads\/2018\/04\/img_8696.jpg\" class=\"wp-image-14126 size-full\" height=\"4032\" width=\"3024\" srcset=\"http:\/\/damas.laiglesiadelacomunidad.com\/wp-content\/uploads\/2018\/04\/img_8696.jpg 3024w, http:\/\/damas.laiglesiadelacomunidad.com\/wp-content\/uploads\/2018\/04\/img_8696-225x300.jpg 225w, http:\/\/damas.laiglesiadelacomunidad.com\/wp-content\/uploads\/2018\/04\/img_8696-768x1024.jpg 768w\" sizes=\"(max-width: 3024px) 100vw, 3024px\" \/><\/p>\n","protected":false},"excerpt":{"rendered":"<p>Gracias amado Padre por otro excelente d\u00eda de adoraci\u00f3n y por el buen mensaje que recibimos.<\/p>\n","protected":false},"author":2,"featured_media":0,"comment_status":"open","ping_status":"open","sticky":false,"template":"","format":"gallery","meta":{"footnotes":""},"categories":[7],"tags":[],"_links":{"self":[{"href":"http:\/\/damas.laiglesiadelacomunidad.com\/index.php?rest_route=\/wp\/v2\/posts\/14122"}],"collection":[{"href":"http:\/\/damas.laiglesiadelacomunidad.com\/index.php?rest_route=\/wp\/v2\/posts"}],"about":[{"href":"http:\/\/damas.laiglesiadelacomunidad.com\/index.php?rest_route=\/wp\/v2\/types\/post"}],"author":[{"embeddable":true,"href":"http:\/\/damas.laiglesiadelacomunidad.com\/index.php?rest_route=\/wp\/v2\/users\/2"}],"replies":[{"embeddable":true,"href":"http:\/\/damas.laiglesiadelacomunidad.com\/index.php?rest_route=%2Fwp%2Fv2%2Fcomments&post=14122"}],"version-history":[{"count":3,"href":"http:\/\/damas.laiglesiadelacomunidad.com\/index.php?rest_route=\/wp\/v2\/posts\/14122\/revisions"}],"predecessor-version":[{"id":14127,"href":"http:\/\/damas.laiglesiadelacomunidad.com\/index.php?rest_route=\/wp\/v2\/posts\/14122\/revisions\/14127"}],"wp:attachment":[{"href":"http:\/\/damas.laiglesiadelacomunidad.com\/index.php?rest_route=%2Fwp%2Fv2%2Fmedia&parent=14122"}],"wp:term":[{"taxonomy":"category","embeddable":true,"href":"http:\/\/damas.laiglesiadelacomunidad.com\/index.php?rest_route=%2Fwp%2Fv2%2Fcategories&post=14122"},{"taxonomy":"post_tag","embeddable":true,"href":"http:\/\/damas.laiglesiadelacomunidad.com\/index.php?rest_route=%2Fwp%2Fv2%2Ftags&post=14122"}],"curies":[{"name":"wp","href":"https:\/\/api.w.org\/{rel}","templated":true}]}}