{"id":13897,"date":"2018-01-14T23:37:37","date_gmt":"2018-01-15T05:37:37","guid":{"rendered":"http:\/\/damas.laiglesiadelacomunidad.com\/?p=13897"},"modified":"2018-01-15T15:23:52","modified_gmt":"2018-01-15T21:23:52","slug":"reunion-domingo-14-de-enero-del-2018","status":"publish","type":"post","link":"http:\/\/damas.laiglesiadelacomunidad.com\/?p=13897","title":{"rendered":"Reuni\u00f3n Domingo 14 de Enero del 2018"},"content":{"rendered":"<p>\u00a1Feliz Cumplea\u00f1os Roc\u00edo y Lupita!<\/p>\n<p>Gracias Se\u00f1or por permitirnos adorarte y escuchar ese mensaje tan animador.<\/p>\n<p><img loading=\"lazy\" decoding=\"async\" class=\"wp-image-13885 size-full\" src=\"http:\/\/damas.laiglesiadelacomunidad.com\/wp-content\/uploads\/2018\/01\/3e12c5a2-27b7-4451-85ce-f7d89d933fa7.jpg\" width=\"1024\" height=\"768\" srcset=\"http:\/\/damas.laiglesiadelacomunidad.com\/wp-content\/uploads\/2018\/01\/3e12c5a2-27b7-4451-85ce-f7d89d933fa7.jpg 1024w, http:\/\/damas.laiglesiadelacomunidad.com\/wp-content\/uploads\/2018\/01\/3e12c5a2-27b7-4451-85ce-f7d89d933fa7-300x225.jpg 300w, http:\/\/damas.laiglesiadelacomunidad.com\/wp-content\/uploads\/2018\/01\/3e12c5a2-27b7-4451-85ce-f7d89d933fa7-768x576.jpg 768w\" sizes=\"(max-width: 1024px) 100vw, 1024px\" \/><img loading=\"lazy\" decoding=\"async\" class=\"size-full wp-image-13888\" src=\"http:\/\/damas.laiglesiadelacomunidad.com\/wp-content\/uploads\/2018\/01\/img_4995.jpg\" width=\"2320\" height=\"3088\" srcset=\"http:\/\/damas.laiglesiadelacomunidad.com\/wp-content\/uploads\/2018\/01\/img_4995.jpg 2320w, http:\/\/damas.laiglesiadelacomunidad.com\/wp-content\/uploads\/2018\/01\/img_4995-225x300.jpg 225w, http:\/\/damas.laiglesiadelacomunidad.com\/wp-content\/uploads\/2018\/01\/img_4995-768x1022.jpg 768w, http:\/\/damas.laiglesiadelacomunidad.com\/wp-content\/uploads\/2018\/01\/img_4995-769x1024.jpg 769w\" sizes=\"(max-width: 2320px) 100vw, 2320px\" \/><img loading=\"lazy\" decoding=\"async\" class=\"size-full wp-image-13896\" src=\"http:\/\/damas.laiglesiadelacomunidad.com\/wp-content\/uploads\/2018\/01\/04b4e3a3-8c8a-422d-bac8-855b6da22437.jpg\" width=\"1024\" height=\"768\" srcset=\"http:\/\/damas.laiglesiadelacomunidad.com\/wp-content\/uploads\/2018\/01\/04b4e3a3-8c8a-422d-bac8-855b6da22437.jpg 1024w, http:\/\/damas.laiglesiadelacomunidad.com\/wp-content\/uploads\/2018\/01\/04b4e3a3-8c8a-422d-bac8-855b6da22437-300x225.jpg 300w, http:\/\/damas.laiglesiadelacomunidad.com\/wp-content\/uploads\/2018\/01\/04b4e3a3-8c8a-422d-bac8-855b6da22437-768x576.jpg 768w\" sizes=\"(max-width: 1024px) 100vw, 1024px\" \/><img loading=\"lazy\" decoding=\"async\" class=\"wp-image-13887 size-full\" src=\"http:\/\/damas.laiglesiadelacomunidad.com\/wp-content\/uploads\/2018\/01\/img_4981.jpg\" width=\"1242\" height=\"1656\" srcset=\"http:\/\/damas.laiglesiadelacomunidad.com\/wp-content\/uploads\/2018\/01\/img_4981.jpg 1242w, http:\/\/damas.laiglesiadelacomunidad.com\/wp-content\/uploads\/2018\/01\/img_4981-225x300.jpg 225w, http:\/\/damas.laiglesiadelacomunidad.com\/wp-content\/uploads\/2018\/01\/img_4981-768x1024.jpg 768w\" sizes=\"(max-width: 1242px) 100vw, 1242px\" \/><img loading=\"lazy\" decoding=\"async\" class=\"wp-image-13889 size-full\" src=\"http:\/\/damas.laiglesiadelacomunidad.com\/wp-content\/uploads\/2018\/01\/img_4986.jpg\" width=\"4032\" height=\"3024\" srcset=\"http:\/\/damas.laiglesiadelacomunidad.com\/wp-content\/uploads\/2018\/01\/img_4986.jpg 4032w, http:\/\/damas.laiglesiadelacomunidad.com\/wp-content\/uploads\/2018\/01\/img_4986-300x225.jpg 300w, http:\/\/damas.laiglesiadelacomunidad.com\/wp-content\/uploads\/2018\/01\/img_4986-768x576.jpg 768w, http:\/\/damas.laiglesiadelacomunidad.com\/wp-content\/uploads\/2018\/01\/img_4986-1024x768.jpg 1024w\" sizes=\"(max-width: 4032px) 100vw, 4032px\" \/><img loading=\"lazy\" decoding=\"async\" class=\"size-full wp-image-13890\" src=\"http:\/\/damas.laiglesiadelacomunidad.com\/wp-content\/uploads\/2018\/01\/img_4987.jpg\" width=\"4032\" height=\"3024\" srcset=\"http:\/\/damas.laiglesiadelacomunidad.com\/wp-content\/uploads\/2018\/01\/img_4987.jpg 4032w, http:\/\/damas.laiglesiadelacomunidad.com\/wp-content\/uploads\/2018\/01\/img_4987-300x225.jpg 300w, http:\/\/damas.laiglesiadelacomunidad.com\/wp-content\/uploads\/2018\/01\/img_4987-768x576.jpg 768w, http:\/\/damas.laiglesiadelacomunidad.com\/wp-content\/uploads\/2018\/01\/img_4987-1024x768.jpg 1024w\" sizes=\"(max-width: 4032px) 100vw, 4032px\" \/><img loading=\"lazy\" decoding=\"async\" class=\"size-full wp-image-13891\" src=\"http:\/\/damas.laiglesiadelacomunidad.com\/wp-content\/uploads\/2018\/01\/img_4989.jpg\" width=\"4032\" height=\"3024\" srcset=\"http:\/\/damas.laiglesiadelacomunidad.com\/wp-content\/uploads\/2018\/01\/img_4989.jpg 4032w, http:\/\/damas.laiglesiadelacomunidad.com\/wp-content\/uploads\/2018\/01\/img_4989-300x225.jpg 300w, http:\/\/damas.laiglesiadelacomunidad.com\/wp-content\/uploads\/2018\/01\/img_4989-768x576.jpg 768w, http:\/\/damas.laiglesiadelacomunidad.com\/wp-content\/uploads\/2018\/01\/img_4989-1024x768.jpg 1024w\" sizes=\"(max-width: 4032px) 100vw, 4032px\" \/><img loading=\"lazy\" decoding=\"async\" class=\"wp-image-13892 size-full\" src=\"http:\/\/damas.laiglesiadelacomunidad.com\/wp-content\/uploads\/2018\/01\/img_4990.jpg\" width=\"4032\" height=\"3024\" srcset=\"http:\/\/damas.laiglesiadelacomunidad.com\/wp-content\/uploads\/2018\/01\/img_4990.jpg 4032w, http:\/\/damas.laiglesiadelacomunidad.com\/wp-content\/uploads\/2018\/01\/img_4990-300x225.jpg 300w, http:\/\/damas.laiglesiadelacomunidad.com\/wp-content\/uploads\/2018\/01\/img_4990-768x576.jpg 768w, http:\/\/damas.laiglesiadelacomunidad.com\/wp-content\/uploads\/2018\/01\/img_4990-1024x768.jpg 1024w\" sizes=\"(max-width: 4032px) 100vw, 4032px\" \/><img loading=\"lazy\" decoding=\"async\" class=\"wp-image-13893 size-full\" src=\"http:\/\/damas.laiglesiadelacomunidad.com\/wp-content\/uploads\/2018\/01\/img_4991.jpg\" width=\"3024\" height=\"4032\" srcset=\"http:\/\/damas.laiglesiadelacomunidad.com\/wp-content\/uploads\/2018\/01\/img_4991.jpg 3024w, http:\/\/damas.laiglesiadelacomunidad.com\/wp-content\/uploads\/2018\/01\/img_4991-225x300.jpg 225w, http:\/\/damas.laiglesiadelacomunidad.com\/wp-content\/uploads\/2018\/01\/img_4991-768x1024.jpg 768w\" sizes=\"(max-width: 3024px) 100vw, 3024px\" \/><img loading=\"lazy\" decoding=\"async\" class=\"wp-image-13894 size-full\" src=\"http:\/\/damas.laiglesiadelacomunidad.com\/wp-content\/uploads\/2018\/01\/img_4992.jpg\" width=\"4032\" height=\"3024\" srcset=\"http:\/\/damas.laiglesiadelacomunidad.com\/wp-content\/uploads\/2018\/01\/img_4992.jpg 4032w, http:\/\/damas.laiglesiadelacomunidad.com\/wp-content\/uploads\/2018\/01\/img_4992-300x225.jpg 300w, http:\/\/damas.laiglesiadelacomunidad.com\/wp-content\/uploads\/2018\/01\/img_4992-768x576.jpg 768w, http:\/\/damas.laiglesiadelacomunidad.com\/wp-content\/uploads\/2018\/01\/img_4992-1024x768.jpg 1024w\" sizes=\"(max-width: 4032px) 100vw, 4032px\" \/><img loading=\"lazy\" decoding=\"async\" class=\"size-full wp-image-13895\" src=\"http:\/\/damas.laiglesiadelacomunidad.com\/wp-content\/uploads\/2018\/01\/img_4994.jpg\" width=\"4032\" height=\"3024\" srcset=\"http:\/\/damas.laiglesiadelacomunidad.com\/wp-content\/uploads\/2018\/01\/img_4994.jpg 4032w, http:\/\/damas.laiglesiadelacomunidad.com\/wp-content\/uploads\/2018\/01\/img_4994-300x225.jpg 300w, http:\/\/damas.laiglesiadelacomunidad.com\/wp-content\/uploads\/2018\/01\/img_4994-768x576.jpg 768w, http:\/\/damas.laiglesiadelacomunidad.com\/wp-content\/uploads\/2018\/01\/img_4994-1024x768.jpg 1024w\" sizes=\"(max-width: 4032px) 100vw, 4032px\" \/><\/p>\n","protected":false},"excerpt":{"rendered":"<p>\u00a1Feliz Cumplea\u00f1os Roc\u00edo y Lupita! Gracias Se\u00f1or por permitirnos adorarte y escuchar ese mensaje tan animador.<\/p>\n","protected":false},"author":2,"featured_media":0,"comment_status":"open","ping_status":"open","sticky":false,"template":"","format":"gallery","meta":{"footnotes":""},"categories":[7],"tags":[],"_links":{"self":[{"href":"http:\/\/damas.laiglesiadelacomunidad.com\/index.php?rest_route=\/wp\/v2\/posts\/13897"}],"collection":[{"href":"http:\/\/damas.laiglesiadelacomunidad.com\/index.php?rest_route=\/wp\/v2\/posts"}],"about":[{"href":"http:\/\/damas.laiglesiadelacomunidad.com\/index.php?rest_route=\/wp\/v2\/types\/post"}],"author":[{"embeddable":true,"href":"http:\/\/damas.laiglesiadelacomunidad.com\/index.php?rest_route=\/wp\/v2\/users\/2"}],"replies":[{"embeddable":true,"href":"http:\/\/damas.laiglesiadelacomunidad.com\/index.php?rest_route=%2Fwp%2Fv2%2Fcomments&post=13897"}],"version-history":[{"count":2,"href":"http:\/\/damas.laiglesiadelacomunidad.com\/index.php?rest_route=\/wp\/v2\/posts\/13897\/revisions"}],"predecessor-version":[{"id":13899,"href":"http:\/\/damas.laiglesiadelacomunidad.com\/index.php?rest_route=\/wp\/v2\/posts\/13897\/revisions\/13899"}],"wp:attachment":[{"href":"http:\/\/damas.laiglesiadelacomunidad.com\/index.php?rest_route=%2Fwp%2Fv2%2Fmedia&parent=13897"}],"wp:term":[{"taxonomy":"category","embeddable":true,"href":"http:\/\/damas.laiglesiadelacomunidad.com\/index.php?rest_route=%2Fwp%2Fv2%2Fcategories&post=13897"},{"taxonomy":"post_tag","embeddable":true,"href":"http:\/\/damas.laiglesiadelacomunidad.com\/index.php?rest_route=%2Fwp%2Fv2%2Ftags&post=13897"}],"curies":[{"name":"wp","href":"https:\/\/api.w.org\/{rel}","templated":true}]}}