{"id":13806,"date":"2017-11-26T22:13:47","date_gmt":"2017-11-27T04:13:47","guid":{"rendered":"http:\/\/damas.laiglesiadelacomunidad.com\/?p=13806"},"modified":"2017-11-26T22:13:47","modified_gmt":"2017-11-27T04:13:47","slug":"reunion-domingo-26-de-octubre-del-2017","status":"publish","type":"post","link":"http:\/\/damas.laiglesiadelacomunidad.com\/?p=13806","title":{"rendered":"Reuni\u00f3n domingo 26 de Octubre del 2017"},"content":{"rendered":"<p>Gracias Se\u00f1or por tanto que nos has dado y por darnos el privilegio de reunirnos y de pertenecer a \u00e9sta comunidad, alabado sea Tu nombre &#x1f64f;&#x1f3fb;<\/p>\n<p><img loading=\"lazy\" decoding=\"async\" src=\"http:\/\/damas.laiglesiadelacomunidad.com\/wp-content\/uploads\/2017\/11\/img_1924.jpg\" height=\"3024\" class=\"wp-image-13805\" width=\"4032\" srcset=\"http:\/\/damas.laiglesiadelacomunidad.com\/wp-content\/uploads\/2017\/11\/img_1924.jpg 4032w, http:\/\/damas.laiglesiadelacomunidad.com\/wp-content\/uploads\/2017\/11\/img_1924-300x225.jpg 300w, http:\/\/damas.laiglesiadelacomunidad.com\/wp-content\/uploads\/2017\/11\/img_1924-768x576.jpg 768w, http:\/\/damas.laiglesiadelacomunidad.com\/wp-content\/uploads\/2017\/11\/img_1924-1024x768.jpg 1024w\" sizes=\"(max-width: 4032px) 100vw, 4032px\" \/><img loading=\"lazy\" decoding=\"async\" src=\"http:\/\/damas.laiglesiadelacomunidad.com\/wp-content\/uploads\/2017\/11\/img_1928.jpg\" height=\"3024\" class=\"wp-image-13797\" width=\"4032\" srcset=\"http:\/\/damas.laiglesiadelacomunidad.com\/wp-content\/uploads\/2017\/11\/img_1928.jpg 4032w, http:\/\/damas.laiglesiadelacomunidad.com\/wp-content\/uploads\/2017\/11\/img_1928-300x225.jpg 300w, http:\/\/damas.laiglesiadelacomunidad.com\/wp-content\/uploads\/2017\/11\/img_1928-768x576.jpg 768w, http:\/\/damas.laiglesiadelacomunidad.com\/wp-content\/uploads\/2017\/11\/img_1928-1024x768.jpg 1024w\" sizes=\"(max-width: 4032px) 100vw, 4032px\" \/><img loading=\"lazy\" decoding=\"async\" src=\"http:\/\/damas.laiglesiadelacomunidad.com\/wp-content\/uploads\/2017\/11\/img_1929.jpg\" height=\"3024\" class=\"wp-image-13798\" width=\"4032\" srcset=\"http:\/\/damas.laiglesiadelacomunidad.com\/wp-content\/uploads\/2017\/11\/img_1929.jpg 4032w, http:\/\/damas.laiglesiadelacomunidad.com\/wp-content\/uploads\/2017\/11\/img_1929-300x225.jpg 300w, http:\/\/damas.laiglesiadelacomunidad.com\/wp-content\/uploads\/2017\/11\/img_1929-768x576.jpg 768w, http:\/\/damas.laiglesiadelacomunidad.com\/wp-content\/uploads\/2017\/11\/img_1929-1024x768.jpg 1024w\" sizes=\"(max-width: 4032px) 100vw, 4032px\" \/><img loading=\"lazy\" decoding=\"async\" src=\"http:\/\/damas.laiglesiadelacomunidad.com\/wp-content\/uploads\/2017\/11\/img_1932.jpg\" height=\"4032\" class=\"wp-image-13800\" width=\"3024\" srcset=\"http:\/\/damas.laiglesiadelacomunidad.com\/wp-content\/uploads\/2017\/11\/img_1932.jpg 3024w, http:\/\/damas.laiglesiadelacomunidad.com\/wp-content\/uploads\/2017\/11\/img_1932-225x300.jpg 225w, http:\/\/damas.laiglesiadelacomunidad.com\/wp-content\/uploads\/2017\/11\/img_1932-768x1024.jpg 768w\" sizes=\"(max-width: 3024px) 100vw, 3024px\" \/><img loading=\"lazy\" decoding=\"async\" src=\"http:\/\/damas.laiglesiadelacomunidad.com\/wp-content\/uploads\/2017\/11\/img_1935.jpg\" height=\"4032\" class=\"wp-image-13801\" width=\"3024\" srcset=\"http:\/\/damas.laiglesiadelacomunidad.com\/wp-content\/uploads\/2017\/11\/img_1935.jpg 3024w, http:\/\/damas.laiglesiadelacomunidad.com\/wp-content\/uploads\/2017\/11\/img_1935-225x300.jpg 225w, http:\/\/damas.laiglesiadelacomunidad.com\/wp-content\/uploads\/2017\/11\/img_1935-768x1024.jpg 768w\" sizes=\"(max-width: 3024px) 100vw, 3024px\" \/><img loading=\"lazy\" decoding=\"async\" src=\"http:\/\/damas.laiglesiadelacomunidad.com\/wp-content\/uploads\/2017\/11\/img_1938.jpg\" height=\"4032\" class=\"wp-image-13802\" width=\"3024\" srcset=\"http:\/\/damas.laiglesiadelacomunidad.com\/wp-content\/uploads\/2017\/11\/img_1938.jpg 3024w, http:\/\/damas.laiglesiadelacomunidad.com\/wp-content\/uploads\/2017\/11\/img_1938-225x300.jpg 225w, http:\/\/damas.laiglesiadelacomunidad.com\/wp-content\/uploads\/2017\/11\/img_1938-768x1024.jpg 768w\" sizes=\"(max-width: 3024px) 100vw, 3024px\" \/><img loading=\"lazy\" decoding=\"async\" src=\"http:\/\/damas.laiglesiadelacomunidad.com\/wp-content\/uploads\/2017\/11\/img_1942.jpg\" height=\"3024\" class=\"wp-image-13803\" width=\"4032\" srcset=\"http:\/\/damas.laiglesiadelacomunidad.com\/wp-content\/uploads\/2017\/11\/img_1942.jpg 4032w, http:\/\/damas.laiglesiadelacomunidad.com\/wp-content\/uploads\/2017\/11\/img_1942-300x225.jpg 300w, http:\/\/damas.laiglesiadelacomunidad.com\/wp-content\/uploads\/2017\/11\/img_1942-768x576.jpg 768w, http:\/\/damas.laiglesiadelacomunidad.com\/wp-content\/uploads\/2017\/11\/img_1942-1024x768.jpg 1024w\" sizes=\"(max-width: 4032px) 100vw, 4032px\" \/><img loading=\"lazy\" decoding=\"async\" src=\"http:\/\/damas.laiglesiadelacomunidad.com\/wp-content\/uploads\/2017\/11\/img_1943.jpg\" height=\"3024\" class=\"wp-image-13804\" width=\"4032\" srcset=\"http:\/\/damas.laiglesiadelacomunidad.com\/wp-content\/uploads\/2017\/11\/img_1943.jpg 4032w, http:\/\/damas.laiglesiadelacomunidad.com\/wp-content\/uploads\/2017\/11\/img_1943-300x225.jpg 300w, http:\/\/damas.laiglesiadelacomunidad.com\/wp-content\/uploads\/2017\/11\/img_1943-768x576.jpg 768w, http:\/\/damas.laiglesiadelacomunidad.com\/wp-content\/uploads\/2017\/11\/img_1943-1024x768.jpg 1024w\" sizes=\"(max-width: 4032px) 100vw, 4032px\" \/><\/p>\n","protected":false},"excerpt":{"rendered":"<p>Gracias Se\u00f1or por tanto que nos has dado y por darnos el privilegio de reunirnos y de pertenecer a \u00e9sta comunidad, alabado sea Tu nombre &#x1f64f;&#x1f3fb;<\/p>\n","protected":false},"author":2,"featured_media":0,"comment_status":"open","ping_status":"open","sticky":false,"template":"","format":"gallery","meta":{"footnotes":""},"categories":[7],"tags":[],"_links":{"self":[{"href":"http:\/\/damas.laiglesiadelacomunidad.com\/index.php?rest_route=\/wp\/v2\/posts\/13806"}],"collection":[{"href":"http:\/\/damas.laiglesiadelacomunidad.com\/index.php?rest_route=\/wp\/v2\/posts"}],"about":[{"href":"http:\/\/damas.laiglesiadelacomunidad.com\/index.php?rest_route=\/wp\/v2\/types\/post"}],"author":[{"embeddable":true,"href":"http:\/\/damas.laiglesiadelacomunidad.com\/index.php?rest_route=\/wp\/v2\/users\/2"}],"replies":[{"embeddable":true,"href":"http:\/\/damas.laiglesiadelacomunidad.com\/index.php?rest_route=%2Fwp%2Fv2%2Fcomments&post=13806"}],"version-history":[{"count":1,"href":"http:\/\/damas.laiglesiadelacomunidad.com\/index.php?rest_route=\/wp\/v2\/posts\/13806\/revisions"}],"predecessor-version":[{"id":13807,"href":"http:\/\/damas.laiglesiadelacomunidad.com\/index.php?rest_route=\/wp\/v2\/posts\/13806\/revisions\/13807"}],"wp:attachment":[{"href":"http:\/\/damas.laiglesiadelacomunidad.com\/index.php?rest_route=%2Fwp%2Fv2%2Fmedia&parent=13806"}],"wp:term":[{"taxonomy":"category","embeddable":true,"href":"http:\/\/damas.laiglesiadelacomunidad.com\/index.php?rest_route=%2Fwp%2Fv2%2Fcategories&post=13806"},{"taxonomy":"post_tag","embeddable":true,"href":"http:\/\/damas.laiglesiadelacomunidad.com\/index.php?rest_route=%2Fwp%2Fv2%2Ftags&post=13806"}],"curies":[{"name":"wp","href":"https:\/\/api.w.org\/{rel}","templated":true}]}}