{"id":13621,"date":"2017-09-25T08:03:03","date_gmt":"2017-09-25T13:03:03","guid":{"rendered":"http:\/\/damas.laiglesiadelacomunidad.com\/?p=13621"},"modified":"2017-09-25T08:03:03","modified_gmt":"2017-09-25T13:03:03","slug":"versiculo-para-meditar-386","status":"publish","type":"post","link":"http:\/\/damas.laiglesiadelacomunidad.com\/?p=13621","title":{"rendered":"Vers\u00edculo para Meditar"},"content":{"rendered":"<p><img loading=\"lazy\" decoding=\"async\" src=\"http:\/\/damas.laiglesiadelacomunidad.com\/wp-content\/uploads\/2017\/09\/img_8687.jpg\" height=\"640\" class=\"wp-image-13620\" width=\"640\" srcset=\"http:\/\/damas.laiglesiadelacomunidad.com\/wp-content\/uploads\/2017\/09\/img_8687.jpg 640w, http:\/\/damas.laiglesiadelacomunidad.com\/wp-content\/uploads\/2017\/09\/img_8687-150x150.jpg 150w, http:\/\/damas.laiglesiadelacomunidad.com\/wp-content\/uploads\/2017\/09\/img_8687-300x300.jpg 300w\" sizes=\"(max-width: 640px) 100vw, 640px\" \/><\/p>\n<p><strong><em> Lleguemos confiadamente a nuestro Se\u00f1or pues en el tenemos salvaci\u00f3n, buenos d\u00edas, feliz inicio de semana, que El Se\u00f1or cuide nuestras entradas y salidas.<\/em><\/strong><\/p>\n","protected":false},"excerpt":{"rendered":"<p>Lleguemos confiadamente a nuestro Se\u00f1or pues en el tenemos salvaci\u00f3n, buenos d\u00edas, feliz inicio de semana, que El Se\u00f1or cuide nuestras entradas y salidas.<\/p>\n","protected":false},"author":2,"featured_media":0,"comment_status":"open","ping_status":"open","sticky":false,"template":"","format":"chat","meta":{"footnotes":""},"categories":[5],"tags":[],"_links":{"self":[{"href":"http:\/\/damas.laiglesiadelacomunidad.com\/index.php?rest_route=\/wp\/v2\/posts\/13621"}],"collection":[{"href":"http:\/\/damas.laiglesiadelacomunidad.com\/index.php?rest_route=\/wp\/v2\/posts"}],"about":[{"href":"http:\/\/damas.laiglesiadelacomunidad.com\/index.php?rest_route=\/wp\/v2\/types\/post"}],"author":[{"embeddable":true,"href":"http:\/\/damas.laiglesiadelacomunidad.com\/index.php?rest_route=\/wp\/v2\/users\/2"}],"replies":[{"embeddable":true,"href":"http:\/\/damas.laiglesiadelacomunidad.com\/index.php?rest_route=%2Fwp%2Fv2%2Fcomments&post=13621"}],"version-history":[{"count":1,"href":"http:\/\/damas.laiglesiadelacomunidad.com\/index.php?rest_route=\/wp\/v2\/posts\/13621\/revisions"}],"predecessor-version":[{"id":13622,"href":"http:\/\/damas.laiglesiadelacomunidad.com\/index.php?rest_route=\/wp\/v2\/posts\/13621\/revisions\/13622"}],"wp:attachment":[{"href":"http:\/\/damas.laiglesiadelacomunidad.com\/index.php?rest_route=%2Fwp%2Fv2%2Fmedia&parent=13621"}],"wp:term":[{"taxonomy":"category","embeddable":true,"href":"http:\/\/damas.laiglesiadelacomunidad.com\/index.php?rest_route=%2Fwp%2Fv2%2Fcategories&post=13621"},{"taxonomy":"post_tag","embeddable":true,"href":"http:\/\/damas.laiglesiadelacomunidad.com\/index.php?rest_route=%2Fwp%2Fv2%2Ftags&post=13621"}],"curies":[{"name":"wp","href":"https:\/\/api.w.org\/{rel}","templated":true}]}}