{"id":13044,"date":"2017-05-01T00:24:52","date_gmt":"2017-05-01T05:24:52","guid":{"rendered":"http:\/\/damas.laiglesiadelacomunidad.com\/?p=13044"},"modified":"2017-05-01T00:29:47","modified_gmt":"2017-05-01T05:29:47","slug":"reunion-domingo-30-de-abril-del-2017","status":"publish","type":"post","link":"http:\/\/damas.laiglesiadelacomunidad.com\/?p=13044","title":{"rendered":"Reuni\u00f3n domingo 30 de Abril del 2017"},"content":{"rendered":"<p>Gracias Se\u00f1or por poner en nuestros corazones la necesidad de congregarnos, gracias por la reuni\u00f3n de hoy y gracias por poner el deseo en el coraz\u00f3n de Leslie de presentar a Janessa, te pedimos que la bendigas y la hagas crecer en sabidur\u00eda y especialmente en tu conocimiento, encomendamos la vida de esta ni\u00f1a a Ti. &#x1f64f;&#x1f3fb;<\/p>\n<p><a href=\"http:\/\/damas.laiglesiadelacomunidad.com\/wp-content\/uploads\/2017\/05\/img_2832.jpg\"><img loading=\"lazy\" decoding=\"async\" src=\"http:\/\/damas.laiglesiadelacomunidad.com\/wp-content\/uploads\/2017\/05\/img_2832.jpg\" alt=\"\" width=\"3264\" height=\"2448\" class=\"alignnone size-full wp-image-13041\" srcset=\"http:\/\/damas.laiglesiadelacomunidad.com\/wp-content\/uploads\/2017\/05\/img_2832.jpg 3264w, http:\/\/damas.laiglesiadelacomunidad.com\/wp-content\/uploads\/2017\/05\/img_2832-300x225.jpg 300w, http:\/\/damas.laiglesiadelacomunidad.com\/wp-content\/uploads\/2017\/05\/img_2832-768x576.jpg 768w, http:\/\/damas.laiglesiadelacomunidad.com\/wp-content\/uploads\/2017\/05\/img_2832-1024x768.jpg 1024w\" sizes=\"(max-width: 3264px) 100vw, 3264px\" \/><\/a><a href=\"http:\/\/damas.laiglesiadelacomunidad.com\/wp-content\/uploads\/2017\/05\/img_2839.jpg\"><img loading=\"lazy\" decoding=\"async\" src=\"http:\/\/damas.laiglesiadelacomunidad.com\/wp-content\/uploads\/2017\/05\/img_2839.jpg\" alt=\"\" width=\"3264\" height=\"2448\" class=\"alignnone size-full wp-image-13038\" srcset=\"http:\/\/damas.laiglesiadelacomunidad.com\/wp-content\/uploads\/2017\/05\/img_2839.jpg 3264w, http:\/\/damas.laiglesiadelacomunidad.com\/wp-content\/uploads\/2017\/05\/img_2839-300x225.jpg 300w, http:\/\/damas.laiglesiadelacomunidad.com\/wp-content\/uploads\/2017\/05\/img_2839-768x576.jpg 768w, http:\/\/damas.laiglesiadelacomunidad.com\/wp-content\/uploads\/2017\/05\/img_2839-1024x768.jpg 1024w\" sizes=\"(max-width: 3264px) 100vw, 3264px\" \/><\/a><a href=\"http:\/\/damas.laiglesiadelacomunidad.com\/wp-content\/uploads\/2017\/05\/img_2838.jpg\"><img loading=\"lazy\" decoding=\"async\" src=\"http:\/\/damas.laiglesiadelacomunidad.com\/wp-content\/uploads\/2017\/05\/img_2838.jpg\" alt=\"\" width=\"2448\" height=\"3264\" class=\"alignnone size-full wp-image-13039\" srcset=\"http:\/\/damas.laiglesiadelacomunidad.com\/wp-content\/uploads\/2017\/05\/img_2838.jpg 2448w, http:\/\/damas.laiglesiadelacomunidad.com\/wp-content\/uploads\/2017\/05\/img_2838-225x300.jpg 225w, http:\/\/damas.laiglesiadelacomunidad.com\/wp-content\/uploads\/2017\/05\/img_2838-768x1024.jpg 768w\" sizes=\"(max-width: 2448px) 100vw, 2448px\" \/><\/a><a href=\"http:\/\/damas.laiglesiadelacomunidad.com\/wp-content\/uploads\/2017\/05\/img_2840.jpg\"><img loading=\"lazy\" decoding=\"async\" src=\"http:\/\/damas.laiglesiadelacomunidad.com\/wp-content\/uploads\/2017\/05\/img_2840.jpg\" alt=\"\" width=\"3264\" height=\"2448\" class=\"alignnone size-full wp-image-13040\" srcset=\"http:\/\/damas.laiglesiadelacomunidad.com\/wp-content\/uploads\/2017\/05\/img_2840.jpg 3264w, http:\/\/damas.laiglesiadelacomunidad.com\/wp-content\/uploads\/2017\/05\/img_2840-300x225.jpg 300w, http:\/\/damas.laiglesiadelacomunidad.com\/wp-content\/uploads\/2017\/05\/img_2840-768x576.jpg 768w, http:\/\/damas.laiglesiadelacomunidad.com\/wp-content\/uploads\/2017\/05\/img_2840-1024x768.jpg 1024w\" sizes=\"(max-width: 3264px) 100vw, 3264px\" \/><\/a><a href=\"http:\/\/damas.laiglesiadelacomunidad.com\/wp-content\/uploads\/2017\/05\/img_2845.jpg\"><img loading=\"lazy\" decoding=\"async\" src=\"http:\/\/damas.laiglesiadelacomunidad.com\/wp-content\/uploads\/2017\/05\/img_2845.jpg\" alt=\"\" width=\"3264\" height=\"2448\" class=\"alignnone size-full wp-image-13043\" srcset=\"http:\/\/damas.laiglesiadelacomunidad.com\/wp-content\/uploads\/2017\/05\/img_2845.jpg 3264w, http:\/\/damas.laiglesiadelacomunidad.com\/wp-content\/uploads\/2017\/05\/img_2845-300x225.jpg 300w, http:\/\/damas.laiglesiadelacomunidad.com\/wp-content\/uploads\/2017\/05\/img_2845-768x576.jpg 768w, http:\/\/damas.laiglesiadelacomunidad.com\/wp-content\/uploads\/2017\/05\/img_2845-1024x768.jpg 1024w\" sizes=\"(max-width: 3264px) 100vw, 3264px\" \/><\/a><a href=\"http:\/\/damas.laiglesiadelacomunidad.com\/wp-content\/uploads\/2017\/05\/img_2850.jpg\"><img loading=\"lazy\" decoding=\"async\" src=\"http:\/\/damas.laiglesiadelacomunidad.com\/wp-content\/uploads\/2017\/05\/img_2850.jpg\" alt=\"\" width=\"3264\" height=\"2448\" class=\"alignnone size-full wp-image-13042\" srcset=\"http:\/\/damas.laiglesiadelacomunidad.com\/wp-content\/uploads\/2017\/05\/img_2850.jpg 3264w, http:\/\/damas.laiglesiadelacomunidad.com\/wp-content\/uploads\/2017\/05\/img_2850-300x225.jpg 300w, http:\/\/damas.laiglesiadelacomunidad.com\/wp-content\/uploads\/2017\/05\/img_2850-768x576.jpg 768w, http:\/\/damas.laiglesiadelacomunidad.com\/wp-content\/uploads\/2017\/05\/img_2850-1024x768.jpg 1024w\" sizes=\"(max-width: 3264px) 100vw, 3264px\" \/><a href=\"http:\/\/damas.laiglesiadelacomunidad.com\/wp-content\/uploads\/2017\/05\/img_2859.jpg\"><img loading=\"lazy\" decoding=\"async\" src=\"http:\/\/damas.laiglesiadelacomunidad.com\/wp-content\/uploads\/2017\/05\/img_2859.jpg\" alt=\"\" width=\"1334\" height=\"750\" class=\"alignnone size-full wp-image-13046\" srcset=\"http:\/\/damas.laiglesiadelacomunidad.com\/wp-content\/uploads\/2017\/05\/img_2859.jpg 1334w, http:\/\/damas.laiglesiadelacomunidad.com\/wp-content\/uploads\/2017\/05\/img_2859-300x169.jpg 300w, http:\/\/damas.laiglesiadelacomunidad.com\/wp-content\/uploads\/2017\/05\/img_2859-768x432.jpg 768w, http:\/\/damas.laiglesiadelacomunidad.com\/wp-content\/uploads\/2017\/05\/img_2859-1024x576.jpg 1024w\" sizes=\"(max-width: 1334px) 100vw, 1334px\" \/><\/a><\/a><\/p>\n","protected":false},"excerpt":{"rendered":"<p>Gracias Se\u00f1or por poner en nuestros corazones la necesidad de congregarnos, gracias por la reuni\u00f3n de hoy y gracias por poner el deseo en el coraz\u00f3n de Leslie de presentar a Janessa, te pedimos que la bendigas y la hagas crecer en sabidur\u00eda y especialmente en tu conocimiento, encomendamos la vida de esta ni\u00f1a a &hellip; <a href=\"http:\/\/damas.laiglesiadelacomunidad.com\/?p=13044\" class=\"more-link\">Continue reading <span class=\"screen-reader-text\">Reuni\u00f3n domingo 30 de Abril del 2017<\/span> <span class=\"meta-nav\">&rarr;<\/span><\/a><\/p>\n","protected":false},"author":2,"featured_media":0,"comment_status":"open","ping_status":"open","sticky":false,"template":"","format":"gallery","meta":{"footnotes":""},"categories":[7],"tags":[],"_links":{"self":[{"href":"http:\/\/damas.laiglesiadelacomunidad.com\/index.php?rest_route=\/wp\/v2\/posts\/13044"}],"collection":[{"href":"http:\/\/damas.laiglesiadelacomunidad.com\/index.php?rest_route=\/wp\/v2\/posts"}],"about":[{"href":"http:\/\/damas.laiglesiadelacomunidad.com\/index.php?rest_route=\/wp\/v2\/types\/post"}],"author":[{"embeddable":true,"href":"http:\/\/damas.laiglesiadelacomunidad.com\/index.php?rest_route=\/wp\/v2\/users\/2"}],"replies":[{"embeddable":true,"href":"http:\/\/damas.laiglesiadelacomunidad.com\/index.php?rest_route=%2Fwp%2Fv2%2Fcomments&post=13044"}],"version-history":[{"count":2,"href":"http:\/\/damas.laiglesiadelacomunidad.com\/index.php?rest_route=\/wp\/v2\/posts\/13044\/revisions"}],"predecessor-version":[{"id":13047,"href":"http:\/\/damas.laiglesiadelacomunidad.com\/index.php?rest_route=\/wp\/v2\/posts\/13044\/revisions\/13047"}],"wp:attachment":[{"href":"http:\/\/damas.laiglesiadelacomunidad.com\/index.php?rest_route=%2Fwp%2Fv2%2Fmedia&parent=13044"}],"wp:term":[{"taxonomy":"category","embeddable":true,"href":"http:\/\/damas.laiglesiadelacomunidad.com\/index.php?rest_route=%2Fwp%2Fv2%2Fcategories&post=13044"},{"taxonomy":"post_tag","embeddable":true,"href":"http:\/\/damas.laiglesiadelacomunidad.com\/index.php?rest_route=%2Fwp%2Fv2%2Ftags&post=13044"}],"curies":[{"name":"wp","href":"https:\/\/api.w.org\/{rel}","templated":true}]}}