{"id":13020,"date":"2017-04-23T22:04:47","date_gmt":"2017-04-24T03:04:47","guid":{"rendered":"http:\/\/damas.laiglesiadelacomunidad.com\/?p=13020"},"modified":"2017-04-23T22:04:47","modified_gmt":"2017-04-24T03:04:47","slug":"reunion-domingo-23-de-marzo-del-2017","status":"publish","type":"post","link":"http:\/\/damas.laiglesiadelacomunidad.com\/?p=13020","title":{"rendered":"Reuni\u00f3n domingo 23 de Marzo del 2017"},"content":{"rendered":"<p>Gracias Se\u00f1or por permitir que nos reuni\u00e9ramos hoy, y gracias Padre por tan buena ense\u00f1anza, perm\u00edtenos que la pongamos en pr\u00e1ctica &#x1f64f;&#x1f3fb;<\/p>\n<p><a href=\"http:\/\/damas.laiglesiadelacomunidad.com\/wp-content\/uploads\/2017\/04\/img_2557-1.jpg\"><img loading=\"lazy\" decoding=\"async\" src=\"http:\/\/damas.laiglesiadelacomunidad.com\/wp-content\/uploads\/2017\/04\/img_2557-1.jpg\" alt=\"\" width=\"3264\" height=\"2448\" class=\"alignnone size-full wp-image-13008\" srcset=\"http:\/\/damas.laiglesiadelacomunidad.com\/wp-content\/uploads\/2017\/04\/img_2557-1.jpg 3264w, http:\/\/damas.laiglesiadelacomunidad.com\/wp-content\/uploads\/2017\/04\/img_2557-1-300x225.jpg 300w, http:\/\/damas.laiglesiadelacomunidad.com\/wp-content\/uploads\/2017\/04\/img_2557-1-768x576.jpg 768w, http:\/\/damas.laiglesiadelacomunidad.com\/wp-content\/uploads\/2017\/04\/img_2557-1-1024x768.jpg 1024w\" sizes=\"(max-width: 3264px) 100vw, 3264px\" \/><\/a><a href=\"http:\/\/damas.laiglesiadelacomunidad.com\/wp-content\/uploads\/2017\/04\/img_2563.jpg\"><img loading=\"lazy\" decoding=\"async\" src=\"http:\/\/damas.laiglesiadelacomunidad.com\/wp-content\/uploads\/2017\/04\/img_2563.jpg\" alt=\"\" width=\"2448\" height=\"3264\" class=\"alignnone size-full wp-image-13010\" srcset=\"http:\/\/damas.laiglesiadelacomunidad.com\/wp-content\/uploads\/2017\/04\/img_2563.jpg 2448w, http:\/\/damas.laiglesiadelacomunidad.com\/wp-content\/uploads\/2017\/04\/img_2563-225x300.jpg 225w, http:\/\/damas.laiglesiadelacomunidad.com\/wp-content\/uploads\/2017\/04\/img_2563-768x1024.jpg 768w\" sizes=\"(max-width: 2448px) 100vw, 2448px\" \/><\/a><a href=\"http:\/\/damas.laiglesiadelacomunidad.com\/wp-content\/uploads\/2017\/04\/img_2564.jpg\"><img loading=\"lazy\" decoding=\"async\" src=\"http:\/\/damas.laiglesiadelacomunidad.com\/wp-content\/uploads\/2017\/04\/img_2564.jpg\" alt=\"\" width=\"2448\" height=\"3264\" class=\"alignnone size-full wp-image-13009\" srcset=\"http:\/\/damas.laiglesiadelacomunidad.com\/wp-content\/uploads\/2017\/04\/img_2564.jpg 2448w, http:\/\/damas.laiglesiadelacomunidad.com\/wp-content\/uploads\/2017\/04\/img_2564-225x300.jpg 225w, http:\/\/damas.laiglesiadelacomunidad.com\/wp-content\/uploads\/2017\/04\/img_2564-768x1024.jpg 768w\" sizes=\"(max-width: 2448px) 100vw, 2448px\" \/><\/a><a href=\"http:\/\/damas.laiglesiadelacomunidad.com\/wp-content\/uploads\/2017\/04\/img_2566-1-1.jpg\"><img loading=\"lazy\" decoding=\"async\" src=\"http:\/\/damas.laiglesiadelacomunidad.com\/wp-content\/uploads\/2017\/04\/img_2566-1-1.jpg\" alt=\"\" width=\"2448\" height=\"3264\" class=\"alignnone size-full wp-image-13016\" srcset=\"http:\/\/damas.laiglesiadelacomunidad.com\/wp-content\/uploads\/2017\/04\/img_2566-1-1.jpg 2448w, http:\/\/damas.laiglesiadelacomunidad.com\/wp-content\/uploads\/2017\/04\/img_2566-1-1-225x300.jpg 225w, http:\/\/damas.laiglesiadelacomunidad.com\/wp-content\/uploads\/2017\/04\/img_2566-1-1-768x1024.jpg 768w\" sizes=\"(max-width: 2448px) 100vw, 2448px\" \/><\/a><a href=\"http:\/\/damas.laiglesiadelacomunidad.com\/wp-content\/uploads\/2017\/04\/img_2568.jpg\"><img loading=\"lazy\" decoding=\"async\" src=\"http:\/\/damas.laiglesiadelacomunidad.com\/wp-content\/uploads\/2017\/04\/img_2568.jpg\" alt=\"\" width=\"2448\" height=\"3264\" class=\"alignnone size-full wp-image-13018\" srcset=\"http:\/\/damas.laiglesiadelacomunidad.com\/wp-content\/uploads\/2017\/04\/img_2568.jpg 2448w, http:\/\/damas.laiglesiadelacomunidad.com\/wp-content\/uploads\/2017\/04\/img_2568-225x300.jpg 225w, http:\/\/damas.laiglesiadelacomunidad.com\/wp-content\/uploads\/2017\/04\/img_2568-768x1024.jpg 768w\" sizes=\"(max-width: 2448px) 100vw, 2448px\" \/><\/a><a href=\"http:\/\/damas.laiglesiadelacomunidad.com\/wp-content\/uploads\/2017\/04\/img_2569-1.jpg\"><img loading=\"lazy\" decoding=\"async\" src=\"http:\/\/damas.laiglesiadelacomunidad.com\/wp-content\/uploads\/2017\/04\/img_2569-1.jpg\" alt=\"\" width=\"2448\" height=\"3264\" class=\"alignnone size-full wp-image-13019\" srcset=\"http:\/\/damas.laiglesiadelacomunidad.com\/wp-content\/uploads\/2017\/04\/img_2569-1.jpg 2448w, http:\/\/damas.laiglesiadelacomunidad.com\/wp-content\/uploads\/2017\/04\/img_2569-1-225x300.jpg 225w, http:\/\/damas.laiglesiadelacomunidad.com\/wp-content\/uploads\/2017\/04\/img_2569-1-768x1024.jpg 768w\" sizes=\"(max-width: 2448px) 100vw, 2448px\" \/><\/a><a href=\"http:\/\/damas.laiglesiadelacomunidad.com\/wp-content\/uploads\/2017\/04\/img_2570-1.jpg\"><img loading=\"lazy\" decoding=\"async\" src=\"http:\/\/damas.laiglesiadelacomunidad.com\/wp-content\/uploads\/2017\/04\/img_2570-1.jpg\" alt=\"\" width=\"2448\" height=\"3264\" class=\"alignnone size-full wp-image-13015\" srcset=\"http:\/\/damas.laiglesiadelacomunidad.com\/wp-content\/uploads\/2017\/04\/img_2570-1.jpg 2448w, http:\/\/damas.laiglesiadelacomunidad.com\/wp-content\/uploads\/2017\/04\/img_2570-1-225x300.jpg 225w, http:\/\/damas.laiglesiadelacomunidad.com\/wp-content\/uploads\/2017\/04\/img_2570-1-768x1024.jpg 768w\" sizes=\"(max-width: 2448px) 100vw, 2448px\" \/><\/a><a href=\"http:\/\/damas.laiglesiadelacomunidad.com\/wp-content\/uploads\/2017\/04\/img_2573.jpg\"><img loading=\"lazy\" decoding=\"async\" width=\"2448\" height=\"3264\" alt=\"\" src=\"http:\/\/damas.laiglesiadelacomunidad.com\/wp-content\/uploads\/2017\/04\/img_2573.jpg\" title=\"\" class=\"alignnone size-full wp-image-13013\" srcset=\"http:\/\/damas.laiglesiadelacomunidad.com\/wp-content\/uploads\/2017\/04\/img_2573.jpg 2448w, http:\/\/damas.laiglesiadelacomunidad.com\/wp-content\/uploads\/2017\/04\/img_2573-225x300.jpg 225w, http:\/\/damas.laiglesiadelacomunidad.com\/wp-content\/uploads\/2017\/04\/img_2573-768x1024.jpg 768w\" sizes=\"(max-width: 2448px) 100vw, 2448px\" \/><\/a><a href=\"http:\/\/damas.laiglesiadelacomunidad.com\/wp-content\/uploads\/2017\/04\/img_2576-1.jpg\"><img loading=\"lazy\" decoding=\"async\" src=\"http:\/\/damas.laiglesiadelacomunidad.com\/wp-content\/uploads\/2017\/04\/img_2576-1.jpg\" alt=\"\" width=\"2448\" height=\"3264\" class=\"alignnone size-full wp-image-13017\" srcset=\"http:\/\/damas.laiglesiadelacomunidad.com\/wp-content\/uploads\/2017\/04\/img_2576-1.jpg 2448w, http:\/\/damas.laiglesiadelacomunidad.com\/wp-content\/uploads\/2017\/04\/img_2576-1-225x300.jpg 225w, http:\/\/damas.laiglesiadelacomunidad.com\/wp-content\/uploads\/2017\/04\/img_2576-1-768x1024.jpg 768w\" sizes=\"(max-width: 2448px) 100vw, 2448px\" \/><\/a><a href=\"http:\/\/damas.laiglesiadelacomunidad.com\/wp-content\/uploads\/2017\/04\/img_2577.jpg\"><img loading=\"lazy\" decoding=\"async\" src=\"http:\/\/damas.laiglesiadelacomunidad.com\/wp-content\/uploads\/2017\/04\/img_2577.jpg\" alt=\"\" width=\"1334\" height=\"1000\" class=\"alignnone size-full wp-image-13011\" srcset=\"http:\/\/damas.laiglesiadelacomunidad.com\/wp-content\/uploads\/2017\/04\/img_2577.jpg 1334w, http:\/\/damas.laiglesiadelacomunidad.com\/wp-content\/uploads\/2017\/04\/img_2577-300x225.jpg 300w, http:\/\/damas.laiglesiadelacomunidad.com\/wp-content\/uploads\/2017\/04\/img_2577-768x576.jpg 768w, http:\/\/damas.laiglesiadelacomunidad.com\/wp-content\/uploads\/2017\/04\/img_2577-1024x768.jpg 1024w\" sizes=\"(max-width: 1334px) 100vw, 1334px\" \/><\/a><a href=\"http:\/\/damas.laiglesiadelacomunidad.com\/wp-content\/uploads\/2017\/04\/img_2578.jpg\"><img loading=\"lazy\" decoding=\"async\" src=\"http:\/\/damas.laiglesiadelacomunidad.com\/wp-content\/uploads\/2017\/04\/img_2578.jpg\" alt=\"\" width=\"1600\" height=\"1200\" class=\"alignnone size-full wp-image-13012\" srcset=\"http:\/\/damas.laiglesiadelacomunidad.com\/wp-content\/uploads\/2017\/04\/img_2578.jpg 1600w, http:\/\/damas.laiglesiadelacomunidad.com\/wp-content\/uploads\/2017\/04\/img_2578-300x225.jpg 300w, http:\/\/damas.laiglesiadelacomunidad.com\/wp-content\/uploads\/2017\/04\/img_2578-768x576.jpg 768w, http:\/\/damas.laiglesiadelacomunidad.com\/wp-content\/uploads\/2017\/04\/img_2578-1024x768.jpg 1024w\" sizes=\"(max-width: 1600px) 100vw, 1600px\" \/><\/a><\/p>\n","protected":false},"excerpt":{"rendered":"<p>Gracias Se\u00f1or por permitir que nos reuni\u00e9ramos hoy, y gracias Padre por tan buena ense\u00f1anza, perm\u00edtenos que la pongamos en pr\u00e1ctica &#x1f64f;&#x1f3fb;<\/p>\n","protected":false},"author":2,"featured_media":0,"comment_status":"open","ping_status":"open","sticky":false,"template":"","format":"gallery","meta":{"footnotes":""},"categories":[7],"tags":[],"_links":{"self":[{"href":"http:\/\/damas.laiglesiadelacomunidad.com\/index.php?rest_route=\/wp\/v2\/posts\/13020"}],"collection":[{"href":"http:\/\/damas.laiglesiadelacomunidad.com\/index.php?rest_route=\/wp\/v2\/posts"}],"about":[{"href":"http:\/\/damas.laiglesiadelacomunidad.com\/index.php?rest_route=\/wp\/v2\/types\/post"}],"author":[{"embeddable":true,"href":"http:\/\/damas.laiglesiadelacomunidad.com\/index.php?rest_route=\/wp\/v2\/users\/2"}],"replies":[{"embeddable":true,"href":"http:\/\/damas.laiglesiadelacomunidad.com\/index.php?rest_route=%2Fwp%2Fv2%2Fcomments&post=13020"}],"version-history":[{"count":1,"href":"http:\/\/damas.laiglesiadelacomunidad.com\/index.php?rest_route=\/wp\/v2\/posts\/13020\/revisions"}],"predecessor-version":[{"id":13021,"href":"http:\/\/damas.laiglesiadelacomunidad.com\/index.php?rest_route=\/wp\/v2\/posts\/13020\/revisions\/13021"}],"wp:attachment":[{"href":"http:\/\/damas.laiglesiadelacomunidad.com\/index.php?rest_route=%2Fwp%2Fv2%2Fmedia&parent=13020"}],"wp:term":[{"taxonomy":"category","embeddable":true,"href":"http:\/\/damas.laiglesiadelacomunidad.com\/index.php?rest_route=%2Fwp%2Fv2%2Fcategories&post=13020"},{"taxonomy":"post_tag","embeddable":true,"href":"http:\/\/damas.laiglesiadelacomunidad.com\/index.php?rest_route=%2Fwp%2Fv2%2Ftags&post=13020"}],"curies":[{"name":"wp","href":"https:\/\/api.w.org\/{rel}","templated":true}]}}