{"id":12975,"date":"2017-04-16T22:41:59","date_gmt":"2017-04-17T03:41:59","guid":{"rendered":"http:\/\/damas.laiglesiadelacomunidad.com\/?p=12975"},"modified":"2017-04-16T22:41:59","modified_gmt":"2017-04-17T03:41:59","slug":"domingo-de-resurreccion-2017","status":"publish","type":"post","link":"http:\/\/damas.laiglesiadelacomunidad.com\/?p=12975","title":{"rendered":"Domingo de Resurrecci\u00f3n 2017"},"content":{"rendered":"<p>Gracias Se\u00f1or Jes\u00fas por entregar tu vida por nosotros, gracias por tu preciosa sangre y gracias por darnos el privilegio de pertenecer a tu familia.&nbsp;<\/p>\n<p>Felicidades a Ir\u00eds y gracias por presentar a Zulema a esta comunidad.&nbsp;<\/p>\n<p>Gracias don Arcadio y do\u0144a Julieta por todo el trabajo que realizaron en esta iglesia y gracias por su amor para nosotros, es un privilegio trabajar con ustedes, los queremos mucho.<\/p>\n<p><a href=\"http:\/\/damas.laiglesiadelacomunidad.com\/wp-content\/uploads\/2017\/04\/img_2345.jpg\"><img loading=\"lazy\" decoding=\"async\" src=\"http:\/\/damas.laiglesiadelacomunidad.com\/wp-content\/uploads\/2017\/04\/img_2345.jpg\" alt=\"\" width=\"3264\" height=\"2448\" class=\"alignnone size-full wp-image-12968\" srcset=\"http:\/\/damas.laiglesiadelacomunidad.com\/wp-content\/uploads\/2017\/04\/img_2345.jpg 3264w, http:\/\/damas.laiglesiadelacomunidad.com\/wp-content\/uploads\/2017\/04\/img_2345-300x225.jpg 300w, http:\/\/damas.laiglesiadelacomunidad.com\/wp-content\/uploads\/2017\/04\/img_2345-768x576.jpg 768w, http:\/\/damas.laiglesiadelacomunidad.com\/wp-content\/uploads\/2017\/04\/img_2345-1024x768.jpg 1024w\" sizes=\"(max-width: 3264px) 100vw, 3264px\" \/><\/a><a href=\"http:\/\/damas.laiglesiadelacomunidad.com\/wp-content\/uploads\/2017\/04\/img_2342.jpg\"><img loading=\"lazy\" decoding=\"async\" src=\"http:\/\/damas.laiglesiadelacomunidad.com\/wp-content\/uploads\/2017\/04\/img_2342.jpg\" alt=\"\" width=\"3264\" height=\"2448\" class=\"alignnone size-full wp-image-12972\" srcset=\"http:\/\/damas.laiglesiadelacomunidad.com\/wp-content\/uploads\/2017\/04\/img_2342.jpg 3264w, http:\/\/damas.laiglesiadelacomunidad.com\/wp-content\/uploads\/2017\/04\/img_2342-300x225.jpg 300w, http:\/\/damas.laiglesiadelacomunidad.com\/wp-content\/uploads\/2017\/04\/img_2342-768x576.jpg 768w, http:\/\/damas.laiglesiadelacomunidad.com\/wp-content\/uploads\/2017\/04\/img_2342-1024x768.jpg 1024w\" sizes=\"(max-width: 3264px) 100vw, 3264px\" \/><\/a><a href=\"http:\/\/damas.laiglesiadelacomunidad.com\/wp-content\/uploads\/2017\/04\/img_2337.jpg\"><img loading=\"lazy\" decoding=\"async\" src=\"http:\/\/damas.laiglesiadelacomunidad.com\/wp-content\/uploads\/2017\/04\/img_2337.jpg\" alt=\"\" width=\"2448\" height=\"3264\" class=\"alignnone size-full wp-image-12969\" srcset=\"http:\/\/damas.laiglesiadelacomunidad.com\/wp-content\/uploads\/2017\/04\/img_2337.jpg 2448w, http:\/\/damas.laiglesiadelacomunidad.com\/wp-content\/uploads\/2017\/04\/img_2337-225x300.jpg 225w, http:\/\/damas.laiglesiadelacomunidad.com\/wp-content\/uploads\/2017\/04\/img_2337-768x1024.jpg 768w\" sizes=\"(max-width: 2448px) 100vw, 2448px\" \/><\/a><a href=\"http:\/\/damas.laiglesiadelacomunidad.com\/wp-content\/uploads\/2017\/04\/img_2336.jpg\"><img loading=\"lazy\" decoding=\"async\" src=\"http:\/\/damas.laiglesiadelacomunidad.com\/wp-content\/uploads\/2017\/04\/img_2336.jpg\" alt=\"\" width=\"3264\" height=\"2448\" class=\"alignnone size-full wp-image-12973\" srcset=\"http:\/\/damas.laiglesiadelacomunidad.com\/wp-content\/uploads\/2017\/04\/img_2336.jpg 3264w, http:\/\/damas.laiglesiadelacomunidad.com\/wp-content\/uploads\/2017\/04\/img_2336-300x225.jpg 300w, http:\/\/damas.laiglesiadelacomunidad.com\/wp-content\/uploads\/2017\/04\/img_2336-768x576.jpg 768w, http:\/\/damas.laiglesiadelacomunidad.com\/wp-content\/uploads\/2017\/04\/img_2336-1024x768.jpg 1024w\" sizes=\"(max-width: 3264px) 100vw, 3264px\" \/><\/a><a href=\"http:\/\/damas.laiglesiadelacomunidad.com\/wp-content\/uploads\/2017\/04\/img_2335.jpg\"><img loading=\"lazy\" decoding=\"async\" src=\"http:\/\/damas.laiglesiadelacomunidad.com\/wp-content\/uploads\/2017\/04\/img_2335.jpg\" alt=\"\" width=\"2448\" height=\"3264\" class=\"alignnone size-full wp-image-12970\" srcset=\"http:\/\/damas.laiglesiadelacomunidad.com\/wp-content\/uploads\/2017\/04\/img_2335.jpg 2448w, http:\/\/damas.laiglesiadelacomunidad.com\/wp-content\/uploads\/2017\/04\/img_2335-225x300.jpg 225w, http:\/\/damas.laiglesiadelacomunidad.com\/wp-content\/uploads\/2017\/04\/img_2335-768x1024.jpg 768w\" sizes=\"(max-width: 2448px) 100vw, 2448px\" \/><\/a><a href=\"http:\/\/damas.laiglesiadelacomunidad.com\/wp-content\/uploads\/2017\/04\/img_2330.jpg\"><img loading=\"lazy\" decoding=\"async\" src=\"http:\/\/damas.laiglesiadelacomunidad.com\/wp-content\/uploads\/2017\/04\/img_2330.jpg\" alt=\"\" width=\"3264\" height=\"2448\" class=\"alignnone size-full wp-image-12974\" srcset=\"http:\/\/damas.laiglesiadelacomunidad.com\/wp-content\/uploads\/2017\/04\/img_2330.jpg 3264w, http:\/\/damas.laiglesiadelacomunidad.com\/wp-content\/uploads\/2017\/04\/img_2330-300x225.jpg 300w, http:\/\/damas.laiglesiadelacomunidad.com\/wp-content\/uploads\/2017\/04\/img_2330-768x576.jpg 768w, http:\/\/damas.laiglesiadelacomunidad.com\/wp-content\/uploads\/2017\/04\/img_2330-1024x768.jpg 1024w\" sizes=\"(max-width: 3264px) 100vw, 3264px\" \/><\/a><a href=\"http:\/\/damas.laiglesiadelacomunidad.com\/wp-content\/uploads\/2017\/04\/img_2322.jpg\"><img loading=\"lazy\" decoding=\"async\" src=\"http:\/\/damas.laiglesiadelacomunidad.com\/wp-content\/uploads\/2017\/04\/img_2322.jpg\" alt=\"\" width=\"3264\" height=\"2448\" class=\"alignnone size-full wp-image-12971\" srcset=\"http:\/\/damas.laiglesiadelacomunidad.com\/wp-content\/uploads\/2017\/04\/img_2322.jpg 3264w, http:\/\/damas.laiglesiadelacomunidad.com\/wp-content\/uploads\/2017\/04\/img_2322-300x225.jpg 300w, http:\/\/damas.laiglesiadelacomunidad.com\/wp-content\/uploads\/2017\/04\/img_2322-768x576.jpg 768w, http:\/\/damas.laiglesiadelacomunidad.com\/wp-content\/uploads\/2017\/04\/img_2322-1024x768.jpg 1024w\" sizes=\"(max-width: 3264px) 100vw, 3264px\" \/><\/a><\/p>\n","protected":false},"excerpt":{"rendered":"<p>Gracias Se\u00f1or Jes\u00fas por entregar tu vida por nosotros, gracias por tu preciosa sangre y gracias por darnos el privilegio de pertenecer a tu familia.&nbsp; Felicidades a Ir\u00eds y gracias por presentar a Zulema a esta comunidad.&nbsp; Gracias don Arcadio y do\u0144a Julieta por todo el trabajo que realizaron en esta iglesia y gracias por &hellip; <a href=\"http:\/\/damas.laiglesiadelacomunidad.com\/?p=12975\" class=\"more-link\">Continue reading <span class=\"screen-reader-text\">Domingo de Resurrecci\u00f3n 2017<\/span> <span class=\"meta-nav\">&rarr;<\/span><\/a><\/p>\n","protected":false},"author":2,"featured_media":0,"comment_status":"open","ping_status":"open","sticky":false,"template":"","format":"gallery","meta":{"footnotes":""},"categories":[7],"tags":[],"_links":{"self":[{"href":"http:\/\/damas.laiglesiadelacomunidad.com\/index.php?rest_route=\/wp\/v2\/posts\/12975"}],"collection":[{"href":"http:\/\/damas.laiglesiadelacomunidad.com\/index.php?rest_route=\/wp\/v2\/posts"}],"about":[{"href":"http:\/\/damas.laiglesiadelacomunidad.com\/index.php?rest_route=\/wp\/v2\/types\/post"}],"author":[{"embeddable":true,"href":"http:\/\/damas.laiglesiadelacomunidad.com\/index.php?rest_route=\/wp\/v2\/users\/2"}],"replies":[{"embeddable":true,"href":"http:\/\/damas.laiglesiadelacomunidad.com\/index.php?rest_route=%2Fwp%2Fv2%2Fcomments&post=12975"}],"version-history":[{"count":1,"href":"http:\/\/damas.laiglesiadelacomunidad.com\/index.php?rest_route=\/wp\/v2\/posts\/12975\/revisions"}],"predecessor-version":[{"id":12976,"href":"http:\/\/damas.laiglesiadelacomunidad.com\/index.php?rest_route=\/wp\/v2\/posts\/12975\/revisions\/12976"}],"wp:attachment":[{"href":"http:\/\/damas.laiglesiadelacomunidad.com\/index.php?rest_route=%2Fwp%2Fv2%2Fmedia&parent=12975"}],"wp:term":[{"taxonomy":"category","embeddable":true,"href":"http:\/\/damas.laiglesiadelacomunidad.com\/index.php?rest_route=%2Fwp%2Fv2%2Fcategories&post=12975"},{"taxonomy":"post_tag","embeddable":true,"href":"http:\/\/damas.laiglesiadelacomunidad.com\/index.php?rest_route=%2Fwp%2Fv2%2Ftags&post=12975"}],"curies":[{"name":"wp","href":"https:\/\/api.w.org\/{rel}","templated":true}]}}