{"id":12904,"date":"2017-03-26T22:22:29","date_gmt":"2017-03-27T03:22:29","guid":{"rendered":"http:\/\/damas.laiglesiadelacomunidad.com\/?p=12904"},"modified":"2017-03-26T22:22:29","modified_gmt":"2017-03-27T03:22:29","slug":"reunion-domingo-26-de-marzo-del-2017","status":"publish","type":"post","link":"http:\/\/damas.laiglesiadelacomunidad.com\/?p=12904","title":{"rendered":"Reuni\u00f3n domingo 26 de Marzo del 2017"},"content":{"rendered":"<p>Gracias Padre nuestro por permitirnos ad\u00f3rate y alabarte en congregaci\u00f3n con tus Santos.<a href=\"http:\/\/damas.laiglesiadelacomunidad.com\/wp-content\/uploads\/2017\/03\/img_1710.jpg\"><img loading=\"lazy\" decoding=\"async\" src=\"http:\/\/damas.laiglesiadelacomunidad.com\/wp-content\/uploads\/2017\/03\/img_1710.jpg\" alt=\"\" width=\"2448\" height=\"3264\" class=\"alignnone size-full wp-image-12896\" srcset=\"http:\/\/damas.laiglesiadelacomunidad.com\/wp-content\/uploads\/2017\/03\/img_1710.jpg 2448w, http:\/\/damas.laiglesiadelacomunidad.com\/wp-content\/uploads\/2017\/03\/img_1710-225x300.jpg 225w, http:\/\/damas.laiglesiadelacomunidad.com\/wp-content\/uploads\/2017\/03\/img_1710-768x1024.jpg 768w\" sizes=\"(max-width: 2448px) 100vw, 2448px\" \/><\/a><a href=\"http:\/\/damas.laiglesiadelacomunidad.com\/wp-content\/uploads\/2017\/03\/img_1702.jpg\"><img loading=\"lazy\" decoding=\"async\" src=\"http:\/\/damas.laiglesiadelacomunidad.com\/wp-content\/uploads\/2017\/03\/img_1702.jpg\" alt=\"\" width=\"2448\" height=\"3264\" class=\"alignnone size-full wp-image-12897\" srcset=\"http:\/\/damas.laiglesiadelacomunidad.com\/wp-content\/uploads\/2017\/03\/img_1702.jpg 2448w, http:\/\/damas.laiglesiadelacomunidad.com\/wp-content\/uploads\/2017\/03\/img_1702-225x300.jpg 225w, http:\/\/damas.laiglesiadelacomunidad.com\/wp-content\/uploads\/2017\/03\/img_1702-768x1024.jpg 768w\" sizes=\"(max-width: 2448px) 100vw, 2448px\" \/><\/a><a href=\"http:\/\/damas.laiglesiadelacomunidad.com\/wp-content\/uploads\/2017\/03\/img_1701.jpg\"><img loading=\"lazy\" decoding=\"async\" src=\"http:\/\/damas.laiglesiadelacomunidad.com\/wp-content\/uploads\/2017\/03\/img_1701.jpg\" alt=\"\" width=\"2448\" height=\"3264\" class=\"alignnone size-full wp-image-12898\" srcset=\"http:\/\/damas.laiglesiadelacomunidad.com\/wp-content\/uploads\/2017\/03\/img_1701.jpg 2448w, http:\/\/damas.laiglesiadelacomunidad.com\/wp-content\/uploads\/2017\/03\/img_1701-225x300.jpg 225w, http:\/\/damas.laiglesiadelacomunidad.com\/wp-content\/uploads\/2017\/03\/img_1701-768x1024.jpg 768w\" sizes=\"(max-width: 2448px) 100vw, 2448px\" \/><a href=\"http:\/\/damas.laiglesiadelacomunidad.com\/wp-content\/uploads\/2017\/03\/estudios-1-1.jpg\"><img loading=\"lazy\" decoding=\"async\" src=\"http:\/\/damas.laiglesiadelacomunidad.com\/wp-content\/uploads\/2017\/03\/estudios-1-1.jpg\" alt=\"\" width=\"1024\" height=\"768\" class=\"alignnone size-full wp-image-12902\" srcset=\"http:\/\/damas.laiglesiadelacomunidad.com\/wp-content\/uploads\/2017\/03\/estudios-1-1.jpg 1024w, http:\/\/damas.laiglesiadelacomunidad.com\/wp-content\/uploads\/2017\/03\/estudios-1-1-300x225.jpg 300w, http:\/\/damas.laiglesiadelacomunidad.com\/wp-content\/uploads\/2017\/03\/estudios-1-1-768x576.jpg 768w\" sizes=\"(max-width: 1024px) 100vw, 1024px\" \/><\/a><\/a><\/p>\n","protected":false},"excerpt":{"rendered":"<p>Gracias Padre nuestro por permitirnos ad\u00f3rate y alabarte en congregaci\u00f3n con tus Santos.<\/p>\n","protected":false},"author":2,"featured_media":0,"comment_status":"open","ping_status":"open","sticky":false,"template":"","format":"gallery","meta":{"footnotes":""},"categories":[7],"tags":[],"_links":{"self":[{"href":"http:\/\/damas.laiglesiadelacomunidad.com\/index.php?rest_route=\/wp\/v2\/posts\/12904"}],"collection":[{"href":"http:\/\/damas.laiglesiadelacomunidad.com\/index.php?rest_route=\/wp\/v2\/posts"}],"about":[{"href":"http:\/\/damas.laiglesiadelacomunidad.com\/index.php?rest_route=\/wp\/v2\/types\/post"}],"author":[{"embeddable":true,"href":"http:\/\/damas.laiglesiadelacomunidad.com\/index.php?rest_route=\/wp\/v2\/users\/2"}],"replies":[{"embeddable":true,"href":"http:\/\/damas.laiglesiadelacomunidad.com\/index.php?rest_route=%2Fwp%2Fv2%2Fcomments&post=12904"}],"version-history":[{"count":1,"href":"http:\/\/damas.laiglesiadelacomunidad.com\/index.php?rest_route=\/wp\/v2\/posts\/12904\/revisions"}],"predecessor-version":[{"id":12905,"href":"http:\/\/damas.laiglesiadelacomunidad.com\/index.php?rest_route=\/wp\/v2\/posts\/12904\/revisions\/12905"}],"wp:attachment":[{"href":"http:\/\/damas.laiglesiadelacomunidad.com\/index.php?rest_route=%2Fwp%2Fv2%2Fmedia&parent=12904"}],"wp:term":[{"taxonomy":"category","embeddable":true,"href":"http:\/\/damas.laiglesiadelacomunidad.com\/index.php?rest_route=%2Fwp%2Fv2%2Fcategories&post=12904"},{"taxonomy":"post_tag","embeddable":true,"href":"http:\/\/damas.laiglesiadelacomunidad.com\/index.php?rest_route=%2Fwp%2Fv2%2Ftags&post=12904"}],"curies":[{"name":"wp","href":"https:\/\/api.w.org\/{rel}","templated":true}]}}