{"id":12751,"date":"2017-02-12T22:49:23","date_gmt":"2017-02-13T04:49:23","guid":{"rendered":"http:\/\/damas.laiglesiadelacomunidad.com\/?p=12751"},"modified":"2017-02-13T00:30:41","modified_gmt":"2017-02-13T06:30:41","slug":"reunion-domingo-12-de-febrero-del-2017","status":"publish","type":"post","link":"http:\/\/damas.laiglesiadelacomunidad.com\/?p=12751","title":{"rendered":"Reuni\u00f3n domingo 12 de Febrero del 2017"},"content":{"rendered":"<p>Gracias Se\u00f1or por darnos el privilegio de congregarnos y de adorarte junto a la inmensa cantidad de \u00e1ngeles que te adoran d\u00eda y noche.<\/p>\n<p>\u201cAntes, ustedes estaban muertos en sus pecados; a\u00fan no se hab\u00edan despojado de su naturaleza pecaminosa. Pero ahora, Dios les ha dado vida juntamente con \u00e9l, y les ha perdonado todos sus pecados. Ha anulado el acta de los decretos que hab\u00eda contra nosotros y que nos era adversa; la quit\u00f3 de en medio y la clav\u00f3 en la cruz. Desarm\u00f3 adem\u00e1s a los poderes y las potestades, y los exhibi\u00f3 p\u00fablicamente al triunfar sobre ellos en la cruz.\u201d \u202d\u202dColosenses\u202c \u202d2:13-15\u202c \u202dRVC\u202c\u202c<\/p>\n<p>\u201cA ustedes, \u00e9l les dio vida cuando a\u00fan estaban muertos en sus delitos y pecados, los cuales en otro tiempo practicaron, pues viv\u00edan de acuerdo a la corriente de este mundo y en conformidad con el pr\u00edncipe del poder del aire, que es el esp\u00edritu que ahora opera en los hijos de desobediencia. Entre ellos todos nosotros tambi\u00e9n vivimos en otro tiempo. Segu\u00edamos los deseos de nuestra naturaleza humana y hac\u00edamos lo que nuestra naturaleza y nuestros pensamientos nos llevaban a hacer. \u00c9ramos por naturaleza objetos de ira, como los dem\u00e1s.\u201d \u202d\u202dEfesios\u202c \u202d2:1-3\u202c \u202dRVC\u202c\u202c<\/p>\n<p>\u201cPor lo dem\u00e1s, hermanos m\u00edos, mant\u00e9nganse firmes en el Se\u00f1or y en el poder de su fuerza. Rev\u00edstanse de toda la armadura de Dios, para que puedan hacer frente a las asechanzas del diablo.\u201d \u202d\u202dEfesios\u202c \u202d6:10-11\u202c \u202dRVC\u202c\u202c<\/p>\n<p>\u201cY cuando esto, que es corruptible, se haya vestido de incorrupci\u00f3n, y esto, que es mortal, se haya vestido de inmortalidad, entonces se cumplir\u00e1 la palabra escrita: \u00abDevorada ser\u00e1 la muerte por la victoria\u00bb. \u00bfD\u00f3nde est\u00e1, oh muerte, tu aguij\u00f3n? \u00bfD\u00f3nde, oh sepulcro, tu victoria? Porque el pecado es el aguij\u00f3n de la muerte, y la ley es la que da poder al pecado. \u00a1Pero gracias sean dadas a Dios, de que nos da la victoria por medio de nuestro Se\u00f1or Jesucristo!\u201d \u202d\u202d1 Corintios\u202c \u202d15:54-57\u202c \u202dRVC\u202c\u202c<\/p>\n<p><a href=\"http:\/\/damas.laiglesiadelacomunidad.com\/wp-content\/uploads\/2017\/02\/img_0687.jpg\"><img loading=\"lazy\" decoding=\"async\" class=\"alignnone size-full wp-image-12743\" src=\"http:\/\/damas.laiglesiadelacomunidad.com\/wp-content\/uploads\/2017\/02\/img_0687.jpg\" alt=\"\" width=\"2448\" height=\"3264\" srcset=\"http:\/\/damas.laiglesiadelacomunidad.com\/wp-content\/uploads\/2017\/02\/img_0687.jpg 2448w, http:\/\/damas.laiglesiadelacomunidad.com\/wp-content\/uploads\/2017\/02\/img_0687-225x300.jpg 225w, http:\/\/damas.laiglesiadelacomunidad.com\/wp-content\/uploads\/2017\/02\/img_0687-768x1024.jpg 768w\" sizes=\"(max-width: 2448px) 100vw, 2448px\" \/><\/a><a href=\"http:\/\/damas.laiglesiadelacomunidad.com\/wp-content\/uploads\/2017\/02\/img_0685.jpg\"><img loading=\"lazy\" decoding=\"async\" class=\"alignnone size-full wp-image-12746\" src=\"http:\/\/damas.laiglesiadelacomunidad.com\/wp-content\/uploads\/2017\/02\/img_0685.jpg\" alt=\"\" width=\"2448\" height=\"3264\" srcset=\"http:\/\/damas.laiglesiadelacomunidad.com\/wp-content\/uploads\/2017\/02\/img_0685.jpg 2448w, http:\/\/damas.laiglesiadelacomunidad.com\/wp-content\/uploads\/2017\/02\/img_0685-225x300.jpg 225w, http:\/\/damas.laiglesiadelacomunidad.com\/wp-content\/uploads\/2017\/02\/img_0685-768x1024.jpg 768w\" sizes=\"(max-width: 2448px) 100vw, 2448px\" \/><\/a><a href=\"http:\/\/damas.laiglesiadelacomunidad.com\/wp-content\/uploads\/2017\/02\/img_0701-1.jpg\"><img loading=\"lazy\" decoding=\"async\" class=\"alignnone wp-image-12748 size-full\" src=\"http:\/\/damas.laiglesiadelacomunidad.com\/wp-content\/uploads\/2017\/02\/img_0701-1-e1486967429980.jpg\" width=\"472\" height=\"596\" srcset=\"http:\/\/damas.laiglesiadelacomunidad.com\/wp-content\/uploads\/2017\/02\/img_0701-1-e1486967429980.jpg 472w, http:\/\/damas.laiglesiadelacomunidad.com\/wp-content\/uploads\/2017\/02\/img_0701-1-e1486967429980-238x300.jpg 238w\" sizes=\"(max-width: 472px) 100vw, 472px\" \/><\/a><a href=\"http:\/\/damas.laiglesiadelacomunidad.com\/wp-content\/uploads\/2017\/02\/img_0696-1.jpg\"><img loading=\"lazy\" decoding=\"async\" class=\"alignnone size-full wp-image-12750\" src=\"http:\/\/damas.laiglesiadelacomunidad.com\/wp-content\/uploads\/2017\/02\/img_0696-1.jpg\" alt=\"\" width=\"2448\" height=\"3264\" srcset=\"http:\/\/damas.laiglesiadelacomunidad.com\/wp-content\/uploads\/2017\/02\/img_0696-1.jpg 2448w, http:\/\/damas.laiglesiadelacomunidad.com\/wp-content\/uploads\/2017\/02\/img_0696-1-225x300.jpg 225w, http:\/\/damas.laiglesiadelacomunidad.com\/wp-content\/uploads\/2017\/02\/img_0696-1-768x1024.jpg 768w\" sizes=\"(max-width: 2448px) 100vw, 2448px\" \/><\/a><a href=\"http:\/\/damas.laiglesiadelacomunidad.com\/wp-content\/uploads\/2017\/02\/img_0693-1.jpg\"><img loading=\"lazy\" decoding=\"async\" class=\"alignnone size-full wp-image-12749\" src=\"http:\/\/damas.laiglesiadelacomunidad.com\/wp-content\/uploads\/2017\/02\/img_0693-1.jpg\" alt=\"\" width=\"2448\" height=\"3264\" srcset=\"http:\/\/damas.laiglesiadelacomunidad.com\/wp-content\/uploads\/2017\/02\/img_0693-1.jpg 2448w, http:\/\/damas.laiglesiadelacomunidad.com\/wp-content\/uploads\/2017\/02\/img_0693-1-225x300.jpg 225w, http:\/\/damas.laiglesiadelacomunidad.com\/wp-content\/uploads\/2017\/02\/img_0693-1-768x1024.jpg 768w\" sizes=\"(max-width: 2448px) 100vw, 2448px\" \/><\/a><\/p>\n","protected":false},"excerpt":{"rendered":"<p>Gracias Se\u00f1or por darnos el privilegio de congregarnos y de adorarte junto a la inmensa cantidad de \u00e1ngeles que te adoran d\u00eda y noche. \u201cAntes, ustedes estaban muertos en sus pecados; a\u00fan no se hab\u00edan despojado de su naturaleza pecaminosa. Pero ahora, Dios les ha dado vida juntamente con \u00e9l, y les ha perdonado todos &hellip; <a href=\"http:\/\/damas.laiglesiadelacomunidad.com\/?p=12751\" class=\"more-link\">Continue reading <span class=\"screen-reader-text\">Reuni\u00f3n domingo 12 de Febrero del 2017<\/span> <span class=\"meta-nav\">&rarr;<\/span><\/a><\/p>\n","protected":false},"author":2,"featured_media":0,"comment_status":"open","ping_status":"open","sticky":false,"template":"","format":"gallery","meta":{"footnotes":""},"categories":[7],"tags":[],"_links":{"self":[{"href":"http:\/\/damas.laiglesiadelacomunidad.com\/index.php?rest_route=\/wp\/v2\/posts\/12751"}],"collection":[{"href":"http:\/\/damas.laiglesiadelacomunidad.com\/index.php?rest_route=\/wp\/v2\/posts"}],"about":[{"href":"http:\/\/damas.laiglesiadelacomunidad.com\/index.php?rest_route=\/wp\/v2\/types\/post"}],"author":[{"embeddable":true,"href":"http:\/\/damas.laiglesiadelacomunidad.com\/index.php?rest_route=\/wp\/v2\/users\/2"}],"replies":[{"embeddable":true,"href":"http:\/\/damas.laiglesiadelacomunidad.com\/index.php?rest_route=%2Fwp%2Fv2%2Fcomments&post=12751"}],"version-history":[{"count":3,"href":"http:\/\/damas.laiglesiadelacomunidad.com\/index.php?rest_route=\/wp\/v2\/posts\/12751\/revisions"}],"predecessor-version":[{"id":12754,"href":"http:\/\/damas.laiglesiadelacomunidad.com\/index.php?rest_route=\/wp\/v2\/posts\/12751\/revisions\/12754"}],"wp:attachment":[{"href":"http:\/\/damas.laiglesiadelacomunidad.com\/index.php?rest_route=%2Fwp%2Fv2%2Fmedia&parent=12751"}],"wp:term":[{"taxonomy":"category","embeddable":true,"href":"http:\/\/damas.laiglesiadelacomunidad.com\/index.php?rest_route=%2Fwp%2Fv2%2Fcategories&post=12751"},{"taxonomy":"post_tag","embeddable":true,"href":"http:\/\/damas.laiglesiadelacomunidad.com\/index.php?rest_route=%2Fwp%2Fv2%2Ftags&post=12751"}],"curies":[{"name":"wp","href":"https:\/\/api.w.org\/{rel}","templated":true}]}}