{"id":12553,"date":"2016-12-21T21:17:46","date_gmt":"2016-12-22T03:17:46","guid":{"rendered":"http:\/\/damas.laiglesiadelacomunidad.com\/?p=12553"},"modified":"2016-12-21T21:17:46","modified_gmt":"2016-12-22T03:17:46","slug":"miercoles-21-de-dic-del-2016","status":"publish","type":"post","link":"http:\/\/damas.laiglesiadelacomunidad.com\/?p=12553","title":{"rendered":"Mi\u00e9rcoles 21 de Dic. del 2016"},"content":{"rendered":"<p>Gracias a Dios por la linda noche que nos di\u00f3, gracias Se\u00f1or por mantenernos unidas en un mismo esp\u00edritu, gracias por tu iglesia, por esta obra, gracias por un feliz 2016. Gracias Isa por abrir su casa y Maria por las ricas tortillas, se les quiere mucho.<\/p>\n<!-- Rendered by FancyBox without labels BEGIN -->\n\n\t<style type=\"text\/css\">\n\t\t\t\t\t#gallery-0 {\n\t\t\t\t\t\tmargin: auto;\n\t\t\t\t\t}\n\t\t\t\t\t#gallery-0 .gallery-item {\n\t\t\t\t\t\tfloat: left;\n\t\t\t\t\t\tmargin-top: 10px;\n\t\t\t\t\t\ttext-align: center;\n\t\t\t\t\t\twidth: 32%;\n\t\t\t\t\t}\n\t\t\t\t\t#gallery-0 img {\n\t\t\t\t\t\tborder: 2px solid #cfcfcf;\n\t\t\t\t\t}\n\t\t\t\t\t#gallery-0 .gallery-caption {\n\t\t\t\t\t\tmargin-left: 0;\n\t\t\t\t\t}\n\t<\/style>\n<script type=\"text\/javascript\">\n$(document).ready(function() {\n\t\/*\n\t *  Simple image gallery. Uses default settings\n\t *\/\n\n\t$(\".fancybox\").fancybox({\n\t\t\"transitionIn\"\t\t: \"none\",\n\t\t\"transitionOut\"\t\t: \"none\",\n\t\t\"titlePosition\" \t: \"over\"\n\n\t});\n});\n<\/script>\n\n\t<div id=\"gallery-0\" class=\"gallery galleryid-0 gallery-size-thumbnail\" style=\"\"><dl class=\"gallery-item\"><dt class=\"gallery-icon\">\n\t\t<a class=\"fancybox\" href=\"http:\/\/damas.laiglesiadelacomunidad.com\/wp-content\/uploads\/2016\/12\/2016-12-21-20.10.43-1024x768.jpg\" rel=\"gallery-0\"><img loading=\"lazy\" decoding=\"async\" width=\"150\" height=\"150\" class=\"attachment-thumbnail\" alt=\"\" src=\"http:\/\/damas.laiglesiadelacomunidad.com\/wp-content\/uploads\/2016\/12\/2016-12-21-20.10.43-150x150.jpg\" \/><\/a><\/dt><\/dl>\n\n<dl class=\"gallery-item\"><dt class=\"gallery-icon\">\n\t\t<a class=\"fancybox\" href=\"http:\/\/damas.laiglesiadelacomunidad.com\/wp-content\/uploads\/2016\/12\/2016-12-21-20.10.44-1024x768.jpg\" rel=\"gallery-0\"><img loading=\"lazy\" decoding=\"async\" width=\"150\" height=\"150\" class=\"attachment-thumbnail\" alt=\"\" src=\"http:\/\/damas.laiglesiadelacomunidad.com\/wp-content\/uploads\/2016\/12\/2016-12-21-20.10.44-150x150.jpg\" \/><\/a><\/dt><\/dl>\n\n<dl class=\"gallery-item\"><dt class=\"gallery-icon\">\n\t\t<a class=\"fancybox\" href=\"http:\/\/damas.laiglesiadelacomunidad.com\/wp-content\/uploads\/2016\/12\/2016-12-21-20.10.45-1024x768.jpg\" rel=\"gallery-0\"><img loading=\"lazy\" decoding=\"async\" width=\"150\" height=\"150\" class=\"attachment-thumbnail\" alt=\"\" src=\"http:\/\/damas.laiglesiadelacomunidad.com\/wp-content\/uploads\/2016\/12\/2016-12-21-20.10.45-150x150.jpg\" \/><\/a><\/dt><\/dl>\n\n<dl class=\"gallery-item\"><dt class=\"gallery-icon\">\n\t\t<a class=\"fancybox\" href=\"http:\/\/damas.laiglesiadelacomunidad.com\/wp-content\/uploads\/2016\/12\/2016-12-21-20.10.45-1-1024x768.jpg\" rel=\"gallery-0\"><img loading=\"lazy\" decoding=\"async\" width=\"150\" height=\"150\" class=\"attachment-thumbnail\" alt=\"\" src=\"http:\/\/damas.laiglesiadelacomunidad.com\/wp-content\/uploads\/2016\/12\/2016-12-21-20.10.45-1-150x150.jpg\" \/><\/a><\/dt><\/dl>\n\n<dl class=\"gallery-item\"><dt class=\"gallery-icon\">\n\t\t<a class=\"fancybox\" href=\"http:\/\/damas.laiglesiadelacomunidad.com\/wp-content\/uploads\/2016\/12\/2016-12-21-20.11.03-1024x768.jpg\" rel=\"gallery-0\"><img loading=\"lazy\" decoding=\"async\" width=\"150\" height=\"150\" class=\"attachment-thumbnail\" alt=\"\" src=\"http:\/\/damas.laiglesiadelacomunidad.com\/wp-content\/uploads\/2016\/12\/2016-12-21-20.11.03-150x150.jpg\" \/><\/a><\/dt><\/dl>\n\n<dl class=\"gallery-item\"><dt class=\"gallery-icon\">\n\t\t<a class=\"fancybox\" href=\"http:\/\/damas.laiglesiadelacomunidad.com\/wp-content\/uploads\/2016\/12\/2016-12-21-20.11.05-1024x768.jpg\" rel=\"gallery-0\"><img loading=\"lazy\" decoding=\"async\" width=\"150\" height=\"150\" class=\"attachment-thumbnail\" alt=\"\" src=\"http:\/\/damas.laiglesiadelacomunidad.com\/wp-content\/uploads\/2016\/12\/2016-12-21-20.11.05-150x150.jpg\" \/><\/a><\/dt><\/dl>\n\n<dl class=\"gallery-item\"><dt class=\"gallery-icon\">\n\t\t<a class=\"fancybox\" href=\"http:\/\/damas.laiglesiadelacomunidad.com\/wp-content\/uploads\/2016\/12\/2016-12-21-20.11.41-e1482376424750-768x1024.jpg\" rel=\"gallery-0\"><img loading=\"lazy\" decoding=\"async\" width=\"150\" height=\"150\" class=\"attachment-thumbnail\" alt=\"\" src=\"http:\/\/damas.laiglesiadelacomunidad.com\/wp-content\/uploads\/2016\/12\/2016-12-21-20.11.41-e1482376424750-150x150.jpg\" \/><\/a><\/dt><\/dl>\n\n<dl class=\"gallery-item\"><dt class=\"gallery-icon\">\n\t\t<a class=\"fancybox\" href=\"http:\/\/damas.laiglesiadelacomunidad.com\/wp-content\/uploads\/2016\/12\/2016-12-21-20.11.44-e1482376404757-768x1024.jpg\" rel=\"gallery-0\"><img loading=\"lazy\" decoding=\"async\" width=\"150\" height=\"150\" class=\"attachment-thumbnail\" alt=\"\" src=\"http:\/\/damas.laiglesiadelacomunidad.com\/wp-content\/uploads\/2016\/12\/2016-12-21-20.11.44-e1482376404757-150x150.jpg\" \/><\/a><\/dt><\/dl>\n\n<dl class=\"gallery-item\"><dt class=\"gallery-icon\">\n\t\t<a class=\"fancybox\" href=\"http:\/\/damas.laiglesiadelacomunidad.com\/wp-content\/uploads\/2016\/12\/2016-12-21-20.11.45-e1482376383835-768x1024.jpg\" rel=\"gallery-0\"><img loading=\"lazy\" decoding=\"async\" width=\"150\" height=\"150\" class=\"attachment-thumbnail\" alt=\"\" src=\"http:\/\/damas.laiglesiadelacomunidad.com\/wp-content\/uploads\/2016\/12\/2016-12-21-20.11.45-e1482376383835-150x150.jpg\" \/><\/a><\/dt><\/dl>\n\n<dl class=\"gallery-item\"><dt class=\"gallery-icon\">\n\t\t<a class=\"fancybox\" href=\"http:\/\/damas.laiglesiadelacomunidad.com\/wp-content\/uploads\/2016\/12\/2016-12-21-20.11.57-e1482376363402-768x1024.jpg\" rel=\"gallery-0\"><img loading=\"lazy\" decoding=\"async\" width=\"150\" height=\"150\" class=\"attachment-thumbnail\" alt=\"\" src=\"http:\/\/damas.laiglesiadelacomunidad.com\/wp-content\/uploads\/2016\/12\/2016-12-21-20.11.57-e1482376363402-150x150.jpg\" \/><\/a><\/dt><\/dl>\n\n<dl class=\"gallery-item\"><dt class=\"gallery-icon\">\n\t\t<a class=\"fancybox\" href=\"http:\/\/damas.laiglesiadelacomunidad.com\/wp-content\/uploads\/2016\/12\/2016-12-21-20.16.46-e1482376200110-768x1024.jpg\" rel=\"gallery-0\"><img loading=\"lazy\" decoding=\"async\" width=\"150\" height=\"150\" class=\"attachment-thumbnail\" alt=\"\" src=\"http:\/\/damas.laiglesiadelacomunidad.com\/wp-content\/uploads\/2016\/12\/2016-12-21-20.16.46-e1482376200110-150x150.jpg\" \/><\/a><\/dt><\/dl>\n\n<dl class=\"gallery-item\"><dt class=\"gallery-icon\">\n\t\t<a class=\"fancybox\" href=\"http:\/\/damas.laiglesiadelacomunidad.com\/wp-content\/uploads\/2016\/12\/2016-12-21-20.17.49-e1482376180649-768x1024.jpg\" rel=\"gallery-0\"><img loading=\"lazy\" decoding=\"async\" width=\"150\" height=\"150\" class=\"attachment-thumbnail\" alt=\"\" src=\"http:\/\/damas.laiglesiadelacomunidad.com\/wp-content\/uploads\/2016\/12\/2016-12-21-20.17.49-e1482376180649-150x150.jpg\" \/><\/a><\/dt><\/dl>\n\n<\/div><br clear=\"all\" \/><!-- Rendered by FancyBox without labels END -->\n\n","protected":false},"excerpt":{"rendered":"<p>Gracias a Dios por la linda noche que nos di\u00f3, gracias Se\u00f1or por mantenernos unidas en un mismo esp\u00edritu, gracias por tu iglesia, por esta obra, gracias por un feliz 2016. Gracias Isa por abrir su casa y Maria por las ricas tortillas, se les quiere mucho.<\/p>\n","protected":false},"author":2,"featured_media":0,"comment_status":"open","ping_status":"open","sticky":false,"template":"","format":"gallery","meta":{"footnotes":""},"categories":[6],"tags":[],"_links":{"self":[{"href":"http:\/\/damas.laiglesiadelacomunidad.com\/index.php?rest_route=\/wp\/v2\/posts\/12553"}],"collection":[{"href":"http:\/\/damas.laiglesiadelacomunidad.com\/index.php?rest_route=\/wp\/v2\/posts"}],"about":[{"href":"http:\/\/damas.laiglesiadelacomunidad.com\/index.php?rest_route=\/wp\/v2\/types\/post"}],"author":[{"embeddable":true,"href":"http:\/\/damas.laiglesiadelacomunidad.com\/index.php?rest_route=\/wp\/v2\/users\/2"}],"replies":[{"embeddable":true,"href":"http:\/\/damas.laiglesiadelacomunidad.com\/index.php?rest_route=%2Fwp%2Fv2%2Fcomments&post=12553"}],"version-history":[{"count":1,"href":"http:\/\/damas.laiglesiadelacomunidad.com\/index.php?rest_route=\/wp\/v2\/posts\/12553\/revisions"}],"predecessor-version":[{"id":12578,"href":"http:\/\/damas.laiglesiadelacomunidad.com\/index.php?rest_route=\/wp\/v2\/posts\/12553\/revisions\/12578"}],"wp:attachment":[{"href":"http:\/\/damas.laiglesiadelacomunidad.com\/index.php?rest_route=%2Fwp%2Fv2%2Fmedia&parent=12553"}],"wp:term":[{"taxonomy":"category","embeddable":true,"href":"http:\/\/damas.laiglesiadelacomunidad.com\/index.php?rest_route=%2Fwp%2Fv2%2Fcategories&post=12553"},{"taxonomy":"post_tag","embeddable":true,"href":"http:\/\/damas.laiglesiadelacomunidad.com\/index.php?rest_route=%2Fwp%2Fv2%2Ftags&post=12553"}],"curies":[{"name":"wp","href":"https:\/\/api.w.org\/{rel}","templated":true}]}}