{"id":11841,"date":"2016-08-28T22:12:24","date_gmt":"2016-08-29T03:12:24","guid":{"rendered":"http:\/\/damas.laiglesiadelacomunidad.com\/?p=11841"},"modified":"2016-08-29T09:30:29","modified_gmt":"2016-08-29T14:30:29","slug":"reunion-domingo-28-de-agosto-del-2016","status":"publish","type":"post","link":"http:\/\/damas.laiglesiadelacomunidad.com\/?p=11841","title":{"rendered":"Reuni\u00f3n domingo 28 de Agosto del 2016"},"content":{"rendered":"<p>Wow que noche tan linda, gracias Se\u00f1or por poner en cada uno de los que asistieron hoy el querer y el hacer de poder venir a adorarte, y gracias por darnos el privilegio de servirte.<\/p>\n<p>Hoy d\u00ed la clase a los ni\u00f1os, estudiamos el arca de No\u00e9, aprendimos que No\u00e9 fue el hombre m\u00e1s justo de su \u00e9poca por eso Dios lo salv\u00f3 y nos pusimos a reflexionar con los ni\u00f1os si hoy viniera un diluvio \u00bfme escoger\u00eda Dios para hacer un arca?, \u00bfser\u00e9 tan justa delante de Dios? \u00bfRealmente tengo una buena relaci\u00f3n con Dios? \u00bfEst\u00e1 Dios en el centro de mi coraz\u00f3n? Si me toca decidir entre Dios y su Reino y las cosas de este mundo \u00bflo preferir\u00eda a \u00c9l? Todo eso me trae a los pies de Jes\u00fas, gracias a \u00e9l y al sacrificio que hizo en la cruz y por obedecerle al tomar la decisi\u00f3n de arrepentirme y bautizarme para el perd\u00f3n de los pecados y recibir el Esp\u00edritu Santo \u00c9l me justifica delante del Padre.<\/p>\n<p><strong>Pero No\u00e9 hall\u00f3 gracia ante los ojos de Jehov\u00e1.<\/strong> G\u00e9nesis 6:8<\/p>\n<p><strong>El que ama a padre o madre m\u00e1s que a m\u00ed, no es digno de m\u00ed; el que ama a hijo o hija m\u00e1s que a m\u00ed, no es digno de m\u00ed;<\/strong> Mateo 10:37<\/p>\n<p><sup class=\"versenum\">&nbsp;<\/sup><strong>Mas buscad primeramente el reino de Dios y su justicia, y todas estas cosas os ser\u00e1n a\u00f1adidas<\/strong>. Mateo 6:33<\/p>\n<p>Se\u00f1or de nuevo gracias por Tu palabra y gracias por la obra que hiciste hoy, te pedimos que pongas el deseo irresistible en nuestro coraz\u00f3n de servirte, que todo lo que aprendemos no solo sean palabras bonitas que lleva el viento sino que de verdad te obedezamos y pongamos en pr\u00e1ctica lo que aprendemos y as\u00ed le demos un buen ejemplo a nuestros ni\u00f1os, te lo pedimos en nombre de nuestro Se\u00f1or Jesucristo, am\u00e9n.<\/p>\n<p><a href=\"http:\/\/damas.laiglesiadelacomunidad.com\/?attachment_id=11839\" rel=\"attachment wp-att-11839\"><img loading=\"lazy\" decoding=\"async\" class=\"alignnone size-full wp-image-11839\" src=\"http:\/\/damas.laiglesiadelacomunidad.com\/wp-content\/uploads\/2016\/08\/img_5970.jpg\" alt=\"img_5970.jpg\" width=\"2448\" height=\"3264\" srcset=\"http:\/\/damas.laiglesiadelacomunidad.com\/wp-content\/uploads\/2016\/08\/img_5970.jpg 2448w, http:\/\/damas.laiglesiadelacomunidad.com\/wp-content\/uploads\/2016\/08\/img_5970-225x300.jpg 225w, http:\/\/damas.laiglesiadelacomunidad.com\/wp-content\/uploads\/2016\/08\/img_5970-768x1024.jpg 768w\" sizes=\"(max-width: 2448px) 100vw, 2448px\" \/><\/a> <a href=\"http:\/\/damas.laiglesiadelacomunidad.com\/?attachment_id=11855\" rel=\"attachment wp-att-11855\"><img loading=\"lazy\" decoding=\"async\" class=\"alignnone size-full wp-image-11855\" src=\"http:\/\/damas.laiglesiadelacomunidad.com\/wp-content\/uploads\/2016\/08\/2016-08-28-20.23.48.jpg\" alt=\"2016-08-28 20.23.48\" width=\"3264\" height=\"2448\" srcset=\"http:\/\/damas.laiglesiadelacomunidad.com\/wp-content\/uploads\/2016\/08\/2016-08-28-20.23.48.jpg 3264w, http:\/\/damas.laiglesiadelacomunidad.com\/wp-content\/uploads\/2016\/08\/2016-08-28-20.23.48-300x225.jpg 300w, http:\/\/damas.laiglesiadelacomunidad.com\/wp-content\/uploads\/2016\/08\/2016-08-28-20.23.48-768x576.jpg 768w, http:\/\/damas.laiglesiadelacomunidad.com\/wp-content\/uploads\/2016\/08\/2016-08-28-20.23.48-1024x768.jpg 1024w\" sizes=\"(max-width: 3264px) 100vw, 3264px\" \/><\/a> <a href=\"http:\/\/damas.laiglesiadelacomunidad.com\/?attachment_id=11854\" rel=\"attachment wp-att-11854\"><img loading=\"lazy\" decoding=\"async\" class=\"alignnone size-full wp-image-11854\" src=\"http:\/\/damas.laiglesiadelacomunidad.com\/wp-content\/uploads\/2016\/08\/2016-08-28-20.23.40.jpg\" alt=\"2016-08-28 20.23.40\" width=\"3264\" height=\"2448\" srcset=\"http:\/\/damas.laiglesiadelacomunidad.com\/wp-content\/uploads\/2016\/08\/2016-08-28-20.23.40.jpg 3264w, http:\/\/damas.laiglesiadelacomunidad.com\/wp-content\/uploads\/2016\/08\/2016-08-28-20.23.40-300x225.jpg 300w, http:\/\/damas.laiglesiadelacomunidad.com\/wp-content\/uploads\/2016\/08\/2016-08-28-20.23.40-768x576.jpg 768w, http:\/\/damas.laiglesiadelacomunidad.com\/wp-content\/uploads\/2016\/08\/2016-08-28-20.23.40-1024x768.jpg 1024w\" sizes=\"(max-width: 3264px) 100vw, 3264px\" \/><\/a> <a href=\"http:\/\/damas.laiglesiadelacomunidad.com\/?attachment_id=11853\" rel=\"attachment wp-att-11853\"><img loading=\"lazy\" decoding=\"async\" class=\"alignnone size-full wp-image-11853\" src=\"http:\/\/damas.laiglesiadelacomunidad.com\/wp-content\/uploads\/2016\/08\/2016-08-28-19.58.20-e1472439972968.jpg\" alt=\"2016-08-28 19.58.20\" width=\"960\" height=\"1280\" srcset=\"http:\/\/damas.laiglesiadelacomunidad.com\/wp-content\/uploads\/2016\/08\/2016-08-28-19.58.20-e1472439972968.jpg 960w, http:\/\/damas.laiglesiadelacomunidad.com\/wp-content\/uploads\/2016\/08\/2016-08-28-19.58.20-e1472439972968-225x300.jpg 225w, http:\/\/damas.laiglesiadelacomunidad.com\/wp-content\/uploads\/2016\/08\/2016-08-28-19.58.20-e1472439972968-768x1024.jpg 768w\" sizes=\"(max-width: 960px) 100vw, 960px\" \/><\/a> <a href=\"http:\/\/damas.laiglesiadelacomunidad.com\/?attachment_id=11852\" rel=\"attachment wp-att-11852\"><img loading=\"lazy\" decoding=\"async\" class=\"alignnone size-full wp-image-11852\" src=\"http:\/\/damas.laiglesiadelacomunidad.com\/wp-content\/uploads\/2016\/08\/2016-08-28-19.55.10.jpg\" alt=\"2016-08-28 19.55.10\" width=\"3264\" height=\"2448\" srcset=\"http:\/\/damas.laiglesiadelacomunidad.com\/wp-content\/uploads\/2016\/08\/2016-08-28-19.55.10.jpg 3264w, http:\/\/damas.laiglesiadelacomunidad.com\/wp-content\/uploads\/2016\/08\/2016-08-28-19.55.10-300x225.jpg 300w, http:\/\/damas.laiglesiadelacomunidad.com\/wp-content\/uploads\/2016\/08\/2016-08-28-19.55.10-768x576.jpg 768w, http:\/\/damas.laiglesiadelacomunidad.com\/wp-content\/uploads\/2016\/08\/2016-08-28-19.55.10-1024x768.jpg 1024w\" sizes=\"(max-width: 3264px) 100vw, 3264px\" \/><\/a> <a href=\"http:\/\/damas.laiglesiadelacomunidad.com\/?attachment_id=11851\" rel=\"attachment wp-att-11851\"><img loading=\"lazy\" decoding=\"async\" class=\"alignnone size-full wp-image-11851\" src=\"http:\/\/damas.laiglesiadelacomunidad.com\/wp-content\/uploads\/2016\/08\/2016-08-28-19.55.03.jpg\" alt=\"2016-08-28 19.55.03\" width=\"3264\" height=\"2448\" srcset=\"http:\/\/damas.laiglesiadelacomunidad.com\/wp-content\/uploads\/2016\/08\/2016-08-28-19.55.03.jpg 3264w, http:\/\/damas.laiglesiadelacomunidad.com\/wp-content\/uploads\/2016\/08\/2016-08-28-19.55.03-300x225.jpg 300w, http:\/\/damas.laiglesiadelacomunidad.com\/wp-content\/uploads\/2016\/08\/2016-08-28-19.55.03-768x576.jpg 768w, http:\/\/damas.laiglesiadelacomunidad.com\/wp-content\/uploads\/2016\/08\/2016-08-28-19.55.03-1024x768.jpg 1024w\" sizes=\"(max-width: 3264px) 100vw, 3264px\" \/><\/a> <a href=\"http:\/\/damas.laiglesiadelacomunidad.com\/?attachment_id=11850\" rel=\"attachment wp-att-11850\"><img loading=\"lazy\" decoding=\"async\" class=\"alignnone size-full wp-image-11850\" src=\"http:\/\/damas.laiglesiadelacomunidad.com\/wp-content\/uploads\/2016\/08\/2016-08-28-19.54.58.jpg\" alt=\"2016-08-28 19.54.58\" width=\"3264\" height=\"2448\" srcset=\"http:\/\/damas.laiglesiadelacomunidad.com\/wp-content\/uploads\/2016\/08\/2016-08-28-19.54.58.jpg 3264w, http:\/\/damas.laiglesiadelacomunidad.com\/wp-content\/uploads\/2016\/08\/2016-08-28-19.54.58-300x225.jpg 300w, http:\/\/damas.laiglesiadelacomunidad.com\/wp-content\/uploads\/2016\/08\/2016-08-28-19.54.58-768x576.jpg 768w, http:\/\/damas.laiglesiadelacomunidad.com\/wp-content\/uploads\/2016\/08\/2016-08-28-19.54.58-1024x768.jpg 1024w\" sizes=\"(max-width: 3264px) 100vw, 3264px\" \/><\/a> <a href=\"http:\/\/damas.laiglesiadelacomunidad.com\/?attachment_id=11849\" rel=\"attachment wp-att-11849\"><img loading=\"lazy\" decoding=\"async\" class=\"alignnone size-full wp-image-11849\" src=\"http:\/\/damas.laiglesiadelacomunidad.com\/wp-content\/uploads\/2016\/08\/2016-08-28-19.54.56.jpg\" alt=\"2016-08-28 19.54.56\" width=\"3264\" height=\"2448\" srcset=\"http:\/\/damas.laiglesiadelacomunidad.com\/wp-content\/uploads\/2016\/08\/2016-08-28-19.54.56.jpg 3264w, http:\/\/damas.laiglesiadelacomunidad.com\/wp-content\/uploads\/2016\/08\/2016-08-28-19.54.56-300x225.jpg 300w, http:\/\/damas.laiglesiadelacomunidad.com\/wp-content\/uploads\/2016\/08\/2016-08-28-19.54.56-768x576.jpg 768w, http:\/\/damas.laiglesiadelacomunidad.com\/wp-content\/uploads\/2016\/08\/2016-08-28-19.54.56-1024x768.jpg 1024w\" sizes=\"(max-width: 3264px) 100vw, 3264px\" \/><\/a> <a href=\"http:\/\/damas.laiglesiadelacomunidad.com\/?attachment_id=11848\" rel=\"attachment wp-att-11848\"><img loading=\"lazy\" decoding=\"async\" class=\"alignnone size-full wp-image-11848\" src=\"http:\/\/damas.laiglesiadelacomunidad.com\/wp-content\/uploads\/2016\/08\/2016-08-28-19.54.50.jpg\" alt=\"2016-08-28 19.54.50\" width=\"3264\" height=\"2448\" srcset=\"http:\/\/damas.laiglesiadelacomunidad.com\/wp-content\/uploads\/2016\/08\/2016-08-28-19.54.50.jpg 3264w, http:\/\/damas.laiglesiadelacomunidad.com\/wp-content\/uploads\/2016\/08\/2016-08-28-19.54.50-300x225.jpg 300w, http:\/\/damas.laiglesiadelacomunidad.com\/wp-content\/uploads\/2016\/08\/2016-08-28-19.54.50-768x576.jpg 768w, http:\/\/damas.laiglesiadelacomunidad.com\/wp-content\/uploads\/2016\/08\/2016-08-28-19.54.50-1024x768.jpg 1024w\" sizes=\"(max-width: 3264px) 100vw, 3264px\" \/><\/a> <a href=\"http:\/\/damas.laiglesiadelacomunidad.com\/?attachment_id=11847\" rel=\"attachment wp-att-11847\"><img loading=\"lazy\" decoding=\"async\" class=\"alignnone size-full wp-image-11847\" src=\"http:\/\/damas.laiglesiadelacomunidad.com\/wp-content\/uploads\/2016\/08\/2016-08-28-19.54.46-e1472439989661.jpg\" alt=\"2016-08-28 19.54.46\" width=\"2448\" height=\"3264\" srcset=\"http:\/\/damas.laiglesiadelacomunidad.com\/wp-content\/uploads\/2016\/08\/2016-08-28-19.54.46-e1472439989661.jpg 2448w, http:\/\/damas.laiglesiadelacomunidad.com\/wp-content\/uploads\/2016\/08\/2016-08-28-19.54.46-e1472439989661-225x300.jpg 225w, http:\/\/damas.laiglesiadelacomunidad.com\/wp-content\/uploads\/2016\/08\/2016-08-28-19.54.46-e1472439989661-768x1024.jpg 768w\" sizes=\"(max-width: 2448px) 100vw, 2448px\" \/><\/a> <a href=\"http:\/\/damas.laiglesiadelacomunidad.com\/?attachment_id=11846\" rel=\"attachment wp-att-11846\"><img loading=\"lazy\" decoding=\"async\" class=\"alignnone size-full wp-image-11846\" src=\"http:\/\/damas.laiglesiadelacomunidad.com\/wp-content\/uploads\/2016\/08\/2016-08-28-19.37.18.jpg\" alt=\"2016-08-28 19.37.18\" width=\"3264\" height=\"2448\" srcset=\"http:\/\/damas.laiglesiadelacomunidad.com\/wp-content\/uploads\/2016\/08\/2016-08-28-19.37.18.jpg 3264w, http:\/\/damas.laiglesiadelacomunidad.com\/wp-content\/uploads\/2016\/08\/2016-08-28-19.37.18-300x225.jpg 300w, http:\/\/damas.laiglesiadelacomunidad.com\/wp-content\/uploads\/2016\/08\/2016-08-28-19.37.18-768x576.jpg 768w, http:\/\/damas.laiglesiadelacomunidad.com\/wp-content\/uploads\/2016\/08\/2016-08-28-19.37.18-1024x768.jpg 1024w\" sizes=\"(max-width: 3264px) 100vw, 3264px\" \/><\/a> <a href=\"http:\/\/damas.laiglesiadelacomunidad.com\/?attachment_id=11845\" rel=\"attachment wp-att-11845\"><img loading=\"lazy\" decoding=\"async\" class=\"alignnone size-full wp-image-11845\" src=\"http:\/\/damas.laiglesiadelacomunidad.com\/wp-content\/uploads\/2016\/08\/2016-08-28-19.17.13-e1472439952921.jpg\" alt=\"2016-08-28 19.17.13\" width=\"2448\" height=\"3264\" srcset=\"http:\/\/damas.laiglesiadelacomunidad.com\/wp-content\/uploads\/2016\/08\/2016-08-28-19.17.13-e1472439952921.jpg 2448w, http:\/\/damas.laiglesiadelacomunidad.com\/wp-content\/uploads\/2016\/08\/2016-08-28-19.17.13-e1472439952921-225x300.jpg 225w, http:\/\/damas.laiglesiadelacomunidad.com\/wp-content\/uploads\/2016\/08\/2016-08-28-19.17.13-e1472439952921-768x1024.jpg 768w\" sizes=\"(max-width: 2448px) 100vw, 2448px\" \/><\/a> <a href=\"http:\/\/damas.laiglesiadelacomunidad.com\/?attachment_id=11843\" rel=\"attachment wp-att-11843\"><img loading=\"lazy\" decoding=\"async\" class=\"alignnone size-full wp-image-11843\" src=\"http:\/\/damas.laiglesiadelacomunidad.com\/wp-content\/uploads\/2016\/08\/2016-08-28-19.13.10-e1472439933739.jpg\" alt=\"2016-08-28 19.13.10\" width=\"2448\" height=\"3264\" srcset=\"http:\/\/damas.laiglesiadelacomunidad.com\/wp-content\/uploads\/2016\/08\/2016-08-28-19.13.10-e1472439933739.jpg 2448w, http:\/\/damas.laiglesiadelacomunidad.com\/wp-content\/uploads\/2016\/08\/2016-08-28-19.13.10-e1472439933739-225x300.jpg 225w, http:\/\/damas.laiglesiadelacomunidad.com\/wp-content\/uploads\/2016\/08\/2016-08-28-19.13.10-e1472439933739-768x1024.jpg 768w\" sizes=\"(max-width: 2448px) 100vw, 2448px\" \/><\/a><\/p>\n","protected":false},"excerpt":{"rendered":"<p>Wow que noche tan linda, gracias Se\u00f1or por poner en cada uno de los que asistieron hoy el querer y el hacer de poder venir a adorarte, y gracias por darnos el privilegio de servirte. Hoy d\u00ed la clase a los ni\u00f1os, estudiamos el arca de No\u00e9, aprendimos que No\u00e9 fue el hombre m\u00e1s justo &hellip; <a href=\"http:\/\/damas.laiglesiadelacomunidad.com\/?p=11841\" class=\"more-link\">Continue reading <span class=\"screen-reader-text\">Reuni\u00f3n domingo 28 de Agosto del 2016<\/span> <span class=\"meta-nav\">&rarr;<\/span><\/a><\/p>\n","protected":false},"author":2,"featured_media":0,"comment_status":"open","ping_status":"open","sticky":false,"template":"","format":"gallery","meta":{"footnotes":""},"categories":[7],"tags":[],"_links":{"self":[{"href":"http:\/\/damas.laiglesiadelacomunidad.com\/index.php?rest_route=\/wp\/v2\/posts\/11841"}],"collection":[{"href":"http:\/\/damas.laiglesiadelacomunidad.com\/index.php?rest_route=\/wp\/v2\/posts"}],"about":[{"href":"http:\/\/damas.laiglesiadelacomunidad.com\/index.php?rest_route=\/wp\/v2\/types\/post"}],"author":[{"embeddable":true,"href":"http:\/\/damas.laiglesiadelacomunidad.com\/index.php?rest_route=\/wp\/v2\/users\/2"}],"replies":[{"embeddable":true,"href":"http:\/\/damas.laiglesiadelacomunidad.com\/index.php?rest_route=%2Fwp%2Fv2%2Fcomments&post=11841"}],"version-history":[{"count":4,"href":"http:\/\/damas.laiglesiadelacomunidad.com\/index.php?rest_route=\/wp\/v2\/posts\/11841\/revisions"}],"predecessor-version":[{"id":11858,"href":"http:\/\/damas.laiglesiadelacomunidad.com\/index.php?rest_route=\/wp\/v2\/posts\/11841\/revisions\/11858"}],"wp:attachment":[{"href":"http:\/\/damas.laiglesiadelacomunidad.com\/index.php?rest_route=%2Fwp%2Fv2%2Fmedia&parent=11841"}],"wp:term":[{"taxonomy":"category","embeddable":true,"href":"http:\/\/damas.laiglesiadelacomunidad.com\/index.php?rest_route=%2Fwp%2Fv2%2Fcategories&post=11841"},{"taxonomy":"post_tag","embeddable":true,"href":"http:\/\/damas.laiglesiadelacomunidad.com\/index.php?rest_route=%2Fwp%2Fv2%2Ftags&post=11841"}],"curies":[{"name":"wp","href":"https:\/\/api.w.org\/{rel}","templated":true}]}}