{"id":11713,"date":"2016-07-17T22:48:30","date_gmt":"2016-07-18T03:48:30","guid":{"rendered":"http:\/\/damas.laiglesiadelacomunidad.com\/?p=11713"},"modified":"2016-07-17T22:48:30","modified_gmt":"2016-07-18T03:48:30","slug":"reunion-domingo-17-de-julio-del-2016","status":"publish","type":"post","link":"http:\/\/damas.laiglesiadelacomunidad.com\/?p=11713","title":{"rendered":"Reuni\u00f3n domingo 17 de Julio del 2016"},"content":{"rendered":"<p>Gracias Se\u00f1or por darnos el privilegio de volver a congregarnos \u00e9ste domingo, gracias por poner el deseo y el \u00e1nimo en nuestros corazones para servirte y adorarte de nuevo como comunidad, gracias por las personas que participaron hoy para crear el ambiente para reunirnos. Gracias por proveer tanta comida, tu eres bueno Se\u00f1or.<\/p>\n<p>El tema de hoy fue: <strong>&#8220;Lo M\u00e1s Impotante&#8221;<\/strong> y la idea grande de hoy fue: <strong>&#8220;Lo m\u00e1s importante en la vida es conocer a Dios&#8221;<\/strong> Este mes estamos celebrando nuestros 15 a\u00f1os de existir como iglesia, han sido 15 a\u00f1os de altos y bajos, de gente que viene y va, de gente que desea seguir a Dios y lucha por obedecerle y de gente que lucha contra Dios que le desobedece y lo abandona. Muchas veces en nuestras vidas ignoramos y tratamos a Dios como que \u00c9l no es el ser supremo del universo, no lo queremos obecer. Otras veces lo ignoramos y pensamos que podemos hacer cosas a espaldas de \u00c9l y lo &#8220;enga\u00f1amos&#8221;, y algunas otras veces sabemos que \u00c9l quiere algo de nosotros pero no lo queremos escuchar o tomamos decisiones incorrectas y \u00a0blasfemamos al atribuirselas al Espiritu Santo.<\/p>\n<p>Dios quiere que nosotros lo conozcamos cada d\u00eda m\u00e1s, \u00c9l desea que lo pongamos en el centro de nuestra vida y para conocerle tenemos que tomar tiempo y dedicarnos m\u00e1s a \u00c9l, para empezar tenemos que aceptarlo y tomar la desici\u00f3n de seguirle por arrepentirnos y bautizarnos, luego tenemos que hacer que la relaci\u00f3n crezca por pasar mucho tiempo con \u00c9l, leyendo su palabra, orando y ayunando, confesando nuestros pecado, arrepintiendonos cada vez que le desobedecemos y ayudando a otros Cristianos y nos Cristianos a seguirle.<\/p>\n<p><strong><span id=\"es-RVC-19867\" class=\"text Jer-36-23\">Yehud\u00ed habr\u00eda le\u00eddo tres o cuatro columnas del texto, cuando el rey rasg\u00f3 el rollo con un cortaplumas de escriba, y lo arroj\u00f3 al fuego que hab\u00eda en el brasero, hasta que todo el rollo se consumi\u00f3.<\/span> <span id=\"es-RVC-19868\" class=\"text Jer-36-24\"><sup class=\"versenum\">\u00a0<\/sup>Cuando el rey y sus siervos oyeron todas estas palabras, no mostraron ning\u00fan temor ni se rasgaron los vestidos.<\/span> <span id=\"es-RVC-19869\" class=\"text Jer-36-25\">Elnat\u00e1n, Dela\u00eda y Gemar\u00edas le rogaron al rey que no quemara el rollo, pero el rey no les hizo caso;<\/span> <\/strong><span id=\"es-RVC-19870\" class=\"text Jer-36-26\"><strong><sup class=\"versenum\">\u00a0<\/sup>al contrario, mand\u00f3 a Yeramel hijo de Hamelec, a Sera\u00edas hijo de Azriel y a Selem\u00edas hijo de Abdel, para que aprehendieran al escriba Baruc y al profeta Jerem\u00edas, pero el Se\u00f1or los escondi\u00f3.<\/strong> Jeremias 36:23-26<\/span><\/p>\n<p><strong><span class=\"text Acts-5-1\">Pero un hombre que se llamaba Anan\u00edas, junto con Safira, su mujer, vendi\u00f3 un terreno<\/span> <span id=\"es-RVC-27063\" class=\"text Acts-5-2\"><sup class=\"versenum\">\u00a0<\/sup>y, con el consentimiento de ella, sustrajo algo del dinero que recibi\u00f3; as\u00ed que llev\u00f3 s\u00f3lo una parte y la entreg\u00f3 a los ap\u00f3stoles.<\/span> <span id=\"es-RVC-27064\" class=\"text Acts-5-3\"><sup class=\"versenum\">\u00a0<\/sup>Entonces Pedro le dijo: \u00abAnan\u00edas, \u00bfpor qu\u00e9 le permitiste a Satan\u00e1s que entrara en ti para mentirle al Esp\u00edritu Santo y sustraer parte de tu dinero?<\/span> <span id=\"es-RVC-27065\" class=\"text Acts-5-4\"><sup class=\"versenum\">\u00a0<\/sup>\u00bfAcaso el terreno no era tuyo? Y, si lo vend\u00edas, \u00bfacaso no era tuyo el dinero? \u00bfPor qu\u00e9 decidiste hacer esto? No les has mentido a los hombres, sino a Dios.\u00bb<\/span> <span id=\"es-RVC-27066\" class=\"text Acts-5-5\"><sup class=\"versenum\">\u00a0<\/sup>Al o\u00edr Anan\u00edas estas palabras, cay\u00f3 muerto. Y a todos los que se enteraron les entr\u00f3 mucho miedo.<\/span><\/strong><span id=\"es-RVC-27067\" class=\"text Acts-5-6\"><strong><sup class=\"versenum\">\u00a0<\/sup>Entonces los j\u00f3venes se levantaron, lo envolvieron, lo sacaron y lo sepultaron.<\/strong> Hechos 5:1-6<\/span><\/p>\n<p><strong><span id=\"es-RVC-30764\" class=\"text Rev-3-15\">\u00bb\u201cYo s\u00e9 todo lo que haces, y s\u00e9 que no eres fr\u00edo ni caliente. \u00a1C\u00f3mo quisiera que fueras fr\u00edo o caliente!<\/span> <\/strong><span id=\"es-RVC-30765\" class=\"text Rev-3-16\"><strong>Pero como eres tibio, y no fr\u00edo ni caliente, te vomitar\u00e9 de mi boca.\u201d<\/strong> Apocalipsis 3:15-16<\/span><\/p>\n<p>Gracias Se\u00f1or por el \u00e1nimo que recibimos al escuchar el mensaje de Tu palabra, te pedimos que nos des el querer, el deseo, el \u00e1nimo de conocerte, que pongas el deseo irresistible en nuestros corazones de seguirte y amarte, te lo pedimos en nombre de Jesucristo nuestro Se\u00f1or, am\u00e9n.<\/p>\n<p>Gracias a todas por sus oraciones, gracias a Dios ya me siento completamente recuperada.<\/p>\n<p>Dios las bendiga, las quiero mucho \ud83d\ude42<\/p>\n<p>Jackie C.<\/p>\n<p><a href=\"http:\/\/damas.laiglesiadelacomunidad.com\/?attachment_id=11715\" rel=\"attachment wp-att-11715\"><img loading=\"lazy\" decoding=\"async\" class=\"alignnone size-full wp-image-11715\" src=\"http:\/\/damas.laiglesiadelacomunidad.com\/wp-content\/uploads\/2016\/07\/2016-07-17-19.51.24-e1468813369863.jpg\" alt=\"2016-07-17 19.51.24\" width=\"2448\" height=\"3264\" srcset=\"http:\/\/damas.laiglesiadelacomunidad.com\/wp-content\/uploads\/2016\/07\/2016-07-17-19.51.24-e1468813369863.jpg 2448w, http:\/\/damas.laiglesiadelacomunidad.com\/wp-content\/uploads\/2016\/07\/2016-07-17-19.51.24-e1468813369863-225x300.jpg 225w, http:\/\/damas.laiglesiadelacomunidad.com\/wp-content\/uploads\/2016\/07\/2016-07-17-19.51.24-e1468813369863-768x1024.jpg 768w\" sizes=\"(max-width: 2448px) 100vw, 2448px\" \/><\/a> <a href=\"http:\/\/damas.laiglesiadelacomunidad.com\/?attachment_id=11716\" rel=\"attachment wp-att-11716\"><img loading=\"lazy\" decoding=\"async\" class=\"alignnone size-full wp-image-11716\" src=\"http:\/\/damas.laiglesiadelacomunidad.com\/wp-content\/uploads\/2016\/07\/2016-07-17-19.51.28-e1468813390634.jpg\" alt=\"2016-07-17 19.51.28\" width=\"2448\" height=\"3264\" srcset=\"http:\/\/damas.laiglesiadelacomunidad.com\/wp-content\/uploads\/2016\/07\/2016-07-17-19.51.28-e1468813390634.jpg 2448w, http:\/\/damas.laiglesiadelacomunidad.com\/wp-content\/uploads\/2016\/07\/2016-07-17-19.51.28-e1468813390634-225x300.jpg 225w, http:\/\/damas.laiglesiadelacomunidad.com\/wp-content\/uploads\/2016\/07\/2016-07-17-19.51.28-e1468813390634-768x1024.jpg 768w\" sizes=\"(max-width: 2448px) 100vw, 2448px\" \/><\/a> <a href=\"http:\/\/damas.laiglesiadelacomunidad.com\/?attachment_id=11717\" rel=\"attachment wp-att-11717\"><img loading=\"lazy\" decoding=\"async\" class=\"alignnone size-full wp-image-11717\" src=\"http:\/\/damas.laiglesiadelacomunidad.com\/wp-content\/uploads\/2016\/07\/2016-07-17-19.59.55-e1468813406874.jpg\" alt=\"2016-07-17 19.59.55\" width=\"2448\" height=\"3264\" srcset=\"http:\/\/damas.laiglesiadelacomunidad.com\/wp-content\/uploads\/2016\/07\/2016-07-17-19.59.55-e1468813406874.jpg 2448w, http:\/\/damas.laiglesiadelacomunidad.com\/wp-content\/uploads\/2016\/07\/2016-07-17-19.59.55-e1468813406874-225x300.jpg 225w, http:\/\/damas.laiglesiadelacomunidad.com\/wp-content\/uploads\/2016\/07\/2016-07-17-19.59.55-e1468813406874-768x1024.jpg 768w\" sizes=\"(max-width: 2448px) 100vw, 2448px\" \/><\/a> <a href=\"http:\/\/damas.laiglesiadelacomunidad.com\/?attachment_id=11718\" rel=\"attachment wp-att-11718\"><img loading=\"lazy\" decoding=\"async\" class=\"alignnone size-full wp-image-11718\" src=\"http:\/\/damas.laiglesiadelacomunidad.com\/wp-content\/uploads\/2016\/07\/2016-07-17-20.00.03-e1468813421434.jpg\" alt=\"2016-07-17 20.00.03\" width=\"2448\" height=\"3264\" srcset=\"http:\/\/damas.laiglesiadelacomunidad.com\/wp-content\/uploads\/2016\/07\/2016-07-17-20.00.03-e1468813421434.jpg 2448w, http:\/\/damas.laiglesiadelacomunidad.com\/wp-content\/uploads\/2016\/07\/2016-07-17-20.00.03-e1468813421434-225x300.jpg 225w, http:\/\/damas.laiglesiadelacomunidad.com\/wp-content\/uploads\/2016\/07\/2016-07-17-20.00.03-e1468813421434-768x1024.jpg 768w\" sizes=\"(max-width: 2448px) 100vw, 2448px\" \/><\/a> <a href=\"http:\/\/damas.laiglesiadelacomunidad.com\/?attachment_id=11719\" rel=\"attachment wp-att-11719\"><img loading=\"lazy\" decoding=\"async\" class=\"alignnone size-full wp-image-11719\" src=\"http:\/\/damas.laiglesiadelacomunidad.com\/wp-content\/uploads\/2016\/07\/2016-07-17-20.10.06-e1468813437861.jpg\" alt=\"2016-07-17 20.10.06\" width=\"3264\" height=\"2448\" srcset=\"http:\/\/damas.laiglesiadelacomunidad.com\/wp-content\/uploads\/2016\/07\/2016-07-17-20.10.06-e1468813437861.jpg 3264w, http:\/\/damas.laiglesiadelacomunidad.com\/wp-content\/uploads\/2016\/07\/2016-07-17-20.10.06-e1468813437861-300x225.jpg 300w, http:\/\/damas.laiglesiadelacomunidad.com\/wp-content\/uploads\/2016\/07\/2016-07-17-20.10.06-e1468813437861-768x576.jpg 768w, http:\/\/damas.laiglesiadelacomunidad.com\/wp-content\/uploads\/2016\/07\/2016-07-17-20.10.06-e1468813437861-1024x768.jpg 1024w\" sizes=\"(max-width: 3264px) 100vw, 3264px\" \/><\/a> <a href=\"http:\/\/damas.laiglesiadelacomunidad.com\/?attachment_id=11720\" rel=\"attachment wp-att-11720\"><img loading=\"lazy\" decoding=\"async\" class=\"alignnone size-full wp-image-11720\" src=\"http:\/\/damas.laiglesiadelacomunidad.com\/wp-content\/uploads\/2016\/07\/2016-07-17-20.10.12-e1468813452467.jpg\" alt=\"2016-07-17 20.10.12\" width=\"3264\" height=\"2448\" srcset=\"http:\/\/damas.laiglesiadelacomunidad.com\/wp-content\/uploads\/2016\/07\/2016-07-17-20.10.12-e1468813452467.jpg 3264w, http:\/\/damas.laiglesiadelacomunidad.com\/wp-content\/uploads\/2016\/07\/2016-07-17-20.10.12-e1468813452467-300x225.jpg 300w, http:\/\/damas.laiglesiadelacomunidad.com\/wp-content\/uploads\/2016\/07\/2016-07-17-20.10.12-e1468813452467-768x576.jpg 768w, http:\/\/damas.laiglesiadelacomunidad.com\/wp-content\/uploads\/2016\/07\/2016-07-17-20.10.12-e1468813452467-1024x768.jpg 1024w\" sizes=\"(max-width: 3264px) 100vw, 3264px\" \/><\/a> <a href=\"http:\/\/damas.laiglesiadelacomunidad.com\/?attachment_id=11721\" rel=\"attachment wp-att-11721\"><img loading=\"lazy\" decoding=\"async\" class=\"alignnone size-full wp-image-11721\" src=\"http:\/\/damas.laiglesiadelacomunidad.com\/wp-content\/uploads\/2016\/07\/2016-07-17-20.10.23-e1468813467941.jpg\" alt=\"2016-07-17 20.10.23\" width=\"3264\" height=\"2448\" srcset=\"http:\/\/damas.laiglesiadelacomunidad.com\/wp-content\/uploads\/2016\/07\/2016-07-17-20.10.23-e1468813467941.jpg 3264w, http:\/\/damas.laiglesiadelacomunidad.com\/wp-content\/uploads\/2016\/07\/2016-07-17-20.10.23-e1468813467941-300x225.jpg 300w, http:\/\/damas.laiglesiadelacomunidad.com\/wp-content\/uploads\/2016\/07\/2016-07-17-20.10.23-e1468813467941-768x576.jpg 768w, http:\/\/damas.laiglesiadelacomunidad.com\/wp-content\/uploads\/2016\/07\/2016-07-17-20.10.23-e1468813467941-1024x768.jpg 1024w\" sizes=\"(max-width: 3264px) 100vw, 3264px\" \/><\/a> <a href=\"http:\/\/damas.laiglesiadelacomunidad.com\/?attachment_id=11722\" rel=\"attachment wp-att-11722\"><img loading=\"lazy\" decoding=\"async\" class=\"alignnone size-full wp-image-11722\" src=\"http:\/\/damas.laiglesiadelacomunidad.com\/wp-content\/uploads\/2016\/07\/2016-07-17-20.10.30-e1468813481396.jpg\" alt=\"2016-07-17 20.10.30\" width=\"3264\" height=\"2448\" srcset=\"http:\/\/damas.laiglesiadelacomunidad.com\/wp-content\/uploads\/2016\/07\/2016-07-17-20.10.30-e1468813481396.jpg 3264w, http:\/\/damas.laiglesiadelacomunidad.com\/wp-content\/uploads\/2016\/07\/2016-07-17-20.10.30-e1468813481396-300x225.jpg 300w, http:\/\/damas.laiglesiadelacomunidad.com\/wp-content\/uploads\/2016\/07\/2016-07-17-20.10.30-e1468813481396-768x576.jpg 768w, http:\/\/damas.laiglesiadelacomunidad.com\/wp-content\/uploads\/2016\/07\/2016-07-17-20.10.30-e1468813481396-1024x768.jpg 1024w\" sizes=\"(max-width: 3264px) 100vw, 3264px\" \/><\/a> <a href=\"http:\/\/damas.laiglesiadelacomunidad.com\/?attachment_id=11724\" rel=\"attachment wp-att-11724\"><img loading=\"lazy\" decoding=\"async\" class=\"alignnone size-full wp-image-11724\" src=\"http:\/\/damas.laiglesiadelacomunidad.com\/wp-content\/uploads\/2016\/07\/2016-07-17-20.11.32-e1468813516758.jpg\" alt=\"2016-07-17 20.11.32\" width=\"3264\" height=\"2448\" srcset=\"http:\/\/damas.laiglesiadelacomunidad.com\/wp-content\/uploads\/2016\/07\/2016-07-17-20.11.32-e1468813516758.jpg 3264w, http:\/\/damas.laiglesiadelacomunidad.com\/wp-content\/uploads\/2016\/07\/2016-07-17-20.11.32-e1468813516758-300x225.jpg 300w, http:\/\/damas.laiglesiadelacomunidad.com\/wp-content\/uploads\/2016\/07\/2016-07-17-20.11.32-e1468813516758-768x576.jpg 768w, http:\/\/damas.laiglesiadelacomunidad.com\/wp-content\/uploads\/2016\/07\/2016-07-17-20.11.32-e1468813516758-1024x768.jpg 1024w\" sizes=\"(max-width: 3264px) 100vw, 3264px\" \/><\/a> <a href=\"http:\/\/damas.laiglesiadelacomunidad.com\/?attachment_id=11726\" rel=\"attachment wp-att-11726\"><img loading=\"lazy\" decoding=\"async\" class=\"alignnone size-full wp-image-11726\" src=\"http:\/\/damas.laiglesiadelacomunidad.com\/wp-content\/uploads\/2016\/07\/2016-07-17-21.57.41.jpg\" alt=\"2016-07-17 21.57.41\" width=\"2046\" height=\"2046\" srcset=\"http:\/\/damas.laiglesiadelacomunidad.com\/wp-content\/uploads\/2016\/07\/2016-07-17-21.57.41.jpg 2046w, http:\/\/damas.laiglesiadelacomunidad.com\/wp-content\/uploads\/2016\/07\/2016-07-17-21.57.41-150x150.jpg 150w, http:\/\/damas.laiglesiadelacomunidad.com\/wp-content\/uploads\/2016\/07\/2016-07-17-21.57.41-300x300.jpg 300w, http:\/\/damas.laiglesiadelacomunidad.com\/wp-content\/uploads\/2016\/07\/2016-07-17-21.57.41-768x768.jpg 768w, http:\/\/damas.laiglesiadelacomunidad.com\/wp-content\/uploads\/2016\/07\/2016-07-17-21.57.41-1024x1024.jpg 1024w\" sizes=\"(max-width: 2046px) 100vw, 2046px\" \/><\/a> <a href=\"http:\/\/damas.laiglesiadelacomunidad.com\/?attachment_id=11727\" rel=\"attachment wp-att-11727\"><img loading=\"lazy\" decoding=\"async\" class=\"alignnone size-full wp-image-11727\" src=\"http:\/\/damas.laiglesiadelacomunidad.com\/wp-content\/uploads\/2016\/07\/2016-07-16-23.07.24.png\" alt=\"2016-07-16 23.07.24\" width=\"800\" height=\"800\" srcset=\"http:\/\/damas.laiglesiadelacomunidad.com\/wp-content\/uploads\/2016\/07\/2016-07-16-23.07.24.png 800w, http:\/\/damas.laiglesiadelacomunidad.com\/wp-content\/uploads\/2016\/07\/2016-07-16-23.07.24-150x150.png 150w, http:\/\/damas.laiglesiadelacomunidad.com\/wp-content\/uploads\/2016\/07\/2016-07-16-23.07.24-300x300.png 300w, http:\/\/damas.laiglesiadelacomunidad.com\/wp-content\/uploads\/2016\/07\/2016-07-16-23.07.24-768x768.png 768w\" sizes=\"(max-width: 800px) 100vw, 800px\" \/><\/a><\/p>\n","protected":false},"excerpt":{"rendered":"<p>Gracias Se\u00f1or por darnos el privilegio de volver a congregarnos \u00e9ste domingo, gracias por poner el deseo y el \u00e1nimo en nuestros corazones para servirte y adorarte de nuevo como comunidad, gracias por las personas que participaron hoy para crear el ambiente para reunirnos. Gracias por proveer tanta comida, tu eres bueno Se\u00f1or. El tema &hellip; <a href=\"http:\/\/damas.laiglesiadelacomunidad.com\/?p=11713\" class=\"more-link\">Continue reading <span class=\"screen-reader-text\">Reuni\u00f3n domingo 17 de Julio del 2016<\/span> <span class=\"meta-nav\">&rarr;<\/span><\/a><\/p>\n","protected":false},"author":2,"featured_media":0,"comment_status":"open","ping_status":"open","sticky":false,"template":"","format":"gallery","meta":{"footnotes":""},"categories":[1,7],"tags":[],"_links":{"self":[{"href":"http:\/\/damas.laiglesiadelacomunidad.com\/index.php?rest_route=\/wp\/v2\/posts\/11713"}],"collection":[{"href":"http:\/\/damas.laiglesiadelacomunidad.com\/index.php?rest_route=\/wp\/v2\/posts"}],"about":[{"href":"http:\/\/damas.laiglesiadelacomunidad.com\/index.php?rest_route=\/wp\/v2\/types\/post"}],"author":[{"embeddable":true,"href":"http:\/\/damas.laiglesiadelacomunidad.com\/index.php?rest_route=\/wp\/v2\/users\/2"}],"replies":[{"embeddable":true,"href":"http:\/\/damas.laiglesiadelacomunidad.com\/index.php?rest_route=%2Fwp%2Fv2%2Fcomments&post=11713"}],"version-history":[{"count":2,"href":"http:\/\/damas.laiglesiadelacomunidad.com\/index.php?rest_route=\/wp\/v2\/posts\/11713\/revisions"}],"predecessor-version":[{"id":11728,"href":"http:\/\/damas.laiglesiadelacomunidad.com\/index.php?rest_route=\/wp\/v2\/posts\/11713\/revisions\/11728"}],"wp:attachment":[{"href":"http:\/\/damas.laiglesiadelacomunidad.com\/index.php?rest_route=%2Fwp%2Fv2%2Fmedia&parent=11713"}],"wp:term":[{"taxonomy":"category","embeddable":true,"href":"http:\/\/damas.laiglesiadelacomunidad.com\/index.php?rest_route=%2Fwp%2Fv2%2Fcategories&post=11713"},{"taxonomy":"post_tag","embeddable":true,"href":"http:\/\/damas.laiglesiadelacomunidad.com\/index.php?rest_route=%2Fwp%2Fv2%2Ftags&post=11713"}],"curies":[{"name":"wp","href":"https:\/\/api.w.org\/{rel}","templated":true}]}}