{"id":11555,"date":"2016-07-10T23:26:45","date_gmt":"2016-07-11T04:26:45","guid":{"rendered":"http:\/\/damas.laiglesiadelacomunidad.com\/?p=11555"},"modified":"2016-07-15T13:27:00","modified_gmt":"2016-07-15T18:27:00","slug":"15-anos-de-grandes-bendiciones","status":"publish","type":"post","link":"http:\/\/damas.laiglesiadelacomunidad.com\/?p=11555","title":{"rendered":"15 a\u00f1os de grandes bendiciones"},"content":{"rendered":"<p>Gracias Se\u00f1or por tan linda noche, gracias por darnos el privilegio de trabajar para T\u00ed por 15 a\u00f1os en \u00e9sta obra, gracias por dar a cada miembro de esta obra el deseo de llevar a otros a conocerte y de preocuparse por el bien esp\u00edritual de todos. Te pedimos Se\u00f1or que te quedes con nosotros, que nos sigas dando el deseo de seguirte y trabajar en Tu reino.<\/p>\n<p><span style=\"color: #ff0000;\"><strong><span id=\"es-RVC-24215\" class=\"text Matt-28-18\"><span style=\"color: #000000;\">Jes\u00fas se acerc\u00f3 y les dijo:<\/span> \u00abToda autoridad me ha sido dada en el cielo y en la tierra.<\/span> <span id=\"es-RVC-24216\" class=\"text Matt-28-19\"><sup class=\"versenum\">\u00a0<\/sup>Por tanto, vayan y hagan disc\u00edpulos en todas las naciones, y baut\u00edcenlos en el nombre del Padre, y del Hijo, y del Esp\u00edritu Santo.<\/span> <\/strong><\/span><span id=\"es-RVC-24217\" class=\"text Matt-28-20\"><span style=\"color: #ff0000;\"><strong><sup class=\"versenum\">\u00a0<\/sup>Ens\u00e9\u00f1enles a cumplir todas las cosas que les he mandado. Y yo estar\u00e9 con ustedes todos los d\u00edas, hasta el fin del mundo.\u00bb<\/strong><\/span> Am\u00e9n. Mateo 28:18-20<\/span><\/p>\n<p><strong><sup class=\"versenum\">\u00a0<\/sup>Les digo que as\u00ed tambi\u00e9n ser\u00e1 en el cielo: habr\u00e1 m\u00e1s gozo por un pecador que se arrepiente, que por noventa y nueve justos que no necesitan arrepentirse.<\/strong> Lucas 15:7<\/p>\n<p><strong><span id=\"es-RVC-29508\" class=\"text Col-2-12\">Cuando ustedes fueron bautizados, fueron tambi\u00e9n sepultados con \u00e9l, pero al mismo tiempo resucitaron con \u00e9l, por la fe en el poder de Dios, que lo levant\u00f3 de los muertos.<\/span> <\/strong><span id=\"es-RVC-29509\" class=\"text Col-2-13\"><strong>Antes, ustedes estaban muertos en sus pecados; a\u00fan no se hab\u00edan despojado de su naturaleza pecaminosa. Pero ahora, Dios les ha dado vida juntamente con \u00e9l, y les ha perdonado todos sus pecados.<\/strong> Colosenses 2:12-13<\/span><\/p>\n<p><a href=\"https:\/\/vimeo.com\/174124521\"><strong>Bautismos<\/strong><\/a><\/p>\n<p><iframe loading=\"lazy\" src=\"https:\/\/player.vimeo.com\/video\/174124521\" width=\"604\" height=\"403\" frameborder=\"0\" title=\"Bautismos\" webkitallowfullscreen mozallowfullscreen allowfullscreen><\/iframe><\/p>\n<!-- Rendered by FancyBox without labels BEGIN -->\n\n\t<style type=\"text\/css\">\n\t\t\t\t\t#gallery-0 {\n\t\t\t\t\t\tmargin: auto;\n\t\t\t\t\t}\n\t\t\t\t\t#gallery-0 .gallery-item {\n\t\t\t\t\t\tfloat: left;\n\t\t\t\t\t\tmargin-top: 10px;\n\t\t\t\t\t\ttext-align: center;\n\t\t\t\t\t\twidth: 19%;\n\t\t\t\t\t}\n\t\t\t\t\t#gallery-0 img {\n\t\t\t\t\t\tborder: 2px solid #cfcfcf;\n\t\t\t\t\t}\n\t\t\t\t\t#gallery-0 .gallery-caption {\n\t\t\t\t\t\tmargin-left: 0;\n\t\t\t\t\t}\n\t<\/style>\n<script type=\"text\/javascript\">\n$(document).ready(function() {\n\t\/*\n\t *  Simple image gallery. Uses default settings\n\t *\/\n\n\t$(\".fancybox\").fancybox({\n\t\t\"transitionIn\"\t\t: \"none\",\n\t\t\"transitionOut\"\t\t: \"none\",\n\t\t\"titlePosition\" \t: \"over\"\n\n\t});\n});\n<\/script>\n\n\t<div id=\"gallery-0\" class=\"gallery galleryid-0 gallery-size-thumbnail\" style=\"\"><dl class=\"gallery-item\"><dt class=\"gallery-icon\">\n\t\t<a class=\"fancybox\" href=\"http:\/\/damas.laiglesiadelacomunidad.com\/wp-content\/uploads\/2016\/07\/2016-07-10-17.08.19-e1468211346848-768x1024.jpg\" rel=\"gallery-0\"><img loading=\"lazy\" decoding=\"async\" width=\"150\" height=\"150\" class=\"attachment-thumbnail\" alt=\"\" src=\"http:\/\/damas.laiglesiadelacomunidad.com\/wp-content\/uploads\/2016\/07\/2016-07-10-17.08.19-e1468211346848-150x150.jpg\" \/><\/a><\/dt><\/dl>\n\n<dl class=\"gallery-item\"><dt class=\"gallery-icon\">\n\t\t<a class=\"fancybox\" href=\"http:\/\/damas.laiglesiadelacomunidad.com\/wp-content\/uploads\/2016\/07\/2016-07-10-17.08.48-e1468211365957-768x1024.jpg\" rel=\"gallery-0\"><img loading=\"lazy\" decoding=\"async\" width=\"150\" height=\"150\" class=\"attachment-thumbnail\" alt=\"\" src=\"http:\/\/damas.laiglesiadelacomunidad.com\/wp-content\/uploads\/2016\/07\/2016-07-10-17.08.48-e1468211365957-150x150.jpg\" \/><\/a><\/dt><\/dl>\n\n<dl class=\"gallery-item\"><dt class=\"gallery-icon\">\n\t\t<a class=\"fancybox\" href=\"http:\/\/damas.laiglesiadelacomunidad.com\/wp-content\/uploads\/2016\/07\/2016-07-10-17.08.51-e1468211381879-768x1024.jpg\" rel=\"gallery-0\"><img loading=\"lazy\" decoding=\"async\" width=\"150\" height=\"150\" class=\"attachment-thumbnail\" alt=\"\" src=\"http:\/\/damas.laiglesiadelacomunidad.com\/wp-content\/uploads\/2016\/07\/2016-07-10-17.08.51-e1468211381879-150x150.jpg\" \/><\/a><\/dt><\/dl>\n\n<dl class=\"gallery-item\"><dt class=\"gallery-icon\">\n\t\t<a class=\"fancybox\" href=\"http:\/\/damas.laiglesiadelacomunidad.com\/wp-content\/uploads\/2016\/07\/2016-07-10-17.08.52-e1468211399743-768x1024.jpg\" rel=\"gallery-0\"><img loading=\"lazy\" decoding=\"async\" width=\"150\" height=\"150\" class=\"attachment-thumbnail\" alt=\"\" src=\"http:\/\/damas.laiglesiadelacomunidad.com\/wp-content\/uploads\/2016\/07\/2016-07-10-17.08.52-e1468211399743-150x150.jpg\" \/><\/a><\/dt><\/dl>\n\n<dl class=\"gallery-item\"><dt class=\"gallery-icon\">\n\t\t<a class=\"fancybox\" href=\"http:\/\/damas.laiglesiadelacomunidad.com\/wp-content\/uploads\/2016\/07\/2016-07-10-17.56.35-e1468211419249-768x1024.jpg\" rel=\"gallery-0\"><img loading=\"lazy\" decoding=\"async\" width=\"150\" height=\"150\" class=\"attachment-thumbnail\" alt=\"\" src=\"http:\/\/damas.laiglesiadelacomunidad.com\/wp-content\/uploads\/2016\/07\/2016-07-10-17.56.35-e1468211419249-150x150.jpg\" \/><\/a><\/dt><\/dl>\n\n<dl class=\"gallery-item\"><dt class=\"gallery-icon\">\n\t\t<a class=\"fancybox\" href=\"http:\/\/damas.laiglesiadelacomunidad.com\/wp-content\/uploads\/2016\/07\/2016-07-10-17.56.44-1024x768.jpg\" rel=\"gallery-0\"><img loading=\"lazy\" decoding=\"async\" width=\"150\" height=\"150\" class=\"attachment-thumbnail\" alt=\"\" src=\"http:\/\/damas.laiglesiadelacomunidad.com\/wp-content\/uploads\/2016\/07\/2016-07-10-17.56.44-150x150.jpg\" \/><\/a><\/dt><\/dl>\n\n<dl class=\"gallery-item\"><dt class=\"gallery-icon\">\n\t\t<a class=\"fancybox\" href=\"http:\/\/damas.laiglesiadelacomunidad.com\/wp-content\/uploads\/2016\/07\/2016-07-10-18.30.04-1024x768.jpg\" rel=\"gallery-0\"><img loading=\"lazy\" decoding=\"async\" width=\"150\" height=\"150\" class=\"attachment-thumbnail\" alt=\"\" src=\"http:\/\/damas.laiglesiadelacomunidad.com\/wp-content\/uploads\/2016\/07\/2016-07-10-18.30.04-150x150.jpg\" \/><\/a><\/dt><\/dl>\n\n<dl class=\"gallery-item\"><dt class=\"gallery-icon\">\n\t\t<a class=\"fancybox\" href=\"http:\/\/damas.laiglesiadelacomunidad.com\/wp-content\/uploads\/2016\/07\/2016-07-10-18.30.09-1024x768.jpg\" rel=\"gallery-0\"><img loading=\"lazy\" decoding=\"async\" width=\"150\" height=\"150\" class=\"attachment-thumbnail\" alt=\"\" src=\"http:\/\/damas.laiglesiadelacomunidad.com\/wp-content\/uploads\/2016\/07\/2016-07-10-18.30.09-150x150.jpg\" \/><\/a><\/dt><\/dl>\n\n<dl class=\"gallery-item\"><dt class=\"gallery-icon\">\n\t\t<a class=\"fancybox\" href=\"http:\/\/damas.laiglesiadelacomunidad.com\/wp-content\/uploads\/2016\/07\/2016-07-10-18.30.20-1024x768.jpg\" rel=\"gallery-0\"><img loading=\"lazy\" decoding=\"async\" width=\"150\" height=\"150\" class=\"attachment-thumbnail\" alt=\"\" src=\"http:\/\/damas.laiglesiadelacomunidad.com\/wp-content\/uploads\/2016\/07\/2016-07-10-18.30.20-150x150.jpg\" \/><\/a><\/dt><\/dl>\n\n<dl class=\"gallery-item\"><dt class=\"gallery-icon\">\n\t\t<a class=\"fancybox\" href=\"http:\/\/damas.laiglesiadelacomunidad.com\/wp-content\/uploads\/2016\/07\/2016-07-10-18.30.25-1024x768.jpg\" rel=\"gallery-0\"><img loading=\"lazy\" decoding=\"async\" width=\"150\" height=\"150\" class=\"attachment-thumbnail\" alt=\"\" src=\"http:\/\/damas.laiglesiadelacomunidad.com\/wp-content\/uploads\/2016\/07\/2016-07-10-18.30.25-150x150.jpg\" \/><\/a><\/dt><\/dl>\n\n<dl class=\"gallery-item\"><dt class=\"gallery-icon\">\n\t\t<a class=\"fancybox\" href=\"http:\/\/damas.laiglesiadelacomunidad.com\/wp-content\/uploads\/2016\/07\/2016-07-10-18.30.36-1024x768.jpg\" rel=\"gallery-0\"><img loading=\"lazy\" decoding=\"async\" width=\"150\" height=\"150\" class=\"attachment-thumbnail\" alt=\"\" src=\"http:\/\/damas.laiglesiadelacomunidad.com\/wp-content\/uploads\/2016\/07\/2016-07-10-18.30.36-150x150.jpg\" \/><\/a><\/dt><\/dl>\n\n<dl class=\"gallery-item\"><dt class=\"gallery-icon\">\n\t\t<a class=\"fancybox\" href=\"http:\/\/damas.laiglesiadelacomunidad.com\/wp-content\/uploads\/2016\/07\/2016-07-10-18.30.41-1024x768.jpg\" rel=\"gallery-0\"><img loading=\"lazy\" decoding=\"async\" width=\"150\" height=\"150\" class=\"attachment-thumbnail\" alt=\"\" src=\"http:\/\/damas.laiglesiadelacomunidad.com\/wp-content\/uploads\/2016\/07\/2016-07-10-18.30.41-150x150.jpg\" \/><\/a><\/dt><\/dl>\n\n<dl class=\"gallery-item\"><dt class=\"gallery-icon\">\n\t\t<a class=\"fancybox\" href=\"http:\/\/damas.laiglesiadelacomunidad.com\/wp-content\/uploads\/2016\/07\/2016-07-10-18.31.32-1024x768.jpg\" rel=\"gallery-0\"><img loading=\"lazy\" decoding=\"async\" width=\"150\" height=\"150\" class=\"attachment-thumbnail\" alt=\"\" src=\"http:\/\/damas.laiglesiadelacomunidad.com\/wp-content\/uploads\/2016\/07\/2016-07-10-18.31.32-150x150.jpg\" \/><\/a><\/dt><\/dl>\n\n<dl class=\"gallery-item\"><dt class=\"gallery-icon\">\n\t\t<a class=\"fancybox\" href=\"http:\/\/damas.laiglesiadelacomunidad.com\/wp-content\/uploads\/2016\/07\/2016-07-10-18.34.07-1024x768.jpg\" rel=\"gallery-0\"><img loading=\"lazy\" decoding=\"async\" width=\"150\" height=\"150\" class=\"attachment-thumbnail\" alt=\"\" src=\"http:\/\/damas.laiglesiadelacomunidad.com\/wp-content\/uploads\/2016\/07\/2016-07-10-18.34.07-150x150.jpg\" \/><\/a><\/dt><\/dl>\n\n<dl class=\"gallery-item\"><dt class=\"gallery-icon\">\n\t\t<a class=\"fancybox\" href=\"http:\/\/damas.laiglesiadelacomunidad.com\/wp-content\/uploads\/2016\/07\/2016-07-10-18.34.10-1024x768.jpg\" rel=\"gallery-0\"><img loading=\"lazy\" decoding=\"async\" width=\"150\" height=\"150\" class=\"attachment-thumbnail\" alt=\"\" src=\"http:\/\/damas.laiglesiadelacomunidad.com\/wp-content\/uploads\/2016\/07\/2016-07-10-18.34.10-150x150.jpg\" \/><\/a><\/dt><\/dl>\n\n<dl class=\"gallery-item\"><dt class=\"gallery-icon\">\n\t\t<a class=\"fancybox\" href=\"http:\/\/damas.laiglesiadelacomunidad.com\/wp-content\/uploads\/2016\/07\/2016-07-10-18.34.27-e1468211465758-768x1024.jpg\" rel=\"gallery-0\"><img loading=\"lazy\" decoding=\"async\" width=\"150\" height=\"150\" class=\"attachment-thumbnail\" alt=\"\" src=\"http:\/\/damas.laiglesiadelacomunidad.com\/wp-content\/uploads\/2016\/07\/2016-07-10-18.34.27-e1468211465758-150x150.jpg\" \/><\/a><\/dt><\/dl>\n\n<dl class=\"gallery-item\"><dt class=\"gallery-icon\">\n\t\t<a class=\"fancybox\" href=\"http:\/\/damas.laiglesiadelacomunidad.com\/wp-content\/uploads\/2016\/07\/2016-07-10-18.34.30-e1468211498149-768x1024.jpg\" rel=\"gallery-0\"><img loading=\"lazy\" decoding=\"async\" width=\"150\" height=\"150\" class=\"attachment-thumbnail\" alt=\"\" src=\"http:\/\/damas.laiglesiadelacomunidad.com\/wp-content\/uploads\/2016\/07\/2016-07-10-18.34.30-e1468211498149-150x150.jpg\" \/><\/a><\/dt><\/dl>\n\n<dl class=\"gallery-item\"><dt class=\"gallery-icon\">\n\t\t<a class=\"fancybox\" href=\"http:\/\/damas.laiglesiadelacomunidad.com\/wp-content\/uploads\/2016\/07\/2016-07-10-18.35.10-e1468211522328-768x1024.jpg\" rel=\"gallery-0\"><img loading=\"lazy\" decoding=\"async\" width=\"150\" height=\"150\" class=\"attachment-thumbnail\" alt=\"\" src=\"http:\/\/damas.laiglesiadelacomunidad.com\/wp-content\/uploads\/2016\/07\/2016-07-10-18.35.10-e1468211522328-150x150.jpg\" \/><\/a><\/dt><\/dl>\n\n<dl class=\"gallery-item\"><dt class=\"gallery-icon\">\n\t\t<a class=\"fancybox\" href=\"http:\/\/damas.laiglesiadelacomunidad.com\/wp-content\/uploads\/2016\/07\/2016-07-10-18.35.17-e1468211549126-768x1024.jpg\" rel=\"gallery-0\"><img loading=\"lazy\" decoding=\"async\" width=\"150\" height=\"150\" class=\"attachment-thumbnail\" alt=\"\" src=\"http:\/\/damas.laiglesiadelacomunidad.com\/wp-content\/uploads\/2016\/07\/2016-07-10-18.35.17-e1468211549126-150x150.jpg\" \/><\/a><\/dt><\/dl>\n\n<dl class=\"gallery-item\"><dt class=\"gallery-icon\">\n\t\t<a class=\"fancybox\" href=\"http:\/\/damas.laiglesiadelacomunidad.com\/wp-content\/uploads\/2016\/07\/2016-07-10-18.35.20-e1468211572563-768x1024.jpg\" rel=\"gallery-0\"><img loading=\"lazy\" decoding=\"async\" width=\"150\" height=\"150\" class=\"attachment-thumbnail\" alt=\"\" src=\"http:\/\/damas.laiglesiadelacomunidad.com\/wp-content\/uploads\/2016\/07\/2016-07-10-18.35.20-e1468211572563-150x150.jpg\" \/><\/a><\/dt><\/dl>\n\n<dl class=\"gallery-item\"><dt class=\"gallery-icon\">\n\t\t<a class=\"fancybox\" href=\"http:\/\/damas.laiglesiadelacomunidad.com\/wp-content\/uploads\/2016\/07\/2016-07-10-18.43.20-1024x768.jpg\" rel=\"gallery-0\"><img loading=\"lazy\" decoding=\"async\" width=\"150\" height=\"150\" class=\"attachment-thumbnail\" alt=\"\" src=\"http:\/\/damas.laiglesiadelacomunidad.com\/wp-content\/uploads\/2016\/07\/2016-07-10-18.43.20-150x150.jpg\" \/><\/a><\/dt><\/dl>\n\n<dl class=\"gallery-item\"><dt class=\"gallery-icon\">\n\t\t<a class=\"fancybox\" href=\"http:\/\/damas.laiglesiadelacomunidad.com\/wp-content\/uploads\/2016\/07\/2016-07-10-18.43.36-HDR-2-1024x768.jpg\" rel=\"gallery-0\"><img loading=\"lazy\" decoding=\"async\" width=\"150\" height=\"150\" class=\"attachment-thumbnail\" alt=\"\" src=\"http:\/\/damas.laiglesiadelacomunidad.com\/wp-content\/uploads\/2016\/07\/2016-07-10-18.43.36-HDR-2-150x150.jpg\" \/><\/a><\/dt><\/dl>\n\n<dl class=\"gallery-item\"><dt class=\"gallery-icon\">\n\t\t<a class=\"fancybox\" href=\"http:\/\/damas.laiglesiadelacomunidad.com\/wp-content\/uploads\/2016\/07\/2016-07-10-18.43.36-1-1024x768.jpg\" rel=\"gallery-0\"><img loading=\"lazy\" decoding=\"async\" width=\"150\" height=\"150\" class=\"attachment-thumbnail\" alt=\"\" src=\"http:\/\/damas.laiglesiadelacomunidad.com\/wp-content\/uploads\/2016\/07\/2016-07-10-18.43.36-1-150x150.jpg\" \/><\/a><\/dt><\/dl>\n\n<dl class=\"gallery-item\"><dt class=\"gallery-icon\">\n\t\t<a class=\"fancybox\" href=\"http:\/\/damas.laiglesiadelacomunidad.com\/wp-content\/uploads\/2016\/07\/2016-07-10-18.43.40-1024x768.jpg\" rel=\"gallery-0\"><img loading=\"lazy\" decoding=\"async\" width=\"150\" height=\"150\" class=\"attachment-thumbnail\" alt=\"\" src=\"http:\/\/damas.laiglesiadelacomunidad.com\/wp-content\/uploads\/2016\/07\/2016-07-10-18.43.40-150x150.jpg\" \/><\/a><\/dt><\/dl>\n\n<dl class=\"gallery-item\"><dt class=\"gallery-icon\">\n\t\t<a class=\"fancybox\" href=\"http:\/\/damas.laiglesiadelacomunidad.com\/wp-content\/uploads\/2016\/07\/2016-07-10-18.43.47-1024x768.jpg\" rel=\"gallery-0\"><img loading=\"lazy\" decoding=\"async\" width=\"150\" height=\"150\" class=\"attachment-thumbnail\" alt=\"\" src=\"http:\/\/damas.laiglesiadelacomunidad.com\/wp-content\/uploads\/2016\/07\/2016-07-10-18.43.47-150x150.jpg\" \/><\/a><\/dt><\/dl>\n\n<dl class=\"gallery-item\"><dt class=\"gallery-icon\">\n\t\t<a class=\"fancybox\" href=\"http:\/\/damas.laiglesiadelacomunidad.com\/wp-content\/uploads\/2016\/07\/2016-07-10-18.47.39-1024x768.jpg\" rel=\"gallery-0\"><img loading=\"lazy\" decoding=\"async\" width=\"150\" height=\"150\" class=\"attachment-thumbnail\" alt=\"\" src=\"http:\/\/damas.laiglesiadelacomunidad.com\/wp-content\/uploads\/2016\/07\/2016-07-10-18.47.39-150x150.jpg\" \/><\/a><\/dt><\/dl>\n\n<dl class=\"gallery-item\"><dt class=\"gallery-icon\">\n\t\t<a class=\"fancybox\" href=\"http:\/\/damas.laiglesiadelacomunidad.com\/wp-content\/uploads\/2016\/07\/2016-07-10-18.47.41-1024x768.jpg\" rel=\"gallery-0\"><img loading=\"lazy\" decoding=\"async\" width=\"150\" height=\"150\" class=\"attachment-thumbnail\" alt=\"\" src=\"http:\/\/damas.laiglesiadelacomunidad.com\/wp-content\/uploads\/2016\/07\/2016-07-10-18.47.41-150x150.jpg\" \/><\/a><\/dt><\/dl>\n\n<dl class=\"gallery-item\"><dt class=\"gallery-icon\">\n\t\t<a class=\"fancybox\" href=\"http:\/\/damas.laiglesiadelacomunidad.com\/wp-content\/uploads\/2016\/07\/2016-07-10-18.47.42-1024x768.jpg\" rel=\"gallery-0\"><img loading=\"lazy\" decoding=\"async\" width=\"150\" height=\"150\" class=\"attachment-thumbnail\" alt=\"\" src=\"http:\/\/damas.laiglesiadelacomunidad.com\/wp-content\/uploads\/2016\/07\/2016-07-10-18.47.42-150x150.jpg\" \/><\/a><\/dt><\/dl>\n\n<dl class=\"gallery-item\"><dt class=\"gallery-icon\">\n\t\t<a class=\"fancybox\" href=\"http:\/\/damas.laiglesiadelacomunidad.com\/wp-content\/uploads\/2016\/07\/2016-07-10-18.47.45-1024x768.jpg\" rel=\"gallery-0\"><img loading=\"lazy\" decoding=\"async\" width=\"150\" height=\"150\" class=\"attachment-thumbnail\" alt=\"\" src=\"http:\/\/damas.laiglesiadelacomunidad.com\/wp-content\/uploads\/2016\/07\/2016-07-10-18.47.45-150x150.jpg\" \/><\/a><\/dt><\/dl>\n\n<dl class=\"gallery-item\"><dt class=\"gallery-icon\">\n\t\t<a class=\"fancybox\" href=\"http:\/\/damas.laiglesiadelacomunidad.com\/wp-content\/uploads\/2016\/07\/2016-07-10-18.47.46-1024x768.jpg\" rel=\"gallery-0\"><img loading=\"lazy\" decoding=\"async\" width=\"150\" height=\"150\" class=\"attachment-thumbnail\" alt=\"\" src=\"http:\/\/damas.laiglesiadelacomunidad.com\/wp-content\/uploads\/2016\/07\/2016-07-10-18.47.46-150x150.jpg\" \/><\/a><\/dt><\/dl>\n\n<dl class=\"gallery-item\"><dt class=\"gallery-icon\">\n\t\t<a class=\"fancybox\" href=\"http:\/\/damas.laiglesiadelacomunidad.com\/wp-content\/uploads\/2016\/07\/2016-07-10-18.48.28-1024x768.jpg\" rel=\"gallery-0\"><img loading=\"lazy\" decoding=\"async\" width=\"150\" height=\"150\" class=\"attachment-thumbnail\" alt=\"\" src=\"http:\/\/damas.laiglesiadelacomunidad.com\/wp-content\/uploads\/2016\/07\/2016-07-10-18.48.28-150x150.jpg\" \/><\/a><\/dt><\/dl>\n\n<dl class=\"gallery-item\"><dt class=\"gallery-icon\">\n\t\t<a class=\"fancybox\" href=\"http:\/\/damas.laiglesiadelacomunidad.com\/wp-content\/uploads\/2016\/07\/2016-07-10-18.48.29-1024x768.jpg\" rel=\"gallery-0\"><img loading=\"lazy\" decoding=\"async\" width=\"150\" height=\"150\" class=\"attachment-thumbnail\" alt=\"\" src=\"http:\/\/damas.laiglesiadelacomunidad.com\/wp-content\/uploads\/2016\/07\/2016-07-10-18.48.29-150x150.jpg\" \/><\/a><\/dt><\/dl>\n\n<dl class=\"gallery-item\"><dt class=\"gallery-icon\">\n\t\t<a class=\"fancybox\" href=\"http:\/\/damas.laiglesiadelacomunidad.com\/wp-content\/uploads\/2016\/07\/2016-07-10-18.49.07-HDR-2-e1468211659537-768x1024.jpg\" rel=\"gallery-0\"><img loading=\"lazy\" decoding=\"async\" width=\"150\" height=\"150\" class=\"attachment-thumbnail\" alt=\"\" src=\"http:\/\/damas.laiglesiadelacomunidad.com\/wp-content\/uploads\/2016\/07\/2016-07-10-18.49.07-HDR-2-e1468211659537-150x150.jpg\" \/><\/a><\/dt><\/dl>\n\n<dl class=\"gallery-item\"><dt class=\"gallery-icon\">\n\t\t<a class=\"fancybox\" href=\"http:\/\/damas.laiglesiadelacomunidad.com\/wp-content\/uploads\/2016\/07\/2016-07-10-18.49.07-1-e1468211690641-768x1024.jpg\" rel=\"gallery-0\"><img loading=\"lazy\" decoding=\"async\" width=\"150\" height=\"150\" class=\"attachment-thumbnail\" alt=\"\" src=\"http:\/\/damas.laiglesiadelacomunidad.com\/wp-content\/uploads\/2016\/07\/2016-07-10-18.49.07-1-e1468211690641-150x150.jpg\" \/><\/a><\/dt><\/dl>\n\n<dl class=\"gallery-item\"><dt class=\"gallery-icon\">\n\t\t<a class=\"fancybox\" href=\"http:\/\/damas.laiglesiadelacomunidad.com\/wp-content\/uploads\/2016\/07\/2016-07-10-18.49.27-e1468211717550-768x1024.jpg\" rel=\"gallery-0\"><img loading=\"lazy\" decoding=\"async\" width=\"150\" height=\"150\" class=\"attachment-thumbnail\" alt=\"\" src=\"http:\/\/damas.laiglesiadelacomunidad.com\/wp-content\/uploads\/2016\/07\/2016-07-10-18.49.27-e1468211717550-150x150.jpg\" \/><\/a><\/dt><\/dl>\n\n<dl class=\"gallery-item\"><dt class=\"gallery-icon\">\n\t\t<a class=\"fancybox\" href=\"http:\/\/damas.laiglesiadelacomunidad.com\/wp-content\/uploads\/2016\/07\/2016-07-10-18.49.44-e1468211777358-768x1024.jpg\" rel=\"gallery-0\"><img loading=\"lazy\" decoding=\"async\" width=\"150\" height=\"150\" class=\"attachment-thumbnail\" alt=\"\" src=\"http:\/\/damas.laiglesiadelacomunidad.com\/wp-content\/uploads\/2016\/07\/2016-07-10-18.49.44-e1468211777358-150x150.jpg\" \/><\/a><\/dt><\/dl>\n\n<dl class=\"gallery-item\"><dt class=\"gallery-icon\">\n\t\t<a class=\"fancybox\" href=\"http:\/\/damas.laiglesiadelacomunidad.com\/wp-content\/uploads\/2016\/07\/2016-07-10-18.49.45-e1468211805894-768x1024.jpg\" rel=\"gallery-0\"><img loading=\"lazy\" decoding=\"async\" width=\"150\" height=\"150\" class=\"attachment-thumbnail\" alt=\"\" src=\"http:\/\/damas.laiglesiadelacomunidad.com\/wp-content\/uploads\/2016\/07\/2016-07-10-18.49.45-e1468211805894-150x150.jpg\" \/><\/a><\/dt><\/dl>\n\n<dl class=\"gallery-item\"><dt class=\"gallery-icon\">\n\t\t<a class=\"fancybox\" href=\"http:\/\/damas.laiglesiadelacomunidad.com\/wp-content\/uploads\/2016\/07\/2016-07-10-18.50.11-1024x768.jpg\" rel=\"gallery-0\"><img loading=\"lazy\" decoding=\"async\" width=\"150\" height=\"150\" class=\"attachment-thumbnail\" alt=\"\" src=\"http:\/\/damas.laiglesiadelacomunidad.com\/wp-content\/uploads\/2016\/07\/2016-07-10-18.50.11-150x150.jpg\" \/><\/a><\/dt><\/dl>\n\n<dl class=\"gallery-item\"><dt class=\"gallery-icon\">\n\t\t<a class=\"fancybox\" href=\"http:\/\/damas.laiglesiadelacomunidad.com\/wp-content\/uploads\/2016\/07\/2016-07-10-18.50.22-1024x768.jpg\" rel=\"gallery-0\"><img loading=\"lazy\" decoding=\"async\" width=\"150\" height=\"150\" class=\"attachment-thumbnail\" alt=\"\" src=\"http:\/\/damas.laiglesiadelacomunidad.com\/wp-content\/uploads\/2016\/07\/2016-07-10-18.50.22-150x150.jpg\" \/><\/a><\/dt><\/dl>\n\n<dl class=\"gallery-item\"><dt class=\"gallery-icon\">\n\t\t<a class=\"fancybox\" href=\"http:\/\/damas.laiglesiadelacomunidad.com\/wp-content\/uploads\/2016\/07\/2016-07-10-18.50.25-1024x768.jpg\" rel=\"gallery-0\"><img loading=\"lazy\" decoding=\"async\" width=\"150\" height=\"150\" class=\"attachment-thumbnail\" alt=\"\" src=\"http:\/\/damas.laiglesiadelacomunidad.com\/wp-content\/uploads\/2016\/07\/2016-07-10-18.50.25-150x150.jpg\" \/><\/a><\/dt><\/dl>\n\n<dl class=\"gallery-item\"><dt class=\"gallery-icon\">\n\t\t<a class=\"fancybox\" href=\"http:\/\/damas.laiglesiadelacomunidad.com\/wp-content\/uploads\/2016\/07\/2016-07-10-18.50.53-1024x768.jpg\" rel=\"gallery-0\"><img loading=\"lazy\" decoding=\"async\" width=\"150\" height=\"150\" class=\"attachment-thumbnail\" alt=\"\" src=\"http:\/\/damas.laiglesiadelacomunidad.com\/wp-content\/uploads\/2016\/07\/2016-07-10-18.50.53-150x150.jpg\" \/><\/a><\/dt><\/dl>\n\n<dl class=\"gallery-item\"><dt class=\"gallery-icon\">\n\t\t<a class=\"fancybox\" href=\"http:\/\/damas.laiglesiadelacomunidad.com\/wp-content\/uploads\/2016\/07\/2016-07-10-18.50.54-1024x768.jpg\" rel=\"gallery-0\"><img loading=\"lazy\" decoding=\"async\" width=\"150\" height=\"150\" class=\"attachment-thumbnail\" alt=\"\" src=\"http:\/\/damas.laiglesiadelacomunidad.com\/wp-content\/uploads\/2016\/07\/2016-07-10-18.50.54-150x150.jpg\" \/><\/a><\/dt><\/dl>\n\n<dl class=\"gallery-item\"><dt class=\"gallery-icon\">\n\t\t<a class=\"fancybox\" href=\"http:\/\/damas.laiglesiadelacomunidad.com\/wp-content\/uploads\/2016\/07\/2016-07-10-18.51.16-e1468211845799-768x1024.jpg\" rel=\"gallery-0\"><img loading=\"lazy\" decoding=\"async\" width=\"150\" height=\"150\" class=\"attachment-thumbnail\" alt=\"\" src=\"http:\/\/damas.laiglesiadelacomunidad.com\/wp-content\/uploads\/2016\/07\/2016-07-10-18.51.16-e1468211845799-150x150.jpg\" \/><\/a><\/dt><\/dl>\n\n<dl class=\"gallery-item\"><dt class=\"gallery-icon\">\n\t\t<a class=\"fancybox\" href=\"http:\/\/damas.laiglesiadelacomunidad.com\/wp-content\/uploads\/2016\/07\/2016-07-10-18.51.17-e1468211868638-768x1024.jpg\" rel=\"gallery-0\"><img loading=\"lazy\" decoding=\"async\" width=\"150\" height=\"150\" class=\"attachment-thumbnail\" alt=\"\" src=\"http:\/\/damas.laiglesiadelacomunidad.com\/wp-content\/uploads\/2016\/07\/2016-07-10-18.51.17-e1468211868638-150x150.jpg\" \/><\/a><\/dt><\/dl>\n\n<dl class=\"gallery-item\"><dt class=\"gallery-icon\">\n\t\t<a class=\"fancybox\" href=\"http:\/\/damas.laiglesiadelacomunidad.com\/wp-content\/uploads\/2016\/07\/2016-07-10-18.51.28-1024x768.jpg\" rel=\"gallery-0\"><img loading=\"lazy\" decoding=\"async\" width=\"150\" height=\"150\" class=\"attachment-thumbnail\" alt=\"\" src=\"http:\/\/damas.laiglesiadelacomunidad.com\/wp-content\/uploads\/2016\/07\/2016-07-10-18.51.28-150x150.jpg\" \/><\/a><\/dt><\/dl>\n\n<dl class=\"gallery-item\"><dt class=\"gallery-icon\">\n\t\t<a class=\"fancybox\" href=\"http:\/\/damas.laiglesiadelacomunidad.com\/wp-content\/uploads\/2016\/07\/2016-07-10-18.51.29-1024x768.jpg\" rel=\"gallery-0\"><img loading=\"lazy\" decoding=\"async\" width=\"150\" height=\"150\" class=\"attachment-thumbnail\" alt=\"\" src=\"http:\/\/damas.laiglesiadelacomunidad.com\/wp-content\/uploads\/2016\/07\/2016-07-10-18.51.29-150x150.jpg\" \/><\/a><\/dt><\/dl>\n\n<dl class=\"gallery-item\"><dt class=\"gallery-icon\">\n\t\t<a class=\"fancybox\" href=\"http:\/\/damas.laiglesiadelacomunidad.com\/wp-content\/uploads\/2016\/07\/2016-07-10-18.51.40-1024x768.jpg\" rel=\"gallery-0\"><img loading=\"lazy\" decoding=\"async\" width=\"150\" height=\"150\" class=\"attachment-thumbnail\" alt=\"\" src=\"http:\/\/damas.laiglesiadelacomunidad.com\/wp-content\/uploads\/2016\/07\/2016-07-10-18.51.40-150x150.jpg\" \/><\/a><\/dt><\/dl>\n\n<dl class=\"gallery-item\"><dt class=\"gallery-icon\">\n\t\t<a class=\"fancybox\" href=\"http:\/\/damas.laiglesiadelacomunidad.com\/wp-content\/uploads\/2016\/07\/2016-07-10-18.51.46-1024x768.jpg\" rel=\"gallery-0\"><img loading=\"lazy\" decoding=\"async\" width=\"150\" height=\"150\" class=\"attachment-thumbnail\" alt=\"\" src=\"http:\/\/damas.laiglesiadelacomunidad.com\/wp-content\/uploads\/2016\/07\/2016-07-10-18.51.46-150x150.jpg\" \/><\/a><\/dt><\/dl>\n\n<dl class=\"gallery-item\"><dt class=\"gallery-icon\">\n\t\t<a class=\"fancybox\" href=\"http:\/\/damas.laiglesiadelacomunidad.com\/wp-content\/uploads\/2016\/07\/2016-07-10-18.56.54-1024x768.jpg\" rel=\"gallery-0\"><img loading=\"lazy\" decoding=\"async\" width=\"150\" height=\"150\" class=\"attachment-thumbnail\" alt=\"\" src=\"http:\/\/damas.laiglesiadelacomunidad.com\/wp-content\/uploads\/2016\/07\/2016-07-10-18.56.54-150x150.jpg\" \/><\/a><\/dt><\/dl>\n\n<dl class=\"gallery-item\"><dt class=\"gallery-icon\">\n\t\t<a class=\"fancybox\" href=\"http:\/\/damas.laiglesiadelacomunidad.com\/wp-content\/uploads\/2016\/07\/2016-07-10-18.57.03-1024x768.jpg\" rel=\"gallery-0\"><img loading=\"lazy\" decoding=\"async\" width=\"150\" height=\"150\" class=\"attachment-thumbnail\" alt=\"\" src=\"http:\/\/damas.laiglesiadelacomunidad.com\/wp-content\/uploads\/2016\/07\/2016-07-10-18.57.03-150x150.jpg\" \/><\/a><\/dt><\/dl>\n\n<dl class=\"gallery-item\"><dt class=\"gallery-icon\">\n\t\t<a class=\"fancybox\" href=\"http:\/\/damas.laiglesiadelacomunidad.com\/wp-content\/uploads\/2016\/07\/2016-07-10-18.57.19-1024x768.jpg\" rel=\"gallery-0\"><img loading=\"lazy\" decoding=\"async\" width=\"150\" height=\"150\" class=\"attachment-thumbnail\" alt=\"\" src=\"http:\/\/damas.laiglesiadelacomunidad.com\/wp-content\/uploads\/2016\/07\/2016-07-10-18.57.19-150x150.jpg\" \/><\/a><\/dt><\/dl>\n\n<dl class=\"gallery-item\"><dt class=\"gallery-icon\">\n\t\t<a class=\"fancybox\" href=\"http:\/\/damas.laiglesiadelacomunidad.com\/wp-content\/uploads\/2016\/07\/2016-07-10-18.57.26-1024x768.jpg\" rel=\"gallery-0\"><img loading=\"lazy\" decoding=\"async\" width=\"150\" height=\"150\" class=\"attachment-thumbnail\" alt=\"\" src=\"http:\/\/damas.laiglesiadelacomunidad.com\/wp-content\/uploads\/2016\/07\/2016-07-10-18.57.26-150x150.jpg\" \/><\/a><\/dt><\/dl>\n\n<dl class=\"gallery-item\"><dt class=\"gallery-icon\">\n\t\t<a class=\"fancybox\" href=\"http:\/\/damas.laiglesiadelacomunidad.com\/wp-content\/uploads\/2016\/07\/2016-07-10-18.57.51-1024x768.jpg\" rel=\"gallery-0\"><img loading=\"lazy\" decoding=\"async\" width=\"150\" height=\"150\" class=\"attachment-thumbnail\" alt=\"\" src=\"http:\/\/damas.laiglesiadelacomunidad.com\/wp-content\/uploads\/2016\/07\/2016-07-10-18.57.51-150x150.jpg\" \/><\/a><\/dt><\/dl>\n\n<dl class=\"gallery-item\"><dt class=\"gallery-icon\">\n\t\t<a class=\"fancybox\" href=\"http:\/\/damas.laiglesiadelacomunidad.com\/wp-content\/uploads\/2016\/07\/2016-07-10-18.58.18-1024x768.jpg\" rel=\"gallery-0\"><img loading=\"lazy\" decoding=\"async\" width=\"150\" height=\"150\" class=\"attachment-thumbnail\" alt=\"\" src=\"http:\/\/damas.laiglesiadelacomunidad.com\/wp-content\/uploads\/2016\/07\/2016-07-10-18.58.18-150x150.jpg\" \/><\/a><\/dt><\/dl>\n\n<dl class=\"gallery-item\"><dt class=\"gallery-icon\">\n\t\t<a class=\"fancybox\" href=\"http:\/\/damas.laiglesiadelacomunidad.com\/wp-content\/uploads\/2016\/07\/2016-07-10-18.58.29-1024x768.jpg\" rel=\"gallery-0\"><img loading=\"lazy\" decoding=\"async\" width=\"150\" height=\"150\" class=\"attachment-thumbnail\" alt=\"\" src=\"http:\/\/damas.laiglesiadelacomunidad.com\/wp-content\/uploads\/2016\/07\/2016-07-10-18.58.29-150x150.jpg\" \/><\/a><\/dt><\/dl>\n\n<dl class=\"gallery-item\"><dt class=\"gallery-icon\">\n\t\t<a class=\"fancybox\" href=\"http:\/\/damas.laiglesiadelacomunidad.com\/wp-content\/uploads\/2016\/07\/2016-07-10-18.58.32-1024x768.jpg\" rel=\"gallery-0\"><img loading=\"lazy\" decoding=\"async\" width=\"150\" height=\"150\" class=\"attachment-thumbnail\" alt=\"\" src=\"http:\/\/damas.laiglesiadelacomunidad.com\/wp-content\/uploads\/2016\/07\/2016-07-10-18.58.32-150x150.jpg\" \/><\/a><\/dt><\/dl>\n\n<dl class=\"gallery-item\"><dt class=\"gallery-icon\">\n\t\t<a class=\"fancybox\" href=\"http:\/\/damas.laiglesiadelacomunidad.com\/wp-content\/uploads\/2016\/07\/2016-07-10-18.58.38-1024x768.jpg\" rel=\"gallery-0\"><img loading=\"lazy\" decoding=\"async\" width=\"150\" height=\"150\" class=\"attachment-thumbnail\" alt=\"\" src=\"http:\/\/damas.laiglesiadelacomunidad.com\/wp-content\/uploads\/2016\/07\/2016-07-10-18.58.38-150x150.jpg\" \/><\/a><\/dt><\/dl>\n\n<dl class=\"gallery-item\"><dt class=\"gallery-icon\">\n\t\t<a class=\"fancybox\" href=\"http:\/\/damas.laiglesiadelacomunidad.com\/wp-content\/uploads\/2016\/07\/2016-07-10-18.58.45-1024x768.jpg\" rel=\"gallery-0\"><img loading=\"lazy\" decoding=\"async\" width=\"150\" height=\"150\" class=\"attachment-thumbnail\" alt=\"\" src=\"http:\/\/damas.laiglesiadelacomunidad.com\/wp-content\/uploads\/2016\/07\/2016-07-10-18.58.45-150x150.jpg\" \/><\/a><\/dt><\/dl>\n\n<dl class=\"gallery-item\"><dt class=\"gallery-icon\">\n\t\t<a class=\"fancybox\" href=\"http:\/\/damas.laiglesiadelacomunidad.com\/wp-content\/uploads\/2016\/07\/2016-07-10-18.58.50-1024x768.jpg\" rel=\"gallery-0\"><img loading=\"lazy\" decoding=\"async\" width=\"150\" height=\"150\" class=\"attachment-thumbnail\" alt=\"\" src=\"http:\/\/damas.laiglesiadelacomunidad.com\/wp-content\/uploads\/2016\/07\/2016-07-10-18.58.50-150x150.jpg\" \/><\/a><\/dt><\/dl>\n\n<dl class=\"gallery-item\"><dt class=\"gallery-icon\">\n\t\t<a class=\"fancybox\" href=\"http:\/\/damas.laiglesiadelacomunidad.com\/wp-content\/uploads\/2016\/07\/2016-07-10-19.36.41-e1468211897843-768x1024.jpg\" rel=\"gallery-0\"><img loading=\"lazy\" decoding=\"async\" width=\"150\" height=\"150\" class=\"attachment-thumbnail\" alt=\"\" src=\"http:\/\/damas.laiglesiadelacomunidad.com\/wp-content\/uploads\/2016\/07\/2016-07-10-19.36.41-e1468211897843-150x150.jpg\" \/><\/a><\/dt><\/dl>\n\n<dl class=\"gallery-item\"><dt class=\"gallery-icon\">\n\t\t<a class=\"fancybox\" href=\"http:\/\/damas.laiglesiadelacomunidad.com\/wp-content\/uploads\/2016\/07\/2016-07-10-19.37.04-e1468212472221-768x1024.jpg\" rel=\"gallery-0\"><img loading=\"lazy\" decoding=\"async\" width=\"150\" height=\"150\" class=\"attachment-thumbnail\" alt=\"\" src=\"http:\/\/damas.laiglesiadelacomunidad.com\/wp-content\/uploads\/2016\/07\/2016-07-10-19.37.04-e1468212472221-150x150.jpg\" \/><\/a><\/dt><\/dl>\n\n<dl class=\"gallery-item\"><dt class=\"gallery-icon\">\n\t\t<a class=\"fancybox\" href=\"http:\/\/damas.laiglesiadelacomunidad.com\/wp-content\/uploads\/2016\/07\/2016-07-10-19.37.10-e1468212455695-768x1024.jpg\" rel=\"gallery-0\"><img loading=\"lazy\" decoding=\"async\" width=\"150\" height=\"150\" class=\"attachment-thumbnail\" alt=\"\" src=\"http:\/\/damas.laiglesiadelacomunidad.com\/wp-content\/uploads\/2016\/07\/2016-07-10-19.37.10-e1468212455695-150x150.jpg\" \/><\/a><\/dt><\/dl>\n\n<dl class=\"gallery-item\"><dt class=\"gallery-icon\">\n\t\t<a class=\"fancybox\" href=\"http:\/\/damas.laiglesiadelacomunidad.com\/wp-content\/uploads\/2016\/07\/2016-07-10-19.38.02-e1468212437743-768x1024.jpg\" rel=\"gallery-0\"><img loading=\"lazy\" decoding=\"async\" width=\"150\" height=\"150\" class=\"attachment-thumbnail\" alt=\"\" src=\"http:\/\/damas.laiglesiadelacomunidad.com\/wp-content\/uploads\/2016\/07\/2016-07-10-19.38.02-e1468212437743-150x150.jpg\" \/><\/a><\/dt><\/dl>\n\n<dl class=\"gallery-item\"><dt class=\"gallery-icon\">\n\t\t<a class=\"fancybox\" href=\"http:\/\/damas.laiglesiadelacomunidad.com\/wp-content\/uploads\/2016\/07\/2016-07-10-19.38.20-e1468212415246-768x1024.jpg\" rel=\"gallery-0\"><img loading=\"lazy\" decoding=\"async\" width=\"150\" height=\"150\" class=\"attachment-thumbnail\" alt=\"\" src=\"http:\/\/damas.laiglesiadelacomunidad.com\/wp-content\/uploads\/2016\/07\/2016-07-10-19.38.20-e1468212415246-150x150.jpg\" \/><\/a><\/dt><\/dl>\n\n<dl class=\"gallery-item\"><dt class=\"gallery-icon\">\n\t\t<a class=\"fancybox\" href=\"http:\/\/damas.laiglesiadelacomunidad.com\/wp-content\/uploads\/2016\/07\/2016-07-10-19.43.58-e1468212397815-768x1024.jpg\" rel=\"gallery-0\"><img loading=\"lazy\" decoding=\"async\" width=\"150\" height=\"150\" class=\"attachment-thumbnail\" alt=\"\" src=\"http:\/\/damas.laiglesiadelacomunidad.com\/wp-content\/uploads\/2016\/07\/2016-07-10-19.43.58-e1468212397815-150x150.jpg\" \/><\/a><\/dt><\/dl>\n\n<dl class=\"gallery-item\"><dt class=\"gallery-icon\">\n\t\t<a class=\"fancybox\" href=\"http:\/\/damas.laiglesiadelacomunidad.com\/wp-content\/uploads\/2016\/07\/2016-07-10-19.52.22-e1468212338534-768x1024.jpg\" rel=\"gallery-0\"><img loading=\"lazy\" decoding=\"async\" width=\"150\" height=\"150\" class=\"attachment-thumbnail\" alt=\"\" src=\"http:\/\/damas.laiglesiadelacomunidad.com\/wp-content\/uploads\/2016\/07\/2016-07-10-19.52.22-e1468212338534-150x150.jpg\" \/><\/a><\/dt><\/dl>\n\n<dl class=\"gallery-item\"><dt class=\"gallery-icon\">\n\t\t<a class=\"fancybox\" href=\"http:\/\/damas.laiglesiadelacomunidad.com\/wp-content\/uploads\/2016\/07\/2016-07-10-19.52.24-e1468212316987-768x1024.jpg\" rel=\"gallery-0\"><img loading=\"lazy\" decoding=\"async\" width=\"150\" height=\"150\" class=\"attachment-thumbnail\" alt=\"\" src=\"http:\/\/damas.laiglesiadelacomunidad.com\/wp-content\/uploads\/2016\/07\/2016-07-10-19.52.24-e1468212316987-150x150.jpg\" \/><\/a><\/dt><\/dl>\n\n<dl class=\"gallery-item\"><dt class=\"gallery-icon\">\n\t\t<a class=\"fancybox\" href=\"http:\/\/damas.laiglesiadelacomunidad.com\/wp-content\/uploads\/2016\/07\/2016-07-10-19.52.28-e1468212297777-768x1024.jpg\" rel=\"gallery-0\"><img loading=\"lazy\" decoding=\"async\" width=\"150\" height=\"150\" class=\"attachment-thumbnail\" alt=\"\" src=\"http:\/\/damas.laiglesiadelacomunidad.com\/wp-content\/uploads\/2016\/07\/2016-07-10-19.52.28-e1468212297777-150x150.jpg\" \/><\/a><\/dt><\/dl>\n\n<dl class=\"gallery-item\"><dt class=\"gallery-icon\">\n\t\t<a class=\"fancybox\" href=\"http:\/\/damas.laiglesiadelacomunidad.com\/wp-content\/uploads\/2016\/07\/2016-07-10-19.52.53-e1468212243263-768x1024.jpg\" rel=\"gallery-0\"><img loading=\"lazy\" decoding=\"async\" width=\"150\" height=\"150\" class=\"attachment-thumbnail\" alt=\"\" src=\"http:\/\/damas.laiglesiadelacomunidad.com\/wp-content\/uploads\/2016\/07\/2016-07-10-19.52.53-e1468212243263-150x150.jpg\" \/><\/a><\/dt><\/dl>\n\n<dl class=\"gallery-item\"><dt class=\"gallery-icon\">\n\t\t<a class=\"fancybox\" href=\"http:\/\/damas.laiglesiadelacomunidad.com\/wp-content\/uploads\/2016\/07\/2016-07-10-19.53.05-e1468212222492-768x1024.jpg\" rel=\"gallery-0\"><img loading=\"lazy\" decoding=\"async\" width=\"150\" height=\"150\" class=\"attachment-thumbnail\" alt=\"\" src=\"http:\/\/damas.laiglesiadelacomunidad.com\/wp-content\/uploads\/2016\/07\/2016-07-10-19.53.05-e1468212222492-150x150.jpg\" \/><\/a><\/dt><\/dl>\n\n<dl class=\"gallery-item\"><dt class=\"gallery-icon\">\n\t\t<a class=\"fancybox\" href=\"http:\/\/damas.laiglesiadelacomunidad.com\/wp-content\/uploads\/2016\/07\/2016-07-10-19.53.12-e1468212205426-768x1024.jpg\" rel=\"gallery-0\"><img loading=\"lazy\" decoding=\"async\" width=\"150\" height=\"150\" class=\"attachment-thumbnail\" alt=\"\" src=\"http:\/\/damas.laiglesiadelacomunidad.com\/wp-content\/uploads\/2016\/07\/2016-07-10-19.53.12-e1468212205426-150x150.jpg\" \/><\/a><\/dt><\/dl>\n\n<dl class=\"gallery-item\"><dt class=\"gallery-icon\">\n\t\t<a class=\"fancybox\" href=\"http:\/\/damas.laiglesiadelacomunidad.com\/wp-content\/uploads\/2016\/07\/2016-07-10-19.53.38-e1468212178328-768x1024.jpg\" rel=\"gallery-0\"><img loading=\"lazy\" decoding=\"async\" width=\"150\" height=\"150\" class=\"attachment-thumbnail\" alt=\"\" src=\"http:\/\/damas.laiglesiadelacomunidad.com\/wp-content\/uploads\/2016\/07\/2016-07-10-19.53.38-e1468212178328-150x150.jpg\" \/><\/a><\/dt><\/dl>\n\n<dl class=\"gallery-item\"><dt class=\"gallery-icon\">\n\t\t<a class=\"fancybox\" href=\"http:\/\/damas.laiglesiadelacomunidad.com\/wp-content\/uploads\/2016\/07\/2016-07-10-19.54.59-e1468212156922-768x1024.jpg\" rel=\"gallery-0\"><img loading=\"lazy\" decoding=\"async\" width=\"150\" height=\"150\" class=\"attachment-thumbnail\" alt=\"\" src=\"http:\/\/damas.laiglesiadelacomunidad.com\/wp-content\/uploads\/2016\/07\/2016-07-10-19.54.59-e1468212156922-150x150.jpg\" \/><\/a><\/dt><\/dl>\n\n<dl class=\"gallery-item\"><dt class=\"gallery-icon\">\n\t\t<a class=\"fancybox\" href=\"http:\/\/damas.laiglesiadelacomunidad.com\/wp-content\/uploads\/2016\/07\/2016-07-10-19.55.06-e1468212131749-768x1024.jpg\" rel=\"gallery-0\"><img loading=\"lazy\" decoding=\"async\" width=\"150\" height=\"150\" class=\"attachment-thumbnail\" alt=\"\" src=\"http:\/\/damas.laiglesiadelacomunidad.com\/wp-content\/uploads\/2016\/07\/2016-07-10-19.55.06-e1468212131749-150x150.jpg\" \/><\/a><\/dt><\/dl>\n\n<dl class=\"gallery-item\"><dt class=\"gallery-icon\">\n\t\t<a class=\"fancybox\" href=\"http:\/\/damas.laiglesiadelacomunidad.com\/wp-content\/uploads\/2016\/07\/2016-07-10-19.55.07-e1468212111278-768x1024.jpg\" rel=\"gallery-0\"><img loading=\"lazy\" decoding=\"async\" width=\"150\" height=\"150\" class=\"attachment-thumbnail\" alt=\"\" src=\"http:\/\/damas.laiglesiadelacomunidad.com\/wp-content\/uploads\/2016\/07\/2016-07-10-19.55.07-e1468212111278-150x150.jpg\" \/><\/a><\/dt><\/dl>\n\n<dl class=\"gallery-item\"><dt class=\"gallery-icon\">\n\t\t<a class=\"fancybox\" href=\"http:\/\/damas.laiglesiadelacomunidad.com\/wp-content\/uploads\/2016\/07\/2016-07-10-19.55.12-e1468212087951-768x1024.jpg\" rel=\"gallery-0\"><img loading=\"lazy\" decoding=\"async\" width=\"150\" height=\"150\" class=\"attachment-thumbnail\" alt=\"\" src=\"http:\/\/damas.laiglesiadelacomunidad.com\/wp-content\/uploads\/2016\/07\/2016-07-10-19.55.12-e1468212087951-150x150.jpg\" \/><\/a><\/dt><\/dl>\n\n<dl class=\"gallery-item\"><dt class=\"gallery-icon\">\n\t\t<a class=\"fancybox\" href=\"http:\/\/damas.laiglesiadelacomunidad.com\/wp-content\/uploads\/2016\/07\/2016-07-10-19.55.15-1-e1468212069584-768x1024.jpg\" rel=\"gallery-0\"><img loading=\"lazy\" decoding=\"async\" width=\"150\" height=\"150\" class=\"attachment-thumbnail\" alt=\"\" src=\"http:\/\/damas.laiglesiadelacomunidad.com\/wp-content\/uploads\/2016\/07\/2016-07-10-19.55.15-1-e1468212069584-150x150.jpg\" \/><\/a><\/dt><\/dl>\n\n<dl class=\"gallery-item\"><dt class=\"gallery-icon\">\n\t\t<a class=\"fancybox\" href=\"http:\/\/damas.laiglesiadelacomunidad.com\/wp-content\/uploads\/2016\/07\/2016-07-10-19.55.15-2-e1468212048271-768x1024.jpg\" rel=\"gallery-0\"><img loading=\"lazy\" decoding=\"async\" width=\"150\" height=\"150\" class=\"attachment-thumbnail\" alt=\"\" src=\"http:\/\/damas.laiglesiadelacomunidad.com\/wp-content\/uploads\/2016\/07\/2016-07-10-19.55.15-2-e1468212048271-150x150.jpg\" \/><\/a><\/dt><\/dl>\n\n<dl class=\"gallery-item\"><dt class=\"gallery-icon\">\n\t\t<a class=\"fancybox\" href=\"http:\/\/damas.laiglesiadelacomunidad.com\/wp-content\/uploads\/2016\/07\/2016-07-10-19.55.25-1-1024x768.jpg\" rel=\"gallery-0\"><img loading=\"lazy\" decoding=\"async\" width=\"150\" height=\"150\" class=\"attachment-thumbnail\" alt=\"\" src=\"http:\/\/damas.laiglesiadelacomunidad.com\/wp-content\/uploads\/2016\/07\/2016-07-10-19.55.25-1-150x150.jpg\" \/><\/a><\/dt><\/dl>\n\n<dl class=\"gallery-item\"><dt class=\"gallery-icon\">\n\t\t<a class=\"fancybox\" href=\"http:\/\/damas.laiglesiadelacomunidad.com\/wp-content\/uploads\/2016\/07\/2016-07-10-19.55.25-2-1024x768.jpg\" rel=\"gallery-0\"><img loading=\"lazy\" decoding=\"async\" width=\"150\" height=\"150\" class=\"attachment-thumbnail\" alt=\"\" src=\"http:\/\/damas.laiglesiadelacomunidad.com\/wp-content\/uploads\/2016\/07\/2016-07-10-19.55.25-2-150x150.jpg\" \/><\/a><\/dt><\/dl>\n\n<dl class=\"gallery-item\"><dt class=\"gallery-icon\">\n\t\t<a class=\"fancybox\" href=\"http:\/\/damas.laiglesiadelacomunidad.com\/wp-content\/uploads\/2016\/07\/2016-07-10-19.55.28-1024x768.jpg\" rel=\"gallery-0\"><img loading=\"lazy\" decoding=\"async\" width=\"150\" height=\"150\" class=\"attachment-thumbnail\" alt=\"\" src=\"http:\/\/damas.laiglesiadelacomunidad.com\/wp-content\/uploads\/2016\/07\/2016-07-10-19.55.28-150x150.jpg\" \/><\/a><\/dt><\/dl>\n\n<dl class=\"gallery-item\"><dt class=\"gallery-icon\">\n\t\t<a class=\"fancybox\" href=\"http:\/\/damas.laiglesiadelacomunidad.com\/wp-content\/uploads\/2016\/07\/2016-07-10-19.55.51-e1468211995398-768x1024.jpg\" rel=\"gallery-0\"><img loading=\"lazy\" decoding=\"async\" width=\"150\" height=\"150\" class=\"attachment-thumbnail\" alt=\"\" src=\"http:\/\/damas.laiglesiadelacomunidad.com\/wp-content\/uploads\/2016\/07\/2016-07-10-19.55.51-e1468211995398-150x150.jpg\" \/><\/a><\/dt><\/dl>\n\n<dl class=\"gallery-item\"><dt class=\"gallery-icon\">\n\t\t<a class=\"fancybox\" href=\"http:\/\/damas.laiglesiadelacomunidad.com\/wp-content\/uploads\/2016\/07\/2016-07-10-19.57.47-e1468211979814-768x1024.jpg\" rel=\"gallery-0\"><img loading=\"lazy\" decoding=\"async\" width=\"150\" height=\"150\" class=\"attachment-thumbnail\" alt=\"\" src=\"http:\/\/damas.laiglesiadelacomunidad.com\/wp-content\/uploads\/2016\/07\/2016-07-10-19.57.47-e1468211979814-150x150.jpg\" \/><\/a><\/dt><\/dl>\n\n<dl class=\"gallery-item\"><dt class=\"gallery-icon\">\n\t\t<a class=\"fancybox\" href=\"http:\/\/damas.laiglesiadelacomunidad.com\/wp-content\/uploads\/2016\/07\/2016-07-10-20.08.02-1024x768.jpg\" rel=\"gallery-0\"><img loading=\"lazy\" decoding=\"async\" width=\"150\" height=\"150\" class=\"attachment-thumbnail\" alt=\"\" src=\"http:\/\/damas.laiglesiadelacomunidad.com\/wp-content\/uploads\/2016\/07\/2016-07-10-20.08.02-150x150.jpg\" \/><\/a><\/dt><\/dl>\n\n<dl class=\"gallery-item\"><dt class=\"gallery-icon\">\n\t\t<a class=\"fancybox\" href=\"http:\/\/damas.laiglesiadelacomunidad.com\/wp-content\/uploads\/2016\/07\/2016-07-10-20.08.24-1024x768.jpg\" rel=\"gallery-0\"><img loading=\"lazy\" decoding=\"async\" width=\"150\" height=\"150\" class=\"attachment-thumbnail\" alt=\"\" src=\"http:\/\/damas.laiglesiadelacomunidad.com\/wp-content\/uploads\/2016\/07\/2016-07-10-20.08.24-150x150.jpg\" \/><\/a><\/dt><\/dl>\n\n<dl class=\"gallery-item\"><dt class=\"gallery-icon\">\n\t\t<a class=\"fancybox\" href=\"http:\/\/damas.laiglesiadelacomunidad.com\/wp-content\/uploads\/2016\/07\/2016-07-10-20.08.35-1024x768.jpg\" rel=\"gallery-0\"><img loading=\"lazy\" decoding=\"async\" width=\"150\" height=\"150\" class=\"attachment-thumbnail\" alt=\"\" src=\"http:\/\/damas.laiglesiadelacomunidad.com\/wp-content\/uploads\/2016\/07\/2016-07-10-20.08.35-150x150.jpg\" \/><\/a><\/dt><\/dl>\n\n<dl class=\"gallery-item\"><dt class=\"gallery-icon\">\n\t\t<a class=\"fancybox\" href=\"http:\/\/damas.laiglesiadelacomunidad.com\/wp-content\/uploads\/2016\/07\/2016-07-10-20.08.41-1024x768.jpg\" rel=\"gallery-0\"><img loading=\"lazy\" decoding=\"async\" width=\"150\" height=\"150\" class=\"attachment-thumbnail\" alt=\"\" src=\"http:\/\/damas.laiglesiadelacomunidad.com\/wp-content\/uploads\/2016\/07\/2016-07-10-20.08.41-150x150.jpg\" \/><\/a><\/dt><\/dl>\n\n<dl class=\"gallery-item\"><dt class=\"gallery-icon\">\n\t\t<a class=\"fancybox\" href=\"http:\/\/damas.laiglesiadelacomunidad.com\/wp-content\/uploads\/2016\/07\/2016-07-10-20.08.57-1024x768.jpg\" rel=\"gallery-0\"><img loading=\"lazy\" decoding=\"async\" width=\"150\" height=\"150\" class=\"attachment-thumbnail\" alt=\"\" src=\"http:\/\/damas.laiglesiadelacomunidad.com\/wp-content\/uploads\/2016\/07\/2016-07-10-20.08.57-150x150.jpg\" \/><\/a><\/dt><\/dl>\n\n<dl class=\"gallery-item\"><dt class=\"gallery-icon\">\n\t\t<a class=\"fancybox\" href=\"http:\/\/damas.laiglesiadelacomunidad.com\/wp-content\/uploads\/2016\/07\/2016-07-10-20.09.01-1024x768.jpg\" rel=\"gallery-0\"><img loading=\"lazy\" decoding=\"async\" width=\"150\" height=\"150\" class=\"attachment-thumbnail\" alt=\"\" src=\"http:\/\/damas.laiglesiadelacomunidad.com\/wp-content\/uploads\/2016\/07\/2016-07-10-20.09.01-150x150.jpg\" \/><\/a><\/dt><\/dl>\n\n<dl class=\"gallery-item\"><dt class=\"gallery-icon\">\n\t\t<a class=\"fancybox\" href=\"http:\/\/damas.laiglesiadelacomunidad.com\/wp-content\/uploads\/2016\/07\/2016-07-10-20.09.06-1024x768.jpg\" rel=\"gallery-0\"><img loading=\"lazy\" decoding=\"async\" width=\"150\" height=\"150\" class=\"attachment-thumbnail\" alt=\"\" src=\"http:\/\/damas.laiglesiadelacomunidad.com\/wp-content\/uploads\/2016\/07\/2016-07-10-20.09.06-150x150.jpg\" \/><\/a><\/dt><\/dl>\n\n<dl class=\"gallery-item\"><dt class=\"gallery-icon\">\n\t\t<a class=\"fancybox\" href=\"http:\/\/damas.laiglesiadelacomunidad.com\/wp-content\/uploads\/2016\/07\/2016-07-10-20.09.07-1024x768.jpg\" rel=\"gallery-0\"><img loading=\"lazy\" decoding=\"async\" width=\"150\" height=\"150\" class=\"attachment-thumbnail\" alt=\"\" src=\"http:\/\/damas.laiglesiadelacomunidad.com\/wp-content\/uploads\/2016\/07\/2016-07-10-20.09.07-150x150.jpg\" \/><\/a><\/dt><\/dl>\n\n<dl class=\"gallery-item\"><dt class=\"gallery-icon\">\n\t\t<a class=\"fancybox\" href=\"http:\/\/damas.laiglesiadelacomunidad.com\/wp-content\/uploads\/2016\/07\/2016-07-10-20.09.52-1024x768.jpg\" rel=\"gallery-0\"><img loading=\"lazy\" decoding=\"async\" width=\"150\" height=\"150\" class=\"attachment-thumbnail\" alt=\"\" src=\"http:\/\/damas.laiglesiadelacomunidad.com\/wp-content\/uploads\/2016\/07\/2016-07-10-20.09.52-150x150.jpg\" \/><\/a><\/dt><\/dl>\n\n<dl class=\"gallery-item\"><dt class=\"gallery-icon\">\n\t\t<a class=\"fancybox\" href=\"http:\/\/damas.laiglesiadelacomunidad.com\/wp-content\/uploads\/2016\/07\/2016-07-10-20.13.22-e1468211960136-1024x768.jpg\" rel=\"gallery-0\"><img loading=\"lazy\" decoding=\"async\" width=\"150\" height=\"150\" class=\"attachment-thumbnail\" alt=\"\" src=\"http:\/\/damas.laiglesiadelacomunidad.com\/wp-content\/uploads\/2016\/07\/2016-07-10-20.13.22-e1468211960136-150x150.jpg\" \/><\/a><\/dt><\/dl>\n\n<dl class=\"gallery-item\"><dt class=\"gallery-icon\">\n\t\t<a class=\"fancybox\" href=\"http:\/\/damas.laiglesiadelacomunidad.com\/wp-content\/uploads\/2016\/07\/2016-07-10-20.13.26-e1468211934190-1024x768.jpg\" rel=\"gallery-0\"><img loading=\"lazy\" decoding=\"async\" width=\"150\" height=\"150\" class=\"attachment-thumbnail\" alt=\"\" src=\"http:\/\/damas.laiglesiadelacomunidad.com\/wp-content\/uploads\/2016\/07\/2016-07-10-20.13.26-e1468211934190-150x150.jpg\" \/><\/a><\/dt><\/dl>\n\n<dl class=\"gallery-item\"><dt class=\"gallery-icon\">\n\t\t<a class=\"fancybox\" href=\"http:\/\/damas.laiglesiadelacomunidad.com\/wp-content\/uploads\/2016\/07\/2016-07-10-20.13.44-e1468211917299-1024x768.jpg\" rel=\"gallery-0\"><img loading=\"lazy\" decoding=\"async\" width=\"150\" height=\"150\" class=\"attachment-thumbnail\" alt=\"\" src=\"http:\/\/damas.laiglesiadelacomunidad.com\/wp-content\/uploads\/2016\/07\/2016-07-10-20.13.44-e1468211917299-150x150.jpg\" \/><\/a><\/dt><\/dl>\n\n<dl class=\"gallery-item\"><dt class=\"gallery-icon\">\n\t\t<a class=\"fancybox\" href=\"http:\/\/damas.laiglesiadelacomunidad.com\/wp-content\/uploads\/2016\/07\/2016-07-10-20.23.01-1024x768.jpg\" rel=\"gallery-0\"><img loading=\"lazy\" decoding=\"async\" width=\"150\" height=\"150\" class=\"attachment-thumbnail\" alt=\"\" src=\"http:\/\/damas.laiglesiadelacomunidad.com\/wp-content\/uploads\/2016\/07\/2016-07-10-20.23.01-150x150.jpg\" \/><\/a><\/dt><\/dl>\n\n<dl class=\"gallery-item\"><dt class=\"gallery-icon\">\n\t\t<a class=\"fancybox\" href=\"http:\/\/damas.laiglesiadelacomunidad.com\/wp-content\/uploads\/2016\/07\/2016-07-10-20.23.03-1024x768.jpg\" rel=\"gallery-0\"><img loading=\"lazy\" decoding=\"async\" width=\"150\" height=\"150\" class=\"attachment-thumbnail\" alt=\"\" src=\"http:\/\/damas.laiglesiadelacomunidad.com\/wp-content\/uploads\/2016\/07\/2016-07-10-20.23.03-150x150.jpg\" \/><\/a><\/dt><\/dl>\n\n<dl class=\"gallery-item\"><dt class=\"gallery-icon\">\n\t\t<a class=\"fancybox\" href=\"http:\/\/damas.laiglesiadelacomunidad.com\/wp-content\/uploads\/2016\/07\/2016-07-10-20.23.04-1024x768.jpg\" rel=\"gallery-0\"><img loading=\"lazy\" decoding=\"async\" width=\"150\" height=\"150\" class=\"attachment-thumbnail\" alt=\"\" src=\"http:\/\/damas.laiglesiadelacomunidad.com\/wp-content\/uploads\/2016\/07\/2016-07-10-20.23.04-150x150.jpg\" \/><\/a><\/dt><\/dl>\n\n<dl class=\"gallery-item\"><dt class=\"gallery-icon\">\n\t\t<a class=\"fancybox\" href=\"http:\/\/damas.laiglesiadelacomunidad.com\/wp-content\/uploads\/2016\/07\/2016-07-10-20.23.05-1024x768.jpg\" rel=\"gallery-0\"><img loading=\"lazy\" decoding=\"async\" width=\"150\" height=\"150\" class=\"attachment-thumbnail\" alt=\"\" src=\"http:\/\/damas.laiglesiadelacomunidad.com\/wp-content\/uploads\/2016\/07\/2016-07-10-20.23.05-150x150.jpg\" \/><\/a><\/dt><\/dl>\n\n<dl class=\"gallery-item\"><dt class=\"gallery-icon\">\n\t\t<a class=\"fancybox\" href=\"http:\/\/damas.laiglesiadelacomunidad.com\/wp-content\/uploads\/2016\/07\/2016-07-10-20.23.56-1024x768.jpg\" rel=\"gallery-0\"><img loading=\"lazy\" decoding=\"async\" width=\"150\" height=\"150\" class=\"attachment-thumbnail\" alt=\"\" src=\"http:\/\/damas.laiglesiadelacomunidad.com\/wp-content\/uploads\/2016\/07\/2016-07-10-20.23.56-150x150.jpg\" \/><\/a><\/dt><\/dl>\n\n<dl class=\"gallery-item\"><dt class=\"gallery-icon\">\n\t\t<a class=\"fancybox\" href=\"http:\/\/damas.laiglesiadelacomunidad.com\/wp-content\/uploads\/2016\/07\/2016-07-10-20.23.57-1024x768.jpg\" rel=\"gallery-0\"><img loading=\"lazy\" decoding=\"async\" width=\"150\" height=\"150\" class=\"attachment-thumbnail\" alt=\"\" src=\"http:\/\/damas.laiglesiadelacomunidad.com\/wp-content\/uploads\/2016\/07\/2016-07-10-20.23.57-150x150.jpg\" \/><\/a><\/dt><\/dl>\n\n<dl class=\"gallery-item\"><dt class=\"gallery-icon\">\n\t\t<a class=\"fancybox\" href=\"http:\/\/damas.laiglesiadelacomunidad.com\/wp-content\/uploads\/2016\/07\/2016-07-10-20.24.53-e1468213446479-768x1024.jpg\" rel=\"gallery-0\"><img loading=\"lazy\" decoding=\"async\" width=\"150\" height=\"150\" class=\"attachment-thumbnail\" alt=\"\" src=\"http:\/\/damas.laiglesiadelacomunidad.com\/wp-content\/uploads\/2016\/07\/2016-07-10-20.24.53-e1468213446479-150x150.jpg\" \/><\/a><\/dt><\/dl>\n\n<dl class=\"gallery-item\"><dt class=\"gallery-icon\">\n\t\t<a class=\"fancybox\" href=\"http:\/\/damas.laiglesiadelacomunidad.com\/wp-content\/uploads\/2016\/07\/2016-07-10-20.25.47-1024x768.jpg\" rel=\"gallery-0\"><img loading=\"lazy\" decoding=\"async\" width=\"150\" height=\"150\" class=\"attachment-thumbnail\" alt=\"\" src=\"http:\/\/damas.laiglesiadelacomunidad.com\/wp-content\/uploads\/2016\/07\/2016-07-10-20.25.47-150x150.jpg\" \/><\/a><\/dt><\/dl>\n\n<dl class=\"gallery-item\"><dt class=\"gallery-icon\">\n\t\t<a class=\"fancybox\" href=\"http:\/\/damas.laiglesiadelacomunidad.com\/wp-content\/uploads\/2016\/07\/2016-07-10-20.25.48-1024x768.jpg\" rel=\"gallery-0\"><img loading=\"lazy\" decoding=\"async\" width=\"150\" height=\"150\" class=\"attachment-thumbnail\" alt=\"\" src=\"http:\/\/damas.laiglesiadelacomunidad.com\/wp-content\/uploads\/2016\/07\/2016-07-10-20.25.48-150x150.jpg\" \/><\/a><\/dt><\/dl>\n\n<dl class=\"gallery-item\"><dt class=\"gallery-icon\">\n\t\t<a class=\"fancybox\" href=\"http:\/\/damas.laiglesiadelacomunidad.com\/wp-content\/uploads\/2016\/07\/2016-07-10-20.26.47-1024x768.jpg\" rel=\"gallery-0\"><img loading=\"lazy\" decoding=\"async\" width=\"150\" height=\"150\" class=\"attachment-thumbnail\" alt=\"\" src=\"http:\/\/damas.laiglesiadelacomunidad.com\/wp-content\/uploads\/2016\/07\/2016-07-10-20.26.47-150x150.jpg\" \/><\/a><\/dt><\/dl>\n\n<dl class=\"gallery-item\"><dt class=\"gallery-icon\">\n\t\t<a class=\"fancybox\" href=\"http:\/\/damas.laiglesiadelacomunidad.com\/wp-content\/uploads\/2016\/07\/2016-07-10-20.26.49-1024x768.jpg\" rel=\"gallery-0\"><img loading=\"lazy\" decoding=\"async\" width=\"150\" height=\"150\" class=\"attachment-thumbnail\" alt=\"\" src=\"http:\/\/damas.laiglesiadelacomunidad.com\/wp-content\/uploads\/2016\/07\/2016-07-10-20.26.49-150x150.jpg\" \/><\/a><\/dt><\/dl>\n\n<dl class=\"gallery-item\"><dt class=\"gallery-icon\">\n\t\t<a class=\"fancybox\" href=\"http:\/\/damas.laiglesiadelacomunidad.com\/wp-content\/uploads\/2016\/07\/2016-07-10-20.26.52-1024x768.jpg\" rel=\"gallery-0\"><img loading=\"lazy\" decoding=\"async\" width=\"150\" height=\"150\" class=\"attachment-thumbnail\" alt=\"\" src=\"http:\/\/damas.laiglesiadelacomunidad.com\/wp-content\/uploads\/2016\/07\/2016-07-10-20.26.52-150x150.jpg\" \/><\/a><\/dt><\/dl>\n\n<dl class=\"gallery-item\"><dt class=\"gallery-icon\">\n\t\t<a class=\"fancybox\" href=\"http:\/\/damas.laiglesiadelacomunidad.com\/wp-content\/uploads\/2016\/07\/2016-07-10-22.52.02-1024x768.jpg\" rel=\"gallery-0\"><img loading=\"lazy\" decoding=\"async\" width=\"150\" height=\"150\" class=\"attachment-thumbnail\" alt=\"\" src=\"http:\/\/damas.laiglesiadelacomunidad.com\/wp-content\/uploads\/2016\/07\/2016-07-10-22.52.02-150x150.jpg\" \/><\/a><\/dt><\/dl>\n\n<dl class=\"gallery-item\"><dt class=\"gallery-icon\">\n\t\t<a class=\"fancybox\" href=\"http:\/\/damas.laiglesiadelacomunidad.com\/wp-content\/uploads\/2016\/07\/2016-07-10-22.52.05-1024x768.jpg\" rel=\"gallery-0\"><img loading=\"lazy\" decoding=\"async\" width=\"150\" height=\"150\" class=\"attachment-thumbnail\" alt=\"\" src=\"http:\/\/damas.laiglesiadelacomunidad.com\/wp-content\/uploads\/2016\/07\/2016-07-10-22.52.05-150x150.jpg\" \/><\/a><\/dt><\/dl>\n\n<dl class=\"gallery-item\"><dt class=\"gallery-icon\">\n\t\t<a class=\"fancybox\" href=\"http:\/\/damas.laiglesiadelacomunidad.com\/wp-content\/uploads\/2016\/07\/2016-07-10-22.52.07-768x1024.jpg\" rel=\"gallery-0\"><img loading=\"lazy\" decoding=\"async\" width=\"150\" height=\"150\" class=\"attachment-thumbnail\" alt=\"\" src=\"http:\/\/damas.laiglesiadelacomunidad.com\/wp-content\/uploads\/2016\/07\/2016-07-10-22.52.07-150x150.jpg\" \/><\/a><\/dt><\/dl>\n\n<dl class=\"gallery-item\"><dt class=\"gallery-icon\">\n\t\t<a class=\"fancybox\" href=\"http:\/\/damas.laiglesiadelacomunidad.com\/wp-content\/uploads\/2016\/07\/img_5038-1024x768.jpg\" rel=\"gallery-0\"><img loading=\"lazy\" decoding=\"async\" width=\"150\" height=\"150\" class=\"attachment-thumbnail\" alt=\"\" src=\"http:\/\/damas.laiglesiadelacomunidad.com\/wp-content\/uploads\/2016\/07\/img_5038-150x150.jpg\" \/><\/a><\/dt><\/dl>\n\n<dl class=\"gallery-item\"><dt class=\"gallery-icon\">\n\t\t<a class=\"fancybox\" href=\"http:\/\/damas.laiglesiadelacomunidad.com\/wp-content\/uploads\/2016\/07\/2016-07-10-19.02.32-1024x768.jpg\" rel=\"gallery-0\"><img loading=\"lazy\" decoding=\"async\" width=\"150\" height=\"150\" class=\"attachment-thumbnail\" alt=\"\" src=\"http:\/\/damas.laiglesiadelacomunidad.com\/wp-content\/uploads\/2016\/07\/2016-07-10-19.02.32-150x150.jpg\" \/><\/a><\/dt><\/dl>\n\n<dl class=\"gallery-item\"><dt class=\"gallery-icon\">\n\t\t<a class=\"fancybox\" href=\"http:\/\/damas.laiglesiadelacomunidad.com\/wp-content\/uploads\/2016\/07\/2016-07-10-19.02.42-1024x768.jpg\" rel=\"gallery-0\"><img loading=\"lazy\" decoding=\"async\" width=\"150\" height=\"150\" class=\"attachment-thumbnail\" alt=\"\" src=\"http:\/\/damas.laiglesiadelacomunidad.com\/wp-content\/uploads\/2016\/07\/2016-07-10-19.02.42-150x150.jpg\" \/><\/a><\/dt><\/dl>\n\n<dl class=\"gallery-item\"><dt class=\"gallery-icon\">\n\t\t<a class=\"fancybox\" href=\"http:\/\/damas.laiglesiadelacomunidad.com\/wp-content\/uploads\/2016\/07\/2016-07-10-19.02.53-1024x768.jpg\" rel=\"gallery-0\"><img loading=\"lazy\" decoding=\"async\" width=\"150\" height=\"150\" class=\"attachment-thumbnail\" alt=\"\" src=\"http:\/\/damas.laiglesiadelacomunidad.com\/wp-content\/uploads\/2016\/07\/2016-07-10-19.02.53-150x150.jpg\" \/><\/a><\/dt><\/dl>\n\n<dl class=\"gallery-item\"><dt class=\"gallery-icon\">\n\t\t<a class=\"fancybox\" href=\"http:\/\/damas.laiglesiadelacomunidad.com\/wp-content\/uploads\/2016\/07\/2016-07-10-19.03.05-1024x768.jpg\" rel=\"gallery-0\"><img loading=\"lazy\" decoding=\"async\" width=\"150\" height=\"150\" class=\"attachment-thumbnail\" alt=\"\" src=\"http:\/\/damas.laiglesiadelacomunidad.com\/wp-content\/uploads\/2016\/07\/2016-07-10-19.03.05-150x150.jpg\" \/><\/a><\/dt><\/dl>\n\n<dl class=\"gallery-item\"><dt class=\"gallery-icon\">\n\t\t<a class=\"fancybox\" href=\"http:\/\/damas.laiglesiadelacomunidad.com\/wp-content\/uploads\/2016\/07\/2016-07-10-19.03.14-1024x768.jpg\" rel=\"gallery-0\"><img loading=\"lazy\" decoding=\"async\" width=\"150\" height=\"150\" class=\"attachment-thumbnail\" alt=\"\" src=\"http:\/\/damas.laiglesiadelacomunidad.com\/wp-content\/uploads\/2016\/07\/2016-07-10-19.03.14-150x150.jpg\" \/><\/a><\/dt><\/dl>\n\n<dl class=\"gallery-item\"><dt class=\"gallery-icon\">\n\t\t<a class=\"fancybox\" href=\"http:\/\/damas.laiglesiadelacomunidad.com\/wp-content\/uploads\/2016\/07\/2016-07-10-19.03.26-1024x768.jpg\" rel=\"gallery-0\"><img loading=\"lazy\" decoding=\"async\" width=\"150\" height=\"150\" class=\"attachment-thumbnail\" alt=\"\" src=\"http:\/\/damas.laiglesiadelacomunidad.com\/wp-content\/uploads\/2016\/07\/2016-07-10-19.03.26-150x150.jpg\" \/><\/a><\/dt><\/dl>\n\n<dl class=\"gallery-item\"><dt class=\"gallery-icon\">\n\t\t<a class=\"fancybox\" href=\"http:\/\/damas.laiglesiadelacomunidad.com\/wp-content\/uploads\/2016\/07\/2016-07-10-19.03.37-1024x768.jpg\" rel=\"gallery-0\"><img loading=\"lazy\" decoding=\"async\" width=\"150\" height=\"150\" class=\"attachment-thumbnail\" alt=\"\" src=\"http:\/\/damas.laiglesiadelacomunidad.com\/wp-content\/uploads\/2016\/07\/2016-07-10-19.03.37-150x150.jpg\" \/><\/a><\/dt><\/dl>\n\n<dl class=\"gallery-item\"><dt class=\"gallery-icon\">\n\t\t<a class=\"fancybox\" href=\"http:\/\/damas.laiglesiadelacomunidad.com\/wp-content\/uploads\/2016\/07\/2016-07-10-19.03.45-1024x768.jpg\" rel=\"gallery-0\"><img loading=\"lazy\" decoding=\"async\" width=\"150\" height=\"150\" class=\"attachment-thumbnail\" alt=\"\" src=\"http:\/\/damas.laiglesiadelacomunidad.com\/wp-content\/uploads\/2016\/07\/2016-07-10-19.03.45-150x150.jpg\" \/><\/a><\/dt><\/dl>\n\n<dl class=\"gallery-item\"><dt class=\"gallery-icon\">\n\t\t<a class=\"fancybox\" href=\"http:\/\/damas.laiglesiadelacomunidad.com\/wp-content\/uploads\/2016\/07\/2016-07-10-19.03.52-1024x768.jpg\" rel=\"gallery-0\"><img loading=\"lazy\" decoding=\"async\" width=\"150\" height=\"150\" class=\"attachment-thumbnail\" alt=\"\" src=\"http:\/\/damas.laiglesiadelacomunidad.com\/wp-content\/uploads\/2016\/07\/2016-07-10-19.03.52-150x150.jpg\" \/><\/a><\/dt><\/dl>\n\n<\/div><br clear=\"all\" \/><!-- Rendered by FancyBox without labels END -->\n\n","protected":false},"excerpt":{"rendered":"<p>Gracias Se\u00f1or por tan linda noche, gracias por darnos el privilegio de trabajar para T\u00ed por 15 a\u00f1os en \u00e9sta obra, gracias por dar a cada miembro de esta obra el deseo de llevar a otros a conocerte y de preocuparse por el bien esp\u00edritual de todos. Te pedimos Se\u00f1or que te quedes con nosotros, &hellip; <a href=\"http:\/\/damas.laiglesiadelacomunidad.com\/?p=11555\" class=\"more-link\">Continue reading <span class=\"screen-reader-text\">15 a\u00f1os de grandes bendiciones<\/span> <span class=\"meta-nav\">&rarr;<\/span><\/a><\/p>\n","protected":false},"author":2,"featured_media":0,"comment_status":"open","ping_status":"open","sticky":false,"template":"","format":"link","meta":{"footnotes":""},"categories":[7],"tags":[],"_links":{"self":[{"href":"http:\/\/damas.laiglesiadelacomunidad.com\/index.php?rest_route=\/wp\/v2\/posts\/11555"}],"collection":[{"href":"http:\/\/damas.laiglesiadelacomunidad.com\/index.php?rest_route=\/wp\/v2\/posts"}],"about":[{"href":"http:\/\/damas.laiglesiadelacomunidad.com\/index.php?rest_route=\/wp\/v2\/types\/post"}],"author":[{"embeddable":true,"href":"http:\/\/damas.laiglesiadelacomunidad.com\/index.php?rest_route=\/wp\/v2\/users\/2"}],"replies":[{"embeddable":true,"href":"http:\/\/damas.laiglesiadelacomunidad.com\/index.php?rest_route=%2Fwp%2Fv2%2Fcomments&post=11555"}],"version-history":[{"count":8,"href":"http:\/\/damas.laiglesiadelacomunidad.com\/index.php?rest_route=\/wp\/v2\/posts\/11555\/revisions"}],"predecessor-version":[{"id":11709,"href":"http:\/\/damas.laiglesiadelacomunidad.com\/index.php?rest_route=\/wp\/v2\/posts\/11555\/revisions\/11709"}],"wp:attachment":[{"href":"http:\/\/damas.laiglesiadelacomunidad.com\/index.php?rest_route=%2Fwp%2Fv2%2Fmedia&parent=11555"}],"wp:term":[{"taxonomy":"category","embeddable":true,"href":"http:\/\/damas.laiglesiadelacomunidad.com\/index.php?rest_route=%2Fwp%2Fv2%2Fcategories&post=11555"},{"taxonomy":"post_tag","embeddable":true,"href":"http:\/\/damas.laiglesiadelacomunidad.com\/index.php?rest_route=%2Fwp%2Fv2%2Ftags&post=11555"}],"curies":[{"name":"wp","href":"https:\/\/api.w.org\/{rel}","templated":true}]}}