{"id":11381,"date":"2016-06-12T22:13:10","date_gmt":"2016-06-13T03:13:10","guid":{"rendered":"http:\/\/damas.laiglesiadelacomunidad.com\/?p=11381"},"modified":"2016-06-12T22:25:27","modified_gmt":"2016-06-13T03:25:27","slug":"reunion-domingo-12-de-junio-del-2016","status":"publish","type":"post","link":"http:\/\/damas.laiglesiadelacomunidad.com\/?p=11381","title":{"rendered":"Reuni\u00f3n domingo 12 de Junio del 2016"},"content":{"rendered":"<p>Gracias Se\u00f1or por darnos otra linda noche, gracias por el buen mensaje que nos diste, gracias por la comunidad que hemos formado, gracias por los cantantes y los m\u00fasicos, y por cada uno de los voluntarios que domingo a domingo est\u00e1n presentes para preparar el ambiente para congregarnos.<\/p>\n<p>Seguimos estudiando la vida y las ense\u00f1anzas de Jes\u00fas seg\u00fan Mateo, el tema de hoy fue: <strong>&#8220;Un gran Error&#8221;\u00a0<\/strong>y la idea grande de hoy fue: <strong>&#8220;El Reino de Jes\u00fas llega por medio del sacrificio de sus seguidores&#8221;\u00a0<\/strong>durante toda nuestra vida cometemos errores, desde errores peque\u00f1os hasta errores que pueden causar consecuencias eternas y muchas veces por nuestros orgullo no lo queremos remediar o no queremos aceptar que no hicimos bien, o dudamos de lo que hicimos.<\/p>\n<p>Jes\u00fas nos llama a sacrificarnos por Su Reino, pero muchas veces dudamos en hacerlo, pensamos que es un error dejar de hacer esto o lo otro, o hablar con esta persona o la otra, el error m\u00e1s grande que cometemos es dejar de hacer la voluntad de Dios y decidir que lo que \u00e9l nos pide puede espera y lo hacemos en nuestro tiempo y no en el tiempo de Dios. Dudamos mucho y nos rendimos a los placeres de \u00e9ste mundo y los ponemos antes de Dios, construimos nuestro reino y no el Reino de Dios. Y si seguimos comentiendo estos errores vez tras vez, nos alejan m\u00e1s y m\u00e1s de Dios.<\/p>\n<p><span id=\"es-RVC-23463\" class=\"text Matt-11-2\"><strong>Juan, que estaba en la c\u00e1rcel, se enter\u00f3 de los hechos de Cristo y envi\u00f3 a dos de sus disc\u00edpulos<\/strong><\/span><strong> <span id=\"es-RVC-23464\" class=\"text Matt-11-3\"><sup class=\"versenum\">\u00a0<\/sup>para que le preguntaran: <span style=\"color: #ff0000;\">\u00ab\u00bfEres t\u00fa aquel que hab\u00eda de venir, o esperaremos a otro?\u00bb<\/span><\/span><span style=\"color: #ff0000;\"> <span id=\"es-RVC-23465\" class=\"text Matt-11-4\"><sup class=\"versenum\">\u00a0<\/sup>Jes\u00fas les respondi\u00f3: \u00abVuelvan y cu\u00e9ntenle a Juan las cosas que han visto y o\u00eddo.<\/span> <span id=\"es-RVC-23466\" class=\"text Matt-11-5\"><sup class=\"versenum\">\u00a0<\/sup>Los ciegos ven, los cojos andan, los leprosos son limpiados, los sordos oyen, los muertos son resucitados, y a los pobres se les anuncian las buenas noticias.<\/span><\/span><\/strong><span id=\"es-RVC-23467\" class=\"text Matt-11-6\"><span style=\"color: #ff0000;\"><strong><sup class=\"versenum\">6\u00a0<\/sup>Bienaventurado el que no tropieza por causa de m\u00ed.\u00bb<\/strong><\/span> Mateo 11:2-6<\/span><\/p>\n<p><strong><span id=\"es-RVC-18327\" class=\"text Isa-35-5\">Entonces se abrir\u00e1n los ojos de los ciegos, lo mismo que los o\u00eddos de los sordos.<\/span> <\/strong><span id=\"es-RVC-18328\" class=\"text Isa-35-6\"><strong>Entonces los cojos saltar\u00e1n como ciervos, y la lengua del mudo cantar\u00e1; porque en el desierto ser\u00e1n cavados pozos de agua, y en la soledad correr\u00e1n torrentes<\/strong>. Isaias 35:5-6<\/span><\/p>\n<p><strong><span class=\"text Isa-61-1\">El esp\u00edritu de Dios el Se\u00f1or est\u00e1 sobre m\u00ed. S\u00ed, el Se\u00f1or me ha ungido; me ha enviado a proclamar buenas noticias a los afligidos, a vendar a los quebrantados de coraz\u00f3n, a anunciar libertad a los cautivos, y liberaci\u00f3n a los prisioneros;<\/span><\/strong><span id=\"es-RVC-18847\" class=\"text Isa-61-2\"><strong><sup class=\"versenum\">\u00a0<\/sup>a proclamar el a\u00f1o de la buena voluntad del Se\u00f1or, y el d\u00eda de la venganza de nuestro Dios; a consolar a todos los que est\u00e1n tristes;<\/strong> Isaias 61:1-2<\/span><\/p>\n<p>Se\u00f1or sabemos que siempre cometeremos errore, te pedimos que nos ayudes a aprender de ellos, te pedimos que nos ayudes a ser m\u00e1s y m\u00e1s como Jes\u00fas y nos ayudes a construir Tu Reino y no el nuestro, te lo pedimos en nombre de Jesucristo nuestro Se\u00f1or, Am\u00e9n.<\/p>\n<p>Que pasen una linda semana, Dios las bendiga;<\/p>\n<p>Jackie C.<\/p>\n<p><a href=\"http:\/\/damas.laiglesiadelacomunidad.com\/?attachment_id=11384\" rel=\"attachment wp-att-11384\"><img loading=\"lazy\" decoding=\"async\" class=\"alignnone size-full wp-image-11384\" src=\"http:\/\/damas.laiglesiadelacomunidad.com\/wp-content\/uploads\/2016\/06\/2016-06-12-22.23.03.jpg\" alt=\"2016-06-12 22.23.03\" width=\"1328\" height=\"747\" srcset=\"http:\/\/damas.laiglesiadelacomunidad.com\/wp-content\/uploads\/2016\/06\/2016-06-12-22.23.03.jpg 1328w, http:\/\/damas.laiglesiadelacomunidad.com\/wp-content\/uploads\/2016\/06\/2016-06-12-22.23.03-300x169.jpg 300w, http:\/\/damas.laiglesiadelacomunidad.com\/wp-content\/uploads\/2016\/06\/2016-06-12-22.23.03-768x432.jpg 768w, http:\/\/damas.laiglesiadelacomunidad.com\/wp-content\/uploads\/2016\/06\/2016-06-12-22.23.03-1024x576.jpg 1024w\" sizes=\"(max-width: 1328px) 100vw, 1328px\" \/><\/a> <a href=\"http:\/\/damas.laiglesiadelacomunidad.com\/?attachment_id=11385\" rel=\"attachment wp-att-11385\"><img loading=\"lazy\" decoding=\"async\" class=\"alignnone size-full wp-image-11385\" src=\"http:\/\/damas.laiglesiadelacomunidad.com\/wp-content\/uploads\/2016\/06\/2016-06-12-22.23.07.jpg\" alt=\"2016-06-12 22.23.07\" width=\"1328\" height=\"747\" srcset=\"http:\/\/damas.laiglesiadelacomunidad.com\/wp-content\/uploads\/2016\/06\/2016-06-12-22.23.07.jpg 1328w, http:\/\/damas.laiglesiadelacomunidad.com\/wp-content\/uploads\/2016\/06\/2016-06-12-22.23.07-300x169.jpg 300w, http:\/\/damas.laiglesiadelacomunidad.com\/wp-content\/uploads\/2016\/06\/2016-06-12-22.23.07-768x432.jpg 768w, http:\/\/damas.laiglesiadelacomunidad.com\/wp-content\/uploads\/2016\/06\/2016-06-12-22.23.07-1024x576.jpg 1024w\" sizes=\"(max-width: 1328px) 100vw, 1328px\" \/><\/a> <a href=\"http:\/\/damas.laiglesiadelacomunidad.com\/?attachment_id=11386\" rel=\"attachment wp-att-11386\"><img loading=\"lazy\" decoding=\"async\" class=\"alignnone size-full wp-image-11386\" src=\"http:\/\/damas.laiglesiadelacomunidad.com\/wp-content\/uploads\/2016\/06\/2016-06-12-22.23.10.jpg\" alt=\"2016-06-12 22.23.10\" width=\"1328\" height=\"747\" srcset=\"http:\/\/damas.laiglesiadelacomunidad.com\/wp-content\/uploads\/2016\/06\/2016-06-12-22.23.10.jpg 1328w, http:\/\/damas.laiglesiadelacomunidad.com\/wp-content\/uploads\/2016\/06\/2016-06-12-22.23.10-300x169.jpg 300w, http:\/\/damas.laiglesiadelacomunidad.com\/wp-content\/uploads\/2016\/06\/2016-06-12-22.23.10-768x432.jpg 768w, http:\/\/damas.laiglesiadelacomunidad.com\/wp-content\/uploads\/2016\/06\/2016-06-12-22.23.10-1024x576.jpg 1024w\" sizes=\"(max-width: 1328px) 100vw, 1328px\" \/><\/a> <a href=\"http:\/\/damas.laiglesiadelacomunidad.com\/?attachment_id=11387\" rel=\"attachment wp-att-11387\"><img loading=\"lazy\" decoding=\"async\" class=\"alignnone size-full wp-image-11387\" src=\"http:\/\/damas.laiglesiadelacomunidad.com\/wp-content\/uploads\/2016\/06\/2016-06-12-22.23.14.jpg\" alt=\"2016-06-12 22.23.14\" width=\"1328\" height=\"747\" srcset=\"http:\/\/damas.laiglesiadelacomunidad.com\/wp-content\/uploads\/2016\/06\/2016-06-12-22.23.14.jpg 1328w, http:\/\/damas.laiglesiadelacomunidad.com\/wp-content\/uploads\/2016\/06\/2016-06-12-22.23.14-300x169.jpg 300w, http:\/\/damas.laiglesiadelacomunidad.com\/wp-content\/uploads\/2016\/06\/2016-06-12-22.23.14-768x432.jpg 768w, http:\/\/damas.laiglesiadelacomunidad.com\/wp-content\/uploads\/2016\/06\/2016-06-12-22.23.14-1024x576.jpg 1024w\" sizes=\"(max-width: 1328px) 100vw, 1328px\" \/><\/a><a href=\"http:\/\/damas.laiglesiadelacomunidad.com\/?attachment_id=11382\" rel=\"attachment wp-att-11382\"><img loading=\"lazy\" decoding=\"async\" class=\"alignnone size-full wp-image-11382\" src=\"http:\/\/damas.laiglesiadelacomunidad.com\/wp-content\/uploads\/2016\/06\/2016-06-12-22.05.48.jpg\" alt=\"2016-06-12 22.05.48\" width=\"1200\" height=\"1600\" srcset=\"http:\/\/damas.laiglesiadelacomunidad.com\/wp-content\/uploads\/2016\/06\/2016-06-12-22.05.48.jpg 1200w, http:\/\/damas.laiglesiadelacomunidad.com\/wp-content\/uploads\/2016\/06\/2016-06-12-22.05.48-225x300.jpg 225w, http:\/\/damas.laiglesiadelacomunidad.com\/wp-content\/uploads\/2016\/06\/2016-06-12-22.05.48-768x1024.jpg 768w\" sizes=\"(max-width: 1200px) 100vw, 1200px\" \/><\/a><\/p>\n","protected":false},"excerpt":{"rendered":"<p>Gracias Se\u00f1or por darnos otra linda noche, gracias por el buen mensaje que nos diste, gracias por la comunidad que hemos formado, gracias por los cantantes y los m\u00fasicos, y por cada uno de los voluntarios que domingo a domingo est\u00e1n presentes para preparar el ambiente para congregarnos. Seguimos estudiando la vida y las ense\u00f1anzas &hellip; <a href=\"http:\/\/damas.laiglesiadelacomunidad.com\/?p=11381\" class=\"more-link\">Continue reading <span class=\"screen-reader-text\">Reuni\u00f3n domingo 12 de Junio del 2016<\/span> <span class=\"meta-nav\">&rarr;<\/span><\/a><\/p>\n","protected":false},"author":2,"featured_media":0,"comment_status":"open","ping_status":"open","sticky":false,"template":"","format":"gallery","meta":{"footnotes":""},"categories":[7],"tags":[],"_links":{"self":[{"href":"http:\/\/damas.laiglesiadelacomunidad.com\/index.php?rest_route=\/wp\/v2\/posts\/11381"}],"collection":[{"href":"http:\/\/damas.laiglesiadelacomunidad.com\/index.php?rest_route=\/wp\/v2\/posts"}],"about":[{"href":"http:\/\/damas.laiglesiadelacomunidad.com\/index.php?rest_route=\/wp\/v2\/types\/post"}],"author":[{"embeddable":true,"href":"http:\/\/damas.laiglesiadelacomunidad.com\/index.php?rest_route=\/wp\/v2\/users\/2"}],"replies":[{"embeddable":true,"href":"http:\/\/damas.laiglesiadelacomunidad.com\/index.php?rest_route=%2Fwp%2Fv2%2Fcomments&post=11381"}],"version-history":[{"count":3,"href":"http:\/\/damas.laiglesiadelacomunidad.com\/index.php?rest_route=\/wp\/v2\/posts\/11381\/revisions"}],"predecessor-version":[{"id":11389,"href":"http:\/\/damas.laiglesiadelacomunidad.com\/index.php?rest_route=\/wp\/v2\/posts\/11381\/revisions\/11389"}],"wp:attachment":[{"href":"http:\/\/damas.laiglesiadelacomunidad.com\/index.php?rest_route=%2Fwp%2Fv2%2Fmedia&parent=11381"}],"wp:term":[{"taxonomy":"category","embeddable":true,"href":"http:\/\/damas.laiglesiadelacomunidad.com\/index.php?rest_route=%2Fwp%2Fv2%2Fcategories&post=11381"},{"taxonomy":"post_tag","embeddable":true,"href":"http:\/\/damas.laiglesiadelacomunidad.com\/index.php?rest_route=%2Fwp%2Fv2%2Ftags&post=11381"}],"curies":[{"name":"wp","href":"https:\/\/api.w.org\/{rel}","templated":true}]}}