{"id":11338,"date":"2016-06-05T22:41:42","date_gmt":"2016-06-06T03:41:42","guid":{"rendered":"http:\/\/damas.laiglesiadelacomunidad.com\/?p=11338"},"modified":"2016-06-05T22:41:42","modified_gmt":"2016-06-06T03:41:42","slug":"reunion-domingo-5-de-junio-del-2016","status":"publish","type":"post","link":"http:\/\/damas.laiglesiadelacomunidad.com\/?p=11338","title":{"rendered":"Reuni\u00f3n domingo 5 de Junio del 2016"},"content":{"rendered":"<p>Gracias Se\u00f1or por regalarnos tan linda noche, gracias por la linda comunidad que nos has regalado, por darnos tanto cari\u00f1o, gracias por traernos a Rachel y por el buen \u00e1nimo que ella nos d\u00e1 \ud83d\ude42 gracias por todos los voluntarios, los m\u00fasicos, los cantantes y las maestras.<\/p>\n<p>El tema del mensaje del d\u00eda de hoy fue: <strong>&#8220;Saber y hacer&#8221;\u00a0<\/strong>la idea grande de hoy fue: <strong>&#8220;Jesus espera que hagamos lo que nos pide&#8221;\u00a0<\/strong>En la ense\u00f1anza de hoy Jes\u00fas nos da instrucciones pr\u00e1cticas de que hacer para predicar el evangelio, tambi\u00e9n nos dice que pasa cuando ayudamos a otros a predicar el evangelio y nos exorta no solo ha predicarlo sino que tambi\u00e9n nos exorta a ser instrumentos de ayuda a los que lo predican.<\/p>\n<p>Podemos ayudar a otros por orar y ayunar por las personas con las que estan estudiando, por acompa\u00f1arlos a estudiar, por servirles, por proveerles de Biblias, material did\u00e1ctico y si es posible hasta de ayuda econ\u00f3mica, por ense\u00f1arles como ense\u00f1ar la Biblia, etc. Jes\u00fas exhort\u00f3 a sus seguidores a hacer \u00e9sto y m\u00e1s, con su ejemplo el inspira a actuar.<\/p>\n<p><span style=\"color: #ff0000;\"><strong><span class=\"text Matt-10-40\"><sup class=\"versenum\">\u00a0<\/sup>\u00bbEl que los recibe a ustedes, me recibe a m\u00ed; y el que me recibe a m\u00ed, recibe al que me envi\u00f3.<\/span> <span id=\"es-RVC-23460\" class=\"text Matt-10-41\"><sup class=\"versenum\">\u00a0<\/sup>El que recibe a un profeta porque es profeta, recibir\u00e1 igual recompensa que el profeta; y el que recibe a un justo porque es justo, recibir\u00e1 igual recompensa que el justo.<\/span> <\/strong><\/span><span id=\"es-RVC-23461\" class=\"text Matt-10-42\"><span style=\"color: #ff0000;\"><strong>De cierto les digo que cualquiera que d\u00e9 a uno de estos peque\u00f1itos aunque sea un vaso de agua fr\u00eda, por tratarse de un disc\u00edpulo, no perder\u00e1 su recompensa.\u00bb<\/strong> <\/span>Mateo 10:40-42<\/span><\/p>\n<p><strong>Cuando Jes\u00fas termin\u00f3 de dar instrucciones a sus doce disc\u00edpulos, se fue de all\u00ed a ense\u00f1ar y a predicar en otras ciudades.<\/strong> Mateo 11:1<\/p>\n<p>Se\u00f1or te damos gracias de nuevo por todo lo que nos das, te pedimos que hablandes nuestro coraz\u00f3n primero a Tu Palabra y segundo a los que la predican, ayudanos tambi\u00e9n a ser parte del grupo de los que predican la palabra no de un pulpito los domingos pero de cada d\u00eda donde se nos presente la oportunidad, te lo pedimos en nombre de Jesucristo nuestro Se\u00f1or, am\u00e9n.<\/p>\n<p>Dios las bendiga, las quiero mucho \ud83d\ude42<\/p>\n<p>Jackie C.<\/p>\n<p><a href=\"http:\/\/damas.laiglesiadelacomunidad.com\/?attachment_id=11339\" rel=\"attachment wp-att-11339\"><img loading=\"lazy\" decoding=\"async\" class=\"alignnone size-full wp-image-11339\" src=\"http:\/\/damas.laiglesiadelacomunidad.com\/wp-content\/uploads\/2016\/06\/2016-06-05-21.54.49.jpg\" alt=\"2016-06-05 21.54.49\" width=\"1200\" height=\"1600\" srcset=\"http:\/\/damas.laiglesiadelacomunidad.com\/wp-content\/uploads\/2016\/06\/2016-06-05-21.54.49.jpg 1200w, http:\/\/damas.laiglesiadelacomunidad.com\/wp-content\/uploads\/2016\/06\/2016-06-05-21.54.49-225x300.jpg 225w, http:\/\/damas.laiglesiadelacomunidad.com\/wp-content\/uploads\/2016\/06\/2016-06-05-21.54.49-768x1024.jpg 768w\" sizes=\"(max-width: 1200px) 100vw, 1200px\" \/><\/a> <a href=\"http:\/\/damas.laiglesiadelacomunidad.com\/?attachment_id=11340\" rel=\"attachment wp-att-11340\"><img loading=\"lazy\" decoding=\"async\" class=\"alignnone size-full wp-image-11340\" src=\"http:\/\/damas.laiglesiadelacomunidad.com\/wp-content\/uploads\/2016\/06\/2016-06-05-21.54.55.jpg\" alt=\"2016-06-05 21.54.55\" width=\"1600\" height=\"1200\" srcset=\"http:\/\/damas.laiglesiadelacomunidad.com\/wp-content\/uploads\/2016\/06\/2016-06-05-21.54.55.jpg 1600w, http:\/\/damas.laiglesiadelacomunidad.com\/wp-content\/uploads\/2016\/06\/2016-06-05-21.54.55-300x225.jpg 300w, http:\/\/damas.laiglesiadelacomunidad.com\/wp-content\/uploads\/2016\/06\/2016-06-05-21.54.55-768x576.jpg 768w, http:\/\/damas.laiglesiadelacomunidad.com\/wp-content\/uploads\/2016\/06\/2016-06-05-21.54.55-1024x768.jpg 1024w\" sizes=\"(max-width: 1600px) 100vw, 1600px\" \/><\/a> <a href=\"http:\/\/damas.laiglesiadelacomunidad.com\/?attachment_id=11341\" rel=\"attachment wp-att-11341\"><img loading=\"lazy\" decoding=\"async\" class=\"alignnone size-full wp-image-11341\" src=\"http:\/\/damas.laiglesiadelacomunidad.com\/wp-content\/uploads\/2016\/06\/2016-06-05-21.55.00.jpg\" alt=\"2016-06-05 21.55.00\" width=\"1200\" height=\"1600\" srcset=\"http:\/\/damas.laiglesiadelacomunidad.com\/wp-content\/uploads\/2016\/06\/2016-06-05-21.55.00.jpg 1200w, http:\/\/damas.laiglesiadelacomunidad.com\/wp-content\/uploads\/2016\/06\/2016-06-05-21.55.00-225x300.jpg 225w, http:\/\/damas.laiglesiadelacomunidad.com\/wp-content\/uploads\/2016\/06\/2016-06-05-21.55.00-768x1024.jpg 768w\" sizes=\"(max-width: 1200px) 100vw, 1200px\" \/><\/a> <a href=\"http:\/\/damas.laiglesiadelacomunidad.com\/?attachment_id=11342\" rel=\"attachment wp-att-11342\"><img loading=\"lazy\" decoding=\"async\" class=\"alignnone size-full wp-image-11342\" src=\"http:\/\/damas.laiglesiadelacomunidad.com\/wp-content\/uploads\/2016\/06\/2016-06-05-21.55.06.jpg\" alt=\"2016-06-05 21.55.06\" width=\"1200\" height=\"1600\" srcset=\"http:\/\/damas.laiglesiadelacomunidad.com\/wp-content\/uploads\/2016\/06\/2016-06-05-21.55.06.jpg 1200w, http:\/\/damas.laiglesiadelacomunidad.com\/wp-content\/uploads\/2016\/06\/2016-06-05-21.55.06-225x300.jpg 225w, http:\/\/damas.laiglesiadelacomunidad.com\/wp-content\/uploads\/2016\/06\/2016-06-05-21.55.06-768x1024.jpg 768w\" sizes=\"(max-width: 1200px) 100vw, 1200px\" \/><\/a> <a href=\"http:\/\/damas.laiglesiadelacomunidad.com\/?attachment_id=11343\" rel=\"attachment wp-att-11343\"><img loading=\"lazy\" decoding=\"async\" class=\"alignnone size-full wp-image-11343\" src=\"http:\/\/damas.laiglesiadelacomunidad.com\/wp-content\/uploads\/2016\/06\/2016-06-05-21.55.13.jpg\" alt=\"2016-06-05 21.55.13\" width=\"1200\" height=\"1600\" srcset=\"http:\/\/damas.laiglesiadelacomunidad.com\/wp-content\/uploads\/2016\/06\/2016-06-05-21.55.13.jpg 1200w, http:\/\/damas.laiglesiadelacomunidad.com\/wp-content\/uploads\/2016\/06\/2016-06-05-21.55.13-225x300.jpg 225w, http:\/\/damas.laiglesiadelacomunidad.com\/wp-content\/uploads\/2016\/06\/2016-06-05-21.55.13-768x1024.jpg 768w\" sizes=\"(max-width: 1200px) 100vw, 1200px\" \/><\/a> <a href=\"http:\/\/damas.laiglesiadelacomunidad.com\/?attachment_id=11344\" rel=\"attachment wp-att-11344\"><img loading=\"lazy\" decoding=\"async\" class=\"alignnone size-full wp-image-11344\" src=\"http:\/\/damas.laiglesiadelacomunidad.com\/wp-content\/uploads\/2016\/06\/2016-06-05-21.55.21.jpg\" alt=\"2016-06-05 21.55.21\" width=\"1200\" height=\"1600\" srcset=\"http:\/\/damas.laiglesiadelacomunidad.com\/wp-content\/uploads\/2016\/06\/2016-06-05-21.55.21.jpg 1200w, http:\/\/damas.laiglesiadelacomunidad.com\/wp-content\/uploads\/2016\/06\/2016-06-05-21.55.21-225x300.jpg 225w, http:\/\/damas.laiglesiadelacomunidad.com\/wp-content\/uploads\/2016\/06\/2016-06-05-21.55.21-768x1024.jpg 768w\" sizes=\"(max-width: 1200px) 100vw, 1200px\" \/><\/a> <a href=\"http:\/\/damas.laiglesiadelacomunidad.com\/?attachment_id=11345\" rel=\"attachment wp-att-11345\"><img loading=\"lazy\" decoding=\"async\" class=\"alignnone size-full wp-image-11345\" src=\"http:\/\/damas.laiglesiadelacomunidad.com\/wp-content\/uploads\/2016\/06\/2016-06-05-21.56.35.jpg\" alt=\"2016-06-05 21.56.35\" width=\"1328\" height=\"747\" srcset=\"http:\/\/damas.laiglesiadelacomunidad.com\/wp-content\/uploads\/2016\/06\/2016-06-05-21.56.35.jpg 1328w, http:\/\/damas.laiglesiadelacomunidad.com\/wp-content\/uploads\/2016\/06\/2016-06-05-21.56.35-300x169.jpg 300w, http:\/\/damas.laiglesiadelacomunidad.com\/wp-content\/uploads\/2016\/06\/2016-06-05-21.56.35-768x432.jpg 768w, http:\/\/damas.laiglesiadelacomunidad.com\/wp-content\/uploads\/2016\/06\/2016-06-05-21.56.35-1024x576.jpg 1024w\" sizes=\"(max-width: 1328px) 100vw, 1328px\" \/><\/a> <a href=\"http:\/\/damas.laiglesiadelacomunidad.com\/?attachment_id=11346\" rel=\"attachment wp-att-11346\"><img loading=\"lazy\" decoding=\"async\" class=\"alignnone size-full wp-image-11346\" src=\"http:\/\/damas.laiglesiadelacomunidad.com\/wp-content\/uploads\/2016\/06\/2016-06-05-21.56.37.jpg\" alt=\"2016-06-05 21.56.37\" width=\"1600\" height=\"822\" srcset=\"http:\/\/damas.laiglesiadelacomunidad.com\/wp-content\/uploads\/2016\/06\/2016-06-05-21.56.37.jpg 1600w, http:\/\/damas.laiglesiadelacomunidad.com\/wp-content\/uploads\/2016\/06\/2016-06-05-21.56.37-300x154.jpg 300w, http:\/\/damas.laiglesiadelacomunidad.com\/wp-content\/uploads\/2016\/06\/2016-06-05-21.56.37-768x395.jpg 768w, http:\/\/damas.laiglesiadelacomunidad.com\/wp-content\/uploads\/2016\/06\/2016-06-05-21.56.37-1024x526.jpg 1024w\" sizes=\"(max-width: 1600px) 100vw, 1600px\" \/><\/a> <a href=\"http:\/\/damas.laiglesiadelacomunidad.com\/?attachment_id=11347\" rel=\"attachment wp-att-11347\"><img loading=\"lazy\" decoding=\"async\" class=\"alignnone size-full wp-image-11347\" src=\"http:\/\/damas.laiglesiadelacomunidad.com\/wp-content\/uploads\/2016\/06\/2016-06-05-21.56.50.jpg\" alt=\"2016-06-05 21.56.50\" width=\"1328\" height=\"747\" srcset=\"http:\/\/damas.laiglesiadelacomunidad.com\/wp-content\/uploads\/2016\/06\/2016-06-05-21.56.50.jpg 1328w, http:\/\/damas.laiglesiadelacomunidad.com\/wp-content\/uploads\/2016\/06\/2016-06-05-21.56.50-300x169.jpg 300w, http:\/\/damas.laiglesiadelacomunidad.com\/wp-content\/uploads\/2016\/06\/2016-06-05-21.56.50-768x432.jpg 768w, http:\/\/damas.laiglesiadelacomunidad.com\/wp-content\/uploads\/2016\/06\/2016-06-05-21.56.50-1024x576.jpg 1024w\" sizes=\"(max-width: 1328px) 100vw, 1328px\" \/><\/a> <a href=\"http:\/\/damas.laiglesiadelacomunidad.com\/?attachment_id=11348\" rel=\"attachment wp-att-11348\"><img loading=\"lazy\" decoding=\"async\" class=\"alignnone size-full wp-image-11348\" src=\"http:\/\/damas.laiglesiadelacomunidad.com\/wp-content\/uploads\/2016\/06\/2016-06-05-21.56.55.jpg\" alt=\"2016-06-05 21.56.55\" width=\"1328\" height=\"747\" srcset=\"http:\/\/damas.laiglesiadelacomunidad.com\/wp-content\/uploads\/2016\/06\/2016-06-05-21.56.55.jpg 1328w, http:\/\/damas.laiglesiadelacomunidad.com\/wp-content\/uploads\/2016\/06\/2016-06-05-21.56.55-300x169.jpg 300w, http:\/\/damas.laiglesiadelacomunidad.com\/wp-content\/uploads\/2016\/06\/2016-06-05-21.56.55-768x432.jpg 768w, http:\/\/damas.laiglesiadelacomunidad.com\/wp-content\/uploads\/2016\/06\/2016-06-05-21.56.55-1024x576.jpg 1024w\" sizes=\"(max-width: 1328px) 100vw, 1328px\" \/><\/a> <a href=\"http:\/\/damas.laiglesiadelacomunidad.com\/?attachment_id=11349\" rel=\"attachment wp-att-11349\"><img loading=\"lazy\" decoding=\"async\" class=\"alignnone size-full wp-image-11349\" src=\"http:\/\/damas.laiglesiadelacomunidad.com\/wp-content\/uploads\/2016\/06\/2016-06-05-21.57.02.jpg\" alt=\"2016-06-05 21.57.02\" width=\"1328\" height=\"747\" srcset=\"http:\/\/damas.laiglesiadelacomunidad.com\/wp-content\/uploads\/2016\/06\/2016-06-05-21.57.02.jpg 1328w, http:\/\/damas.laiglesiadelacomunidad.com\/wp-content\/uploads\/2016\/06\/2016-06-05-21.57.02-300x169.jpg 300w, http:\/\/damas.laiglesiadelacomunidad.com\/wp-content\/uploads\/2016\/06\/2016-06-05-21.57.02-768x432.jpg 768w, http:\/\/damas.laiglesiadelacomunidad.com\/wp-content\/uploads\/2016\/06\/2016-06-05-21.57.02-1024x576.jpg 1024w\" sizes=\"(max-width: 1328px) 100vw, 1328px\" \/><\/a> <a href=\"http:\/\/damas.laiglesiadelacomunidad.com\/?attachment_id=11350\" rel=\"attachment wp-att-11350\"><img loading=\"lazy\" decoding=\"async\" class=\"alignnone size-full wp-image-11350\" src=\"http:\/\/damas.laiglesiadelacomunidad.com\/wp-content\/uploads\/2016\/06\/2016-06-05-21.57.08.jpg\" alt=\"2016-06-05 21.57.08\" width=\"1328\" height=\"747\" srcset=\"http:\/\/damas.laiglesiadelacomunidad.com\/wp-content\/uploads\/2016\/06\/2016-06-05-21.57.08.jpg 1328w, http:\/\/damas.laiglesiadelacomunidad.com\/wp-content\/uploads\/2016\/06\/2016-06-05-21.57.08-300x169.jpg 300w, http:\/\/damas.laiglesiadelacomunidad.com\/wp-content\/uploads\/2016\/06\/2016-06-05-21.57.08-768x432.jpg 768w, http:\/\/damas.laiglesiadelacomunidad.com\/wp-content\/uploads\/2016\/06\/2016-06-05-21.57.08-1024x576.jpg 1024w\" sizes=\"(max-width: 1328px) 100vw, 1328px\" \/><\/a> <a href=\"http:\/\/damas.laiglesiadelacomunidad.com\/?attachment_id=11351\" rel=\"attachment wp-att-11351\"><img loading=\"lazy\" decoding=\"async\" class=\"alignnone size-full wp-image-11351\" src=\"http:\/\/damas.laiglesiadelacomunidad.com\/wp-content\/uploads\/2016\/06\/2016-06-05-21.57.17.jpg\" alt=\"2016-06-05 21.57.17\" width=\"1328\" height=\"747\" srcset=\"http:\/\/damas.laiglesiadelacomunidad.com\/wp-content\/uploads\/2016\/06\/2016-06-05-21.57.17.jpg 1328w, http:\/\/damas.laiglesiadelacomunidad.com\/wp-content\/uploads\/2016\/06\/2016-06-05-21.57.17-300x169.jpg 300w, http:\/\/damas.laiglesiadelacomunidad.com\/wp-content\/uploads\/2016\/06\/2016-06-05-21.57.17-768x432.jpg 768w, http:\/\/damas.laiglesiadelacomunidad.com\/wp-content\/uploads\/2016\/06\/2016-06-05-21.57.17-1024x576.jpg 1024w\" sizes=\"(max-width: 1328px) 100vw, 1328px\" \/><\/a> <a href=\"http:\/\/damas.laiglesiadelacomunidad.com\/?attachment_id=11352\" rel=\"attachment wp-att-11352\"><img loading=\"lazy\" decoding=\"async\" class=\"alignnone size-full wp-image-11352\" src=\"http:\/\/damas.laiglesiadelacomunidad.com\/wp-content\/uploads\/2016\/06\/2016-06-05-21.57.22.jpg\" alt=\"2016-06-05 21.57.22\" width=\"1328\" height=\"747\" srcset=\"http:\/\/damas.laiglesiadelacomunidad.com\/wp-content\/uploads\/2016\/06\/2016-06-05-21.57.22.jpg 1328w, http:\/\/damas.laiglesiadelacomunidad.com\/wp-content\/uploads\/2016\/06\/2016-06-05-21.57.22-300x169.jpg 300w, http:\/\/damas.laiglesiadelacomunidad.com\/wp-content\/uploads\/2016\/06\/2016-06-05-21.57.22-768x432.jpg 768w, http:\/\/damas.laiglesiadelacomunidad.com\/wp-content\/uploads\/2016\/06\/2016-06-05-21.57.22-1024x576.jpg 1024w\" sizes=\"(max-width: 1328px) 100vw, 1328px\" \/><\/a> <a href=\"http:\/\/damas.laiglesiadelacomunidad.com\/?attachment_id=11353\" rel=\"attachment wp-att-11353\"><img loading=\"lazy\" decoding=\"async\" class=\"alignnone size-full wp-image-11353\" src=\"http:\/\/damas.laiglesiadelacomunidad.com\/wp-content\/uploads\/2016\/06\/2016-06-05-21.57.28.jpg\" alt=\"2016-06-05 21.57.28\" width=\"1328\" height=\"747\" srcset=\"http:\/\/damas.laiglesiadelacomunidad.com\/wp-content\/uploads\/2016\/06\/2016-06-05-21.57.28.jpg 1328w, http:\/\/damas.laiglesiadelacomunidad.com\/wp-content\/uploads\/2016\/06\/2016-06-05-21.57.28-300x169.jpg 300w, http:\/\/damas.laiglesiadelacomunidad.com\/wp-content\/uploads\/2016\/06\/2016-06-05-21.57.28-768x432.jpg 768w, http:\/\/damas.laiglesiadelacomunidad.com\/wp-content\/uploads\/2016\/06\/2016-06-05-21.57.28-1024x576.jpg 1024w\" sizes=\"(max-width: 1328px) 100vw, 1328px\" \/><\/a> <a href=\"http:\/\/damas.laiglesiadelacomunidad.com\/?attachment_id=11354\" rel=\"attachment wp-att-11354\"><img loading=\"lazy\" decoding=\"async\" class=\"alignnone size-full wp-image-11354\" src=\"http:\/\/damas.laiglesiadelacomunidad.com\/wp-content\/uploads\/2016\/06\/2016-06-05-21.57.30.jpg\" alt=\"2016-06-05 21.57.30\" width=\"1328\" height=\"747\" srcset=\"http:\/\/damas.laiglesiadelacomunidad.com\/wp-content\/uploads\/2016\/06\/2016-06-05-21.57.30.jpg 1328w, http:\/\/damas.laiglesiadelacomunidad.com\/wp-content\/uploads\/2016\/06\/2016-06-05-21.57.30-300x169.jpg 300w, http:\/\/damas.laiglesiadelacomunidad.com\/wp-content\/uploads\/2016\/06\/2016-06-05-21.57.30-768x432.jpg 768w, http:\/\/damas.laiglesiadelacomunidad.com\/wp-content\/uploads\/2016\/06\/2016-06-05-21.57.30-1024x576.jpg 1024w\" sizes=\"(max-width: 1328px) 100vw, 1328px\" \/><\/a> <a href=\"http:\/\/damas.laiglesiadelacomunidad.com\/?attachment_id=11355\" rel=\"attachment wp-att-11355\"><img loading=\"lazy\" decoding=\"async\" class=\"alignnone size-full wp-image-11355\" src=\"http:\/\/damas.laiglesiadelacomunidad.com\/wp-content\/uploads\/2016\/06\/2016-06-05-21.57.38.jpg\" alt=\"2016-06-05 21.57.38\" width=\"1328\" height=\"747\" srcset=\"http:\/\/damas.laiglesiadelacomunidad.com\/wp-content\/uploads\/2016\/06\/2016-06-05-21.57.38.jpg 1328w, http:\/\/damas.laiglesiadelacomunidad.com\/wp-content\/uploads\/2016\/06\/2016-06-05-21.57.38-300x169.jpg 300w, http:\/\/damas.laiglesiadelacomunidad.com\/wp-content\/uploads\/2016\/06\/2016-06-05-21.57.38-768x432.jpg 768w, http:\/\/damas.laiglesiadelacomunidad.com\/wp-content\/uploads\/2016\/06\/2016-06-05-21.57.38-1024x576.jpg 1024w\" sizes=\"(max-width: 1328px) 100vw, 1328px\" \/><\/a> <a href=\"http:\/\/damas.laiglesiadelacomunidad.com\/?attachment_id=11356\" rel=\"attachment wp-att-11356\"><img loading=\"lazy\" decoding=\"async\" class=\"alignnone size-full wp-image-11356\" src=\"http:\/\/damas.laiglesiadelacomunidad.com\/wp-content\/uploads\/2016\/06\/2016-06-05-22.39.03.jpg\" alt=\"2016-06-05 22.39.03\" width=\"1600\" height=\"1200\" srcset=\"http:\/\/damas.laiglesiadelacomunidad.com\/wp-content\/uploads\/2016\/06\/2016-06-05-22.39.03.jpg 1600w, http:\/\/damas.laiglesiadelacomunidad.com\/wp-content\/uploads\/2016\/06\/2016-06-05-22.39.03-300x225.jpg 300w, http:\/\/damas.laiglesiadelacomunidad.com\/wp-content\/uploads\/2016\/06\/2016-06-05-22.39.03-768x576.jpg 768w, http:\/\/damas.laiglesiadelacomunidad.com\/wp-content\/uploads\/2016\/06\/2016-06-05-22.39.03-1024x768.jpg 1024w\" sizes=\"(max-width: 1600px) 100vw, 1600px\" \/><\/a><\/p>\n","protected":false},"excerpt":{"rendered":"<p>Gracias Se\u00f1or por regalarnos tan linda noche, gracias por la linda comunidad que nos has regalado, por darnos tanto cari\u00f1o, gracias por traernos a Rachel y por el buen \u00e1nimo que ella nos d\u00e1 \ud83d\ude42 gracias por todos los voluntarios, los m\u00fasicos, los cantantes y las maestras. El tema del mensaje del d\u00eda de hoy &hellip; <a href=\"http:\/\/damas.laiglesiadelacomunidad.com\/?p=11338\" class=\"more-link\">Continue reading <span class=\"screen-reader-text\">Reuni\u00f3n domingo 5 de Junio del 2016<\/span> <span class=\"meta-nav\">&rarr;<\/span><\/a><\/p>\n","protected":false},"author":2,"featured_media":0,"comment_status":"open","ping_status":"open","sticky":false,"template":"","format":"gallery","meta":{"footnotes":""},"categories":[7],"tags":[],"_links":{"self":[{"href":"http:\/\/damas.laiglesiadelacomunidad.com\/index.php?rest_route=\/wp\/v2\/posts\/11338"}],"collection":[{"href":"http:\/\/damas.laiglesiadelacomunidad.com\/index.php?rest_route=\/wp\/v2\/posts"}],"about":[{"href":"http:\/\/damas.laiglesiadelacomunidad.com\/index.php?rest_route=\/wp\/v2\/types\/post"}],"author":[{"embeddable":true,"href":"http:\/\/damas.laiglesiadelacomunidad.com\/index.php?rest_route=\/wp\/v2\/users\/2"}],"replies":[{"embeddable":true,"href":"http:\/\/damas.laiglesiadelacomunidad.com\/index.php?rest_route=%2Fwp%2Fv2%2Fcomments&post=11338"}],"version-history":[{"count":1,"href":"http:\/\/damas.laiglesiadelacomunidad.com\/index.php?rest_route=\/wp\/v2\/posts\/11338\/revisions"}],"predecessor-version":[{"id":11357,"href":"http:\/\/damas.laiglesiadelacomunidad.com\/index.php?rest_route=\/wp\/v2\/posts\/11338\/revisions\/11357"}],"wp:attachment":[{"href":"http:\/\/damas.laiglesiadelacomunidad.com\/index.php?rest_route=%2Fwp%2Fv2%2Fmedia&parent=11338"}],"wp:term":[{"taxonomy":"category","embeddable":true,"href":"http:\/\/damas.laiglesiadelacomunidad.com\/index.php?rest_route=%2Fwp%2Fv2%2Fcategories&post=11338"},{"taxonomy":"post_tag","embeddable":true,"href":"http:\/\/damas.laiglesiadelacomunidad.com\/index.php?rest_route=%2Fwp%2Fv2%2Ftags&post=11338"}],"curies":[{"name":"wp","href":"https:\/\/api.w.org\/{rel}","templated":true}]}}