{"id":11319,"date":"2016-06-01T23:44:43","date_gmt":"2016-06-02T04:44:43","guid":{"rendered":"http:\/\/damas.laiglesiadelacomunidad.com\/?p=11319"},"modified":"2016-06-01T23:44:43","modified_gmt":"2016-06-02T04:44:43","slug":"estudio-miercoles-de-junio-del-2016","status":"publish","type":"post","link":"http:\/\/damas.laiglesiadelacomunidad.com\/?p=11319","title":{"rendered":"Estudio Mi\u00e9rcoles  de Junio del 2016"},"content":{"rendered":"<p>Gracias Padre por este bonito d\u00eda, gracias por la linda amistad que hemos gozado por muchos a\u00f1os, y por la armon\u00eda en la que vivimos en \u00e9sta comunidad, gracias por guardanos Padre. Gracias a todas por sus comentarios, por sus testimonios y por su buen sentido del humor \ud83d\ude42<\/p>\n<p>El estudio de hoy hizo referencia al mensaje del domingo, el tema fue: <strong>&#8220;El Por Qu\u00e9 de las Persecuciones&#8221;<\/strong>, la idea grande fue: <strong>&#8220;El evangelio causa conflicto, problemas y enemistad&#8221;<\/strong> y la aplicaci\u00f3n fue:<strong> &#8220;Tenemos que escoger seguir a Cristo no importa el costo&#8221;\u00a0<\/strong>vimos que las persecusiones pueden ocurrir por que damos mal testimonio vez tras vez tras vez y la gente no mira cambios en nosotros y muchas veces la persecusi\u00f3n es consecuencia de nuestros malos actos. Tambi\u00e9n la persecusi\u00f3n puede ocurrir por que nosotros somos embajadores del evangelio y a veces el evangelio molesta o trae disgusto a la gente y como consecuencia nos ganamos enemistades, problemas y hasta mal tratos.<\/p>\n<p>Como le\u00edmos hoy en la Biblia si vamos a seguir a Jes\u00fas, \u00c9l va a ser la causa de mucha de nuestras persecuciones, y Jes\u00fas nos advierte que la persecuci\u00f3n la recibiremos de personas que m\u00e1s queremos, por ejemplo de nuestros padres, nuestros hermanos, nuestras amistades de a\u00f1os y con los que hemos convivido tanto, pero como muy bien comentaron si nuestro Se\u00f1or Jesucristo sufri\u00f3 gran persecuci\u00f3n que fue perfecto pues con mucha m\u00e1s raz\u00f3n nos perseguiran a nosotras que no somos perfectas y el comentario que m\u00e1s me gusto fue; echemole ganas agarremos nuestra cruz y sigamos firmes hasta el final \ud83d\ude42<\/p>\n<p><span style=\"color: #ff0000;\"><span class=\"text Matt-10-34\"><sup class=\"versenum\">\u00a0<\/sup><strong>\u00bbNo piensen que he venido para traer paz a la tierra; no he venido para traer paz, sino espada.<\/strong><\/span><strong> <span id=\"es-RVC-23454\" class=\"text Matt-10-35\"><sup class=\"versenum\">\u00a0<\/sup>He venido para poner al hijo contra su padre, a la hija contra su madre, y a la nuera contra su suegra.<\/span> <span id=\"es-RVC-23455\" class=\"text Matt-10-36\">Los enemigos del hombre ser\u00e1n los de su casa.<\/span> <span id=\"es-RVC-23456\" class=\"text Matt-10-37\">El que ama a su padre o a su madre m\u00e1s que a m\u00ed, no es digno de m\u00ed. El que ama a su hijo o hija m\u00e1s que a m\u00ed, no es digno de m\u00ed.<\/span> <span id=\"es-RVC-23457\" class=\"text Matt-10-38\"><sup class=\"versenum\">\u00a0<\/sup>El que no toma su cruz y me sigue, no es digno de m\u00ed.<\/span> <\/strong><\/span><span id=\"es-RVC-23458\" class=\"text Matt-10-39\"><span style=\"color: #ff0000;\"><strong>El que halla su vida, la perder\u00e1; y el que pierde su vida por causa de m\u00ed, la hallar\u00e1<\/strong>.<\/span> Mateo 10:34-39<\/span><\/p>\n<p><em><span class=\"text 2Cor-2-14\"><sup class=\"versenum\">\u00a0<\/sup>Pero gracias a Dios, que en Cristo Jes\u00fas siempre nos hace salir triunfantes, y que por medio de nosotros manifiesta en todas partes el aroma de su conocimiento.<\/span> <span id=\"es-RVC-28841\" class=\"text 2Cor-2-15\">Ciertamente, para Dios somos el fragante aroma de Cristo, tanto en los que se salvan como en los que se pierden.<\/span><span id=\"es-RVC-28842\" class=\"text 2Cor-2-16\">Para \u00e9stos somos olor de muerte, que lleva a la muerte, y para aqu\u00e9llos somos olor de vida que lleva a la vida. \u00bfQui\u00e9n est\u00e1 calificado para una tarea tan importante?<\/span> <span id=\"es-RVC-28843\" class=\"text 2Cor-2-17\">Nosotros no somos como muchos, que negocian con la palabra de Dios, sino que hablamos de Cristo con sinceridad, como enviados por Dios, y en la presencia de Dios.<\/span><span class=\"text 2Cor-3-1\">\u00bfComenzamos otra vez a recomendarnos a nosotros mismos? \u00bfO tenemos acaso que presentarles a ustedes, o pedir de ustedes, cartas de recomendaci\u00f3n, como hacen algunos?<\/span> <span id=\"es-RVC-28845\" class=\"text 2Cor-3-2\"><sup class=\"versenum\">\u00a0<\/sup>Nuestras cartas son ustedes mismos, y fueron escritas en nuestro coraz\u00f3n, y son conocidas y le\u00eddas por todos.<\/span> <span id=\"es-RVC-28846\" class=\"text 2Cor-3-3\"><sup class=\"versenum\">\u00a0<\/sup>Es evidente que ustedes son una carta escrita por Cristo y expedida por nosotros; carta que no fue escrita con tinta sino con el Esp\u00edritu del Dios vivo, y no en tablas de piedra sino en las tablas de corazones que sienten.\u00a0<\/span><span id=\"es-RVC-28847\" class=\"text 2Cor-3-4\"><sup class=\"versenum\">\u00a0<\/sup>\u00c9sta es la confianza que tenemos ante Dios por medio de Cristo.<\/span> <span id=\"es-RVC-28848\" class=\"text 2Cor-3-5\">Y no es que nos creamos competentes por nosotros mismos, como si esta competencia nuestra surgiera de nuestra propia capacidad. Nuestra competencia proviene de Dios,<\/span> <span id=\"es-RVC-28849\" class=\"text 2Cor-3-6\">pues \u00e9l nos hizo ministros competentes de un nuevo pacto, no de la letra, sino del Esp\u00edritu; porque la letra mata, pero el Esp\u00edritu vivifica.\u00a0<\/span><span id=\"es-RVC-28850\" class=\"text 2Cor-3-7\">Si el ministerio que llevaba a la muerte, y cuya letra estaba grabada en piedra, fue tan glorioso que los hijos de Israel no pod\u00edan ni mirar el rostro de Mois\u00e9s debido al resplandor que su rostro reflejaba, aunque era un resplandor ef\u00edmero,<\/span> <span id=\"es-RVC-28851\" class=\"text 2Cor-3-8\">\u00bfno ser\u00e1 m\u00e1s glorioso a\u00fan el ministerio del Esp\u00edritu?<\/span> <span id=\"es-RVC-28852\" class=\"text 2Cor-3-9\">A decir verdad, si el ministerio de la condenaci\u00f3n fue glorioso, m\u00e1s glorioso a\u00fan ser\u00e1 el ministerio de la justificaci\u00f3n;<\/span> <span id=\"es-RVC-28853\" class=\"text 2Cor-3-10\"><sup class=\"versenum\">\u00a0<\/sup>Pues incluso lo que fue glorioso en su momento, ya no lo es tanto si se le compara con la gloria m\u00e1s excelsa.<\/span> <span id=\"es-RVC-28854\" class=\"text 2Cor-3-11\">Y si lo perecedero era glorioso, mucho m\u00e1s glorioso ser\u00e1 lo permanente.<\/span><span id=\"es-RVC-28855\" class=\"text 2Cor-3-12\"><sup class=\"versenum\">\u00a0<\/sup>Por lo tanto, como nosotros tenemos tal esperanza, actuamos con plena libertad.<\/span> <span id=\"es-RVC-28856\" class=\"text 2Cor-3-13\">No actuamos como Mois\u00e9s, que se cubr\u00eda el rostro con un velo para que los hijos de Israel no se fijaran en el fin de lo perecedero.<\/span> <span id=\"es-RVC-28857\" class=\"text 2Cor-3-14\"><sup class=\"versenum\">\u00a0<\/sup>Pero la mente de ellos se endureci\u00f3, y hasta el d\u00eda de hoy, cuando leen el antiguo pacto, llevan puesto el mismo velo, que solamente por medio de Cristo puede ser quitado.<\/span> <span id=\"es-RVC-28858\" class=\"text 2Cor-3-15\">Y aun hasta el d\u00eda de hoy, cuando leen a Mois\u00e9s, el velo les cubre el coraz\u00f3n;<\/span> <span id=\"es-RVC-28859\" class=\"text 2Cor-3-16\">pero ese velo les ser\u00e1 quitado cuando se conviertan al Se\u00f1or.<\/span> <span id=\"es-RVC-28860\" class=\"text 2Cor-3-17\"><sup class=\"versenum\">\u00a0<\/sup>Porque el Se\u00f1or es el Esp\u00edritu; y donde est\u00e1 el Esp\u00edritu del Se\u00f1or, all\u00ed hay libertad.<\/span> <span id=\"es-RVC-28861\" class=\"text 2Cor-3-18\">Por lo tanto, todos nosotros, que miramos la gloria del Se\u00f1or a cara descubierta, como en un espejo, somos transformados de gloria en gloria en la misma imagen, como por el Esp\u00edritu del Se\u00f1or.<\/span><span id=\"es-RVC-28862\" class=\"text 2Cor-4-1\">Por lo tanto, puesto que por la misericordia de Dios hemos recibido este ministerio, no nos desanimamos;<\/span> <span id=\"es-RVC-28863\" class=\"text 2Cor-4-2\"><sup class=\"versenum\">\u00a0<\/sup>por el contrario, renunciamos a lo oculto y vergonzoso, y no andamos con enga\u00f1os, ni falseamos la palabra de Dios, sino que por medio de la manifestaci\u00f3n de la verdad nos recomendamos a toda conciencia humana delante de Dios.<\/span> <span id=\"es-RVC-28864\" class=\"text 2Cor-4-3\"><sup class=\"versenum\">\u00a0<\/sup>Pero si nuestro evangelio est\u00e1 a\u00fan encubierto, lo est\u00e1 entre los que se pierden;<\/span><span id=\"es-RVC-28865\" class=\"text 2Cor-4-4\"><sup class=\"versenum\">\u00a0<\/sup>pues como ellos no creen, el dios de este siglo les ha cegado el entendimiento para que no resplandezca en ellos la luz del evangelio de la gloria de Cristo, el cual es la imagen de Dios.<\/span> <span id=\"es-RVC-28866\" class=\"text 2Cor-4-5\">Nosotros no nos predicamos a nosotros mismos, sino que proclamamos a Jesucristo como Se\u00f1or, y nos declaramos siervos de ustedes por amor a Jes\u00fas.<span style=\"font-size: 12px; line-height: 0px;\">\u00a0<\/span><\/span><\/em><span id=\"es-RVC-28867\" class=\"text 2Cor-4-6\"><em>Porque Dios, que mand\u00f3 que de las tinieblas surgiera la luz, es quien brill\u00f3 en nuestros corazones para que se revelara el conocimiento de la gloria de Dios en el rostro de Jesucristo<\/em>. 2 Corintios \u00a02:14- 4:6<\/span><\/p>\n<p>Se\u00f1or gracias por las persecuciones que recibimos en tu nombre, te pedimos que nos sigas llenando de Tu Esp\u00edritu Santo y de Valor para poder tomar nuestra cruz y seguirte, te lo pedimos en nombre de nuestro Se\u00f1or Jesucristo. Am\u00e9n.<\/p>\n<p>Que Dios las bendiga \ud83d\ude42<\/p>\n<p>Jackie C.<\/p>\n<p><a href=\"http:\/\/damas.laiglesiadelacomunidad.com\/?attachment_id=11320\" rel=\"attachment wp-att-11320\"><img loading=\"lazy\" decoding=\"async\" class=\"alignnone size-full wp-image-11320\" src=\"http:\/\/damas.laiglesiadelacomunidad.com\/wp-content\/uploads\/2016\/06\/2016-06-01-22.02.38.jpg\" alt=\"2016-06-01 22.02.38\" width=\"1328\" height=\"747\" srcset=\"http:\/\/damas.laiglesiadelacomunidad.com\/wp-content\/uploads\/2016\/06\/2016-06-01-22.02.38.jpg 1328w, http:\/\/damas.laiglesiadelacomunidad.com\/wp-content\/uploads\/2016\/06\/2016-06-01-22.02.38-300x169.jpg 300w, http:\/\/damas.laiglesiadelacomunidad.com\/wp-content\/uploads\/2016\/06\/2016-06-01-22.02.38-768x432.jpg 768w, http:\/\/damas.laiglesiadelacomunidad.com\/wp-content\/uploads\/2016\/06\/2016-06-01-22.02.38-1024x576.jpg 1024w\" sizes=\"(max-width: 1328px) 100vw, 1328px\" \/><\/a> <a href=\"http:\/\/damas.laiglesiadelacomunidad.com\/?attachment_id=11321\" rel=\"attachment wp-att-11321\"><img loading=\"lazy\" decoding=\"async\" class=\"alignnone size-full wp-image-11321\" src=\"http:\/\/damas.laiglesiadelacomunidad.com\/wp-content\/uploads\/2016\/06\/2016-06-01-22.02.41.jpg\" alt=\"2016-06-01 22.02.41\" width=\"1328\" height=\"747\" srcset=\"http:\/\/damas.laiglesiadelacomunidad.com\/wp-content\/uploads\/2016\/06\/2016-06-01-22.02.41.jpg 1328w, http:\/\/damas.laiglesiadelacomunidad.com\/wp-content\/uploads\/2016\/06\/2016-06-01-22.02.41-300x169.jpg 300w, http:\/\/damas.laiglesiadelacomunidad.com\/wp-content\/uploads\/2016\/06\/2016-06-01-22.02.41-768x432.jpg 768w, http:\/\/damas.laiglesiadelacomunidad.com\/wp-content\/uploads\/2016\/06\/2016-06-01-22.02.41-1024x576.jpg 1024w\" sizes=\"(max-width: 1328px) 100vw, 1328px\" \/><\/a> <a href=\"http:\/\/damas.laiglesiadelacomunidad.com\/?attachment_id=11322\" rel=\"attachment wp-att-11322\"><img loading=\"lazy\" decoding=\"async\" class=\"alignnone size-full wp-image-11322\" src=\"http:\/\/damas.laiglesiadelacomunidad.com\/wp-content\/uploads\/2016\/06\/2016-06-01-22.02.44.jpg\" alt=\"2016-06-01 22.02.44\" width=\"1328\" height=\"747\" srcset=\"http:\/\/damas.laiglesiadelacomunidad.com\/wp-content\/uploads\/2016\/06\/2016-06-01-22.02.44.jpg 1328w, http:\/\/damas.laiglesiadelacomunidad.com\/wp-content\/uploads\/2016\/06\/2016-06-01-22.02.44-300x169.jpg 300w, http:\/\/damas.laiglesiadelacomunidad.com\/wp-content\/uploads\/2016\/06\/2016-06-01-22.02.44-768x432.jpg 768w, http:\/\/damas.laiglesiadelacomunidad.com\/wp-content\/uploads\/2016\/06\/2016-06-01-22.02.44-1024x576.jpg 1024w\" sizes=\"(max-width: 1328px) 100vw, 1328px\" \/><\/a> <a href=\"http:\/\/damas.laiglesiadelacomunidad.com\/?attachment_id=11323\" rel=\"attachment wp-att-11323\"><img loading=\"lazy\" decoding=\"async\" class=\"alignnone size-full wp-image-11323\" src=\"http:\/\/damas.laiglesiadelacomunidad.com\/wp-content\/uploads\/2016\/06\/2016-06-01-22.02.46.jpg\" alt=\"2016-06-01 22.02.46\" width=\"1328\" height=\"747\" srcset=\"http:\/\/damas.laiglesiadelacomunidad.com\/wp-content\/uploads\/2016\/06\/2016-06-01-22.02.46.jpg 1328w, http:\/\/damas.laiglesiadelacomunidad.com\/wp-content\/uploads\/2016\/06\/2016-06-01-22.02.46-300x169.jpg 300w, http:\/\/damas.laiglesiadelacomunidad.com\/wp-content\/uploads\/2016\/06\/2016-06-01-22.02.46-768x432.jpg 768w, http:\/\/damas.laiglesiadelacomunidad.com\/wp-content\/uploads\/2016\/06\/2016-06-01-22.02.46-1024x576.jpg 1024w\" sizes=\"(max-width: 1328px) 100vw, 1328px\" \/><\/a> <a href=\"http:\/\/damas.laiglesiadelacomunidad.com\/?attachment_id=11324\" rel=\"attachment wp-att-11324\"><img loading=\"lazy\" decoding=\"async\" class=\"alignnone size-full wp-image-11324\" src=\"http:\/\/damas.laiglesiadelacomunidad.com\/wp-content\/uploads\/2016\/06\/2016-06-01-22.02.49.jpg\" alt=\"2016-06-01 22.02.49\" width=\"1328\" height=\"747\" srcset=\"http:\/\/damas.laiglesiadelacomunidad.com\/wp-content\/uploads\/2016\/06\/2016-06-01-22.02.49.jpg 1328w, http:\/\/damas.laiglesiadelacomunidad.com\/wp-content\/uploads\/2016\/06\/2016-06-01-22.02.49-300x169.jpg 300w, http:\/\/damas.laiglesiadelacomunidad.com\/wp-content\/uploads\/2016\/06\/2016-06-01-22.02.49-768x432.jpg 768w, http:\/\/damas.laiglesiadelacomunidad.com\/wp-content\/uploads\/2016\/06\/2016-06-01-22.02.49-1024x576.jpg 1024w\" sizes=\"(max-width: 1328px) 100vw, 1328px\" \/><\/a> <a href=\"http:\/\/damas.laiglesiadelacomunidad.com\/?attachment_id=11325\" rel=\"attachment wp-att-11325\"><img loading=\"lazy\" decoding=\"async\" class=\"alignnone size-full wp-image-11325\" src=\"http:\/\/damas.laiglesiadelacomunidad.com\/wp-content\/uploads\/2016\/06\/2016-06-01-22.02.52.jpg\" alt=\"2016-06-01 22.02.52\" width=\"1328\" height=\"747\" srcset=\"http:\/\/damas.laiglesiadelacomunidad.com\/wp-content\/uploads\/2016\/06\/2016-06-01-22.02.52.jpg 1328w, http:\/\/damas.laiglesiadelacomunidad.com\/wp-content\/uploads\/2016\/06\/2016-06-01-22.02.52-300x169.jpg 300w, http:\/\/damas.laiglesiadelacomunidad.com\/wp-content\/uploads\/2016\/06\/2016-06-01-22.02.52-768x432.jpg 768w, http:\/\/damas.laiglesiadelacomunidad.com\/wp-content\/uploads\/2016\/06\/2016-06-01-22.02.52-1024x576.jpg 1024w\" sizes=\"(max-width: 1328px) 100vw, 1328px\" \/><\/a> <a href=\"http:\/\/damas.laiglesiadelacomunidad.com\/?attachment_id=11326\" rel=\"attachment wp-att-11326\"><img loading=\"lazy\" decoding=\"async\" class=\"alignnone size-full wp-image-11326\" src=\"http:\/\/damas.laiglesiadelacomunidad.com\/wp-content\/uploads\/2016\/06\/2016-06-01-22.02.55.jpg\" alt=\"2016-06-01 22.02.55\" width=\"1328\" height=\"747\" srcset=\"http:\/\/damas.laiglesiadelacomunidad.com\/wp-content\/uploads\/2016\/06\/2016-06-01-22.02.55.jpg 1328w, http:\/\/damas.laiglesiadelacomunidad.com\/wp-content\/uploads\/2016\/06\/2016-06-01-22.02.55-300x169.jpg 300w, http:\/\/damas.laiglesiadelacomunidad.com\/wp-content\/uploads\/2016\/06\/2016-06-01-22.02.55-768x432.jpg 768w, http:\/\/damas.laiglesiadelacomunidad.com\/wp-content\/uploads\/2016\/06\/2016-06-01-22.02.55-1024x576.jpg 1024w\" sizes=\"(max-width: 1328px) 100vw, 1328px\" \/><\/a> <a href=\"http:\/\/damas.laiglesiadelacomunidad.com\/?attachment_id=11327\" rel=\"attachment wp-att-11327\"><img loading=\"lazy\" decoding=\"async\" class=\"alignnone size-full wp-image-11327\" src=\"http:\/\/damas.laiglesiadelacomunidad.com\/wp-content\/uploads\/2016\/06\/2016-06-01-23.09.25.jpg\" alt=\"2016-06-01 23.09.25\" width=\"1080\" height=\"1551\" srcset=\"http:\/\/damas.laiglesiadelacomunidad.com\/wp-content\/uploads\/2016\/06\/2016-06-01-23.09.25.jpg 1080w, http:\/\/damas.laiglesiadelacomunidad.com\/wp-content\/uploads\/2016\/06\/2016-06-01-23.09.25-209x300.jpg 209w, http:\/\/damas.laiglesiadelacomunidad.com\/wp-content\/uploads\/2016\/06\/2016-06-01-23.09.25-768x1103.jpg 768w, http:\/\/damas.laiglesiadelacomunidad.com\/wp-content\/uploads\/2016\/06\/2016-06-01-23.09.25-713x1024.jpg 713w\" sizes=\"(max-width: 1080px) 100vw, 1080px\" \/><\/a><\/p>\n","protected":false},"excerpt":{"rendered":"<p>Gracias Padre por este bonito d\u00eda, gracias por la linda amistad que hemos gozado por muchos a\u00f1os, y por la armon\u00eda en la que vivimos en \u00e9sta comunidad, gracias por guardanos Padre. Gracias a todas por sus comentarios, por sus testimonios y por su buen sentido del humor \ud83d\ude42 El estudio de hoy hizo referencia &hellip; <a href=\"http:\/\/damas.laiglesiadelacomunidad.com\/?p=11319\" class=\"more-link\">Continue reading <span class=\"screen-reader-text\">Estudio Mi\u00e9rcoles  de Junio del 2016<\/span> <span class=\"meta-nav\">&rarr;<\/span><\/a><\/p>\n","protected":false},"author":2,"featured_media":0,"comment_status":"open","ping_status":"open","sticky":false,"template":"","format":"gallery","meta":{"footnotes":""},"categories":[6],"tags":[],"_links":{"self":[{"href":"http:\/\/damas.laiglesiadelacomunidad.com\/index.php?rest_route=\/wp\/v2\/posts\/11319"}],"collection":[{"href":"http:\/\/damas.laiglesiadelacomunidad.com\/index.php?rest_route=\/wp\/v2\/posts"}],"about":[{"href":"http:\/\/damas.laiglesiadelacomunidad.com\/index.php?rest_route=\/wp\/v2\/types\/post"}],"author":[{"embeddable":true,"href":"http:\/\/damas.laiglesiadelacomunidad.com\/index.php?rest_route=\/wp\/v2\/users\/2"}],"replies":[{"embeddable":true,"href":"http:\/\/damas.laiglesiadelacomunidad.com\/index.php?rest_route=%2Fwp%2Fv2%2Fcomments&post=11319"}],"version-history":[{"count":1,"href":"http:\/\/damas.laiglesiadelacomunidad.com\/index.php?rest_route=\/wp\/v2\/posts\/11319\/revisions"}],"predecessor-version":[{"id":11328,"href":"http:\/\/damas.laiglesiadelacomunidad.com\/index.php?rest_route=\/wp\/v2\/posts\/11319\/revisions\/11328"}],"wp:attachment":[{"href":"http:\/\/damas.laiglesiadelacomunidad.com\/index.php?rest_route=%2Fwp%2Fv2%2Fmedia&parent=11319"}],"wp:term":[{"taxonomy":"category","embeddable":true,"href":"http:\/\/damas.laiglesiadelacomunidad.com\/index.php?rest_route=%2Fwp%2Fv2%2Fcategories&post=11319"},{"taxonomy":"post_tag","embeddable":true,"href":"http:\/\/damas.laiglesiadelacomunidad.com\/index.php?rest_route=%2Fwp%2Fv2%2Ftags&post=11319"}],"curies":[{"name":"wp","href":"https:\/\/api.w.org\/{rel}","templated":true}]}}