{"id":11292,"date":"2016-05-29T22:52:28","date_gmt":"2016-05-30T03:52:28","guid":{"rendered":"http:\/\/damas.laiglesiadelacomunidad.com\/?p=11292"},"modified":"2016-05-29T22:52:28","modified_gmt":"2016-05-30T03:52:28","slug":"reunion-domingo-29-de-mayo-del-2016","status":"publish","type":"post","link":"http:\/\/damas.laiglesiadelacomunidad.com\/?p=11292","title":{"rendered":"Reuni\u00f3n domingo 29 de Mayo del 2016."},"content":{"rendered":"<p>Gracias Se\u00f1or por otra excelente noche, gracias por darnos el privilegio de adorarte, alabarte, escuchar tu palabra y de pasar unos momentos agradables en comunidad, gracias por unirnos y fortalecernos, gracias por tanto gozo que nos regalas Padre, gracias por todos los voluntarios, cantante, m\u00fasicos y por nuestras lindas maestras \ud83d\ude42<\/p>\n<p>Seguimos estudiando la vida de Jes\u00fas seg\u00fan el evangelio de Mateo, estos domingos hemos estado hablando del tema de la persecusi\u00f3n, Jes\u00fas nos entrena muy bien en que hacer y como tomar la persecusi\u00f3n y nos ense\u00f1a de donde vamos a recibir la persecusi\u00f3n. El tema de hoy fue: <strong>&#8220;El por qu\u00e9 de las persecusiones&#8221;\u00a0<\/strong>la idea grande de hoy fue: <strong>&#8220;El evangelio produce conflicto, problemas y enemistad&#8221;\u00a0<\/strong>Cuando nosotros tomamos la decisi\u00f3n de seguir a Jes\u00fas por arrepentirno y bautizarnos pensamos que tendremos una mejor vida aqu\u00ed en la tierra, Dios nos tranforma y nos hace mejores personas y por ser mejores persona le vamos a caer bien a la gente, en parte es cierto, si nos quedamos sentados y no proclamamos el evangelio es muy cierto, le vamos a caer bien a muchos pero no estaremos obedeciendo a Dios.<\/p>\n<p>Jes\u00fas nos ense\u00f1a y nos advierte que por proclamar el evangelio sucederan eventos en nuestra vida que no van a ser muy favorables pero que lo tenemos que hacer, predicar el evangelio a no cristianos y a cristianos que no quieren escuchar la verdad van a producir muchas veces enemistades, por experiencia propia vemos como hablar la verdad en amor produce rechazo, conflictos a\u00fan con la familia, enemistades, vemos como cristianos abandonan la iglesia y hasta nos dejan de\u00a0hablar por haberlos confrontado con la verdad B\u00edblica. Pero a pesar de todo eso Jes\u00fas nos advierte que tenemos que seguir proclamando el evangelio, porque el no hacerlo trae consecuencias y el hacerlo trae un gran galard\u00f3n.<\/p>\n<p><span id=\"es-RVC-28841\" class=\"text 2Cor-2-15\"><sup class=\"versenum\">\u00a0<\/sup><strong>Ciertamente, para Dios somos el fragante aroma de Cristo, tanto en los que se salvan como en los que se pierden.<\/strong><\/span> <span id=\"es-RVC-28842\" class=\"text 2Cor-2-16\"><strong><sup class=\"versenum\">\u00a0<\/sup>Para \u00e9stos somos olor de muerte, que lleva a la muerte, y para aqu\u00e9llos somos olor de vida que lleva a la vida. \u00bfQui\u00e9n est\u00e1 calificado para una tarea tan importante?<\/strong> 2 Corintios 2:15-16<\/span><\/p>\n<p><span style=\"color: #ff0000;\"><strong><span class=\"text Matt-10-34\">\u00bbNo piensen que he venido para traer paz a la tierra; no he venido para traer paz, sino espada.<\/span> <span id=\"es-RVC-23454\" class=\"text Matt-10-35\">He venido para poner al hijo contra su padre, a la hija contra su madre, y a la nuera contra su suegra.<\/span> <span id=\"es-RVC-23455\" class=\"text Matt-10-36\"><sup class=\"versenum\">\u00a0<\/sup>Los enemigos del hombre ser\u00e1n los de su casa.<\/span> <span id=\"es-RVC-23456\" class=\"text Matt-10-37\"><sup class=\"versenum\">\u00a0<\/sup>El que ama a su padre o a su madre m\u00e1s que a m\u00ed, no es digno de m\u00ed. El que ama a su hijo o hija m\u00e1s que a m\u00ed, no es digno de m\u00ed.<\/span> <span id=\"es-RVC-23457\" class=\"text Matt-10-38\"><sup class=\"versenum\">\u00a0<\/sup>El que no toma su cruz y me sigue, no es digno de m\u00ed.<\/span> <\/strong><\/span><span id=\"es-RVC-23458\" class=\"text Matt-10-39\"><span style=\"color: #ff0000;\"><strong><sup class=\"versenum\">\u00a0<\/sup>El que halla su vida, la perder\u00e1; y el que pierde su vida por causa de m\u00ed, la hallar\u00e1<\/strong><\/span>. Mateo 10:34-39<\/span><\/p>\n<p><span style=\"color: #ff0000;\"><strong><span class=\"text Luke-14-25\">Como grandes multitudes lo segu\u00edan, Jes\u00fas se volvi\u00f3 a ellos y les dijo:<\/span><span id=\"es-RVC-25581\" class=\"text Luke-14-26\"><sup class=\"versenum\">\u00a0<\/sup>\u00abSi alguno viene a m\u00ed, y no renuncia a su padre y a su madre, ni a su mujer y sus hijos, ni a sus hermanos y hermanas, y ni siquiera a su propia vida, no puede ser mi disc\u00edpulo.<\/span> <\/strong><\/span><span id=\"es-RVC-25582\" class=\"text Luke-14-27\"><span style=\"color: #ff0000;\"><strong><sup class=\"versenum\">\u00a0<\/sup>Y el que no toma su cruz y me sigue, no puede ser mi disc\u00edpulo.<\/strong><\/span> Lucas 14:15-27<\/span><\/p>\n<p>Se\u00f1or de nuevo gracias por todo lo que haces por nosotros, por tantas bendiciones, por tantos embarazos que llegan a feliz t\u00e9rmino, te pedimos que nos sigas bendiciendo, sobre todo que nos bendigas con valor para hablar del evangelio a pesar de sufrir persecusi\u00f3n, te lo pedimos en nombre de Jesucristo nuestro Se\u00f1or, Am\u00e9n.<\/p>\n<p>Que Dios la bendiga y disfruten su semana.<\/p>\n<p>Las quiero mucho;<\/p>\n<p>Jackie C.<\/p>\n<p><a href=\"http:\/\/damas.laiglesiadelacomunidad.com\/?attachment_id=11293\" rel=\"attachment wp-att-11293\"><img loading=\"lazy\" decoding=\"async\" class=\"alignnone size-full wp-image-11293\" src=\"http:\/\/damas.laiglesiadelacomunidad.com\/wp-content\/uploads\/2016\/05\/2016-05-29-22.10.36.jpg\" alt=\"2016-05-29 22.10.36\" width=\"1200\" height=\"1600\" srcset=\"http:\/\/damas.laiglesiadelacomunidad.com\/wp-content\/uploads\/2016\/05\/2016-05-29-22.10.36.jpg 1200w, http:\/\/damas.laiglesiadelacomunidad.com\/wp-content\/uploads\/2016\/05\/2016-05-29-22.10.36-225x300.jpg 225w, http:\/\/damas.laiglesiadelacomunidad.com\/wp-content\/uploads\/2016\/05\/2016-05-29-22.10.36-768x1024.jpg 768w\" sizes=\"(max-width: 1200px) 100vw, 1200px\" \/><\/a> <a href=\"http:\/\/damas.laiglesiadelacomunidad.com\/?attachment_id=11294\" rel=\"attachment wp-att-11294\"><img loading=\"lazy\" decoding=\"async\" class=\"alignnone size-full wp-image-11294\" src=\"http:\/\/damas.laiglesiadelacomunidad.com\/wp-content\/uploads\/2016\/05\/2016-05-29-22.10.44.jpg\" alt=\"2016-05-29 22.10.44\" width=\"1200\" height=\"1600\" srcset=\"http:\/\/damas.laiglesiadelacomunidad.com\/wp-content\/uploads\/2016\/05\/2016-05-29-22.10.44.jpg 1200w, http:\/\/damas.laiglesiadelacomunidad.com\/wp-content\/uploads\/2016\/05\/2016-05-29-22.10.44-225x300.jpg 225w, http:\/\/damas.laiglesiadelacomunidad.com\/wp-content\/uploads\/2016\/05\/2016-05-29-22.10.44-768x1024.jpg 768w\" sizes=\"(max-width: 1200px) 100vw, 1200px\" \/><\/a> <a href=\"http:\/\/damas.laiglesiadelacomunidad.com\/?attachment_id=11295\" rel=\"attachment wp-att-11295\"><img loading=\"lazy\" decoding=\"async\" class=\"alignnone size-full wp-image-11295\" src=\"http:\/\/damas.laiglesiadelacomunidad.com\/wp-content\/uploads\/2016\/05\/2016-05-29-22.10.48.jpg\" alt=\"2016-05-29 22.10.48\" width=\"1200\" height=\"1600\" srcset=\"http:\/\/damas.laiglesiadelacomunidad.com\/wp-content\/uploads\/2016\/05\/2016-05-29-22.10.48.jpg 1200w, http:\/\/damas.laiglesiadelacomunidad.com\/wp-content\/uploads\/2016\/05\/2016-05-29-22.10.48-225x300.jpg 225w, http:\/\/damas.laiglesiadelacomunidad.com\/wp-content\/uploads\/2016\/05\/2016-05-29-22.10.48-768x1024.jpg 768w\" sizes=\"(max-width: 1200px) 100vw, 1200px\" \/><\/a> <a href=\"http:\/\/damas.laiglesiadelacomunidad.com\/?attachment_id=11296\" rel=\"attachment wp-att-11296\"><img loading=\"lazy\" decoding=\"async\" class=\"alignnone size-full wp-image-11296\" src=\"http:\/\/damas.laiglesiadelacomunidad.com\/wp-content\/uploads\/2016\/05\/2016-05-29-22.10.53.jpg\" alt=\"2016-05-29 22.10.53\" width=\"1200\" height=\"1600\" srcset=\"http:\/\/damas.laiglesiadelacomunidad.com\/wp-content\/uploads\/2016\/05\/2016-05-29-22.10.53.jpg 1200w, http:\/\/damas.laiglesiadelacomunidad.com\/wp-content\/uploads\/2016\/05\/2016-05-29-22.10.53-225x300.jpg 225w, http:\/\/damas.laiglesiadelacomunidad.com\/wp-content\/uploads\/2016\/05\/2016-05-29-22.10.53-768x1024.jpg 768w\" sizes=\"(max-width: 1200px) 100vw, 1200px\" \/><\/a> <a href=\"http:\/\/damas.laiglesiadelacomunidad.com\/?attachment_id=11297\" rel=\"attachment wp-att-11297\"><img loading=\"lazy\" decoding=\"async\" class=\"alignnone size-full wp-image-11297\" src=\"http:\/\/damas.laiglesiadelacomunidad.com\/wp-content\/uploads\/2016\/05\/2016-05-29-22.10.57.jpg\" alt=\"2016-05-29 22.10.57\" width=\"1200\" height=\"1600\" srcset=\"http:\/\/damas.laiglesiadelacomunidad.com\/wp-content\/uploads\/2016\/05\/2016-05-29-22.10.57.jpg 1200w, http:\/\/damas.laiglesiadelacomunidad.com\/wp-content\/uploads\/2016\/05\/2016-05-29-22.10.57-225x300.jpg 225w, http:\/\/damas.laiglesiadelacomunidad.com\/wp-content\/uploads\/2016\/05\/2016-05-29-22.10.57-768x1024.jpg 768w\" sizes=\"(max-width: 1200px) 100vw, 1200px\" \/><\/a> <a href=\"http:\/\/damas.laiglesiadelacomunidad.com\/?attachment_id=11298\" rel=\"attachment wp-att-11298\"><img loading=\"lazy\" decoding=\"async\" class=\"alignnone size-full wp-image-11298\" src=\"http:\/\/damas.laiglesiadelacomunidad.com\/wp-content\/uploads\/2016\/05\/2016-05-29-22.11.01.jpg\" alt=\"2016-05-29 22.11.01\" width=\"1200\" height=\"1600\" srcset=\"http:\/\/damas.laiglesiadelacomunidad.com\/wp-content\/uploads\/2016\/05\/2016-05-29-22.11.01.jpg 1200w, http:\/\/damas.laiglesiadelacomunidad.com\/wp-content\/uploads\/2016\/05\/2016-05-29-22.11.01-225x300.jpg 225w, http:\/\/damas.laiglesiadelacomunidad.com\/wp-content\/uploads\/2016\/05\/2016-05-29-22.11.01-768x1024.jpg 768w\" sizes=\"(max-width: 1200px) 100vw, 1200px\" \/><\/a> <a href=\"http:\/\/damas.laiglesiadelacomunidad.com\/?attachment_id=11299\" rel=\"attachment wp-att-11299\"><img loading=\"lazy\" decoding=\"async\" class=\"alignnone size-full wp-image-11299\" src=\"http:\/\/damas.laiglesiadelacomunidad.com\/wp-content\/uploads\/2016\/05\/2016-05-29-22.11.08.jpg\" alt=\"2016-05-29 22.11.08\" width=\"1200\" height=\"1600\" srcset=\"http:\/\/damas.laiglesiadelacomunidad.com\/wp-content\/uploads\/2016\/05\/2016-05-29-22.11.08.jpg 1200w, http:\/\/damas.laiglesiadelacomunidad.com\/wp-content\/uploads\/2016\/05\/2016-05-29-22.11.08-225x300.jpg 225w, http:\/\/damas.laiglesiadelacomunidad.com\/wp-content\/uploads\/2016\/05\/2016-05-29-22.11.08-768x1024.jpg 768w\" sizes=\"(max-width: 1200px) 100vw, 1200px\" \/><\/a> <a href=\"http:\/\/damas.laiglesiadelacomunidad.com\/?attachment_id=11300\" rel=\"attachment wp-att-11300\"><img loading=\"lazy\" decoding=\"async\" class=\"alignnone size-full wp-image-11300\" src=\"http:\/\/damas.laiglesiadelacomunidad.com\/wp-content\/uploads\/2016\/05\/2016-05-29-22.11.14.jpg\" alt=\"2016-05-29 22.11.14\" width=\"1200\" height=\"1600\" srcset=\"http:\/\/damas.laiglesiadelacomunidad.com\/wp-content\/uploads\/2016\/05\/2016-05-29-22.11.14.jpg 1200w, http:\/\/damas.laiglesiadelacomunidad.com\/wp-content\/uploads\/2016\/05\/2016-05-29-22.11.14-225x300.jpg 225w, http:\/\/damas.laiglesiadelacomunidad.com\/wp-content\/uploads\/2016\/05\/2016-05-29-22.11.14-768x1024.jpg 768w\" sizes=\"(max-width: 1200px) 100vw, 1200px\" \/><\/a> <a href=\"http:\/\/damas.laiglesiadelacomunidad.com\/?attachment_id=11301\" rel=\"attachment wp-att-11301\"><img loading=\"lazy\" decoding=\"async\" class=\"alignnone size-full wp-image-11301\" src=\"http:\/\/damas.laiglesiadelacomunidad.com\/wp-content\/uploads\/2016\/05\/2016-05-29-22.11.26.jpg\" alt=\"2016-05-29 22.11.26\" width=\"1200\" height=\"1600\" srcset=\"http:\/\/damas.laiglesiadelacomunidad.com\/wp-content\/uploads\/2016\/05\/2016-05-29-22.11.26.jpg 1200w, http:\/\/damas.laiglesiadelacomunidad.com\/wp-content\/uploads\/2016\/05\/2016-05-29-22.11.26-225x300.jpg 225w, http:\/\/damas.laiglesiadelacomunidad.com\/wp-content\/uploads\/2016\/05\/2016-05-29-22.11.26-768x1024.jpg 768w\" sizes=\"(max-width: 1200px) 100vw, 1200px\" \/><\/a> <a href=\"http:\/\/damas.laiglesiadelacomunidad.com\/?attachment_id=11302\" rel=\"attachment wp-att-11302\"><img loading=\"lazy\" decoding=\"async\" class=\"alignnone size-full wp-image-11302\" src=\"http:\/\/damas.laiglesiadelacomunidad.com\/wp-content\/uploads\/2016\/05\/2016-05-29-22.11.33.jpg\" alt=\"2016-05-29 22.11.33\" width=\"1200\" height=\"1600\" srcset=\"http:\/\/damas.laiglesiadelacomunidad.com\/wp-content\/uploads\/2016\/05\/2016-05-29-22.11.33.jpg 1200w, http:\/\/damas.laiglesiadelacomunidad.com\/wp-content\/uploads\/2016\/05\/2016-05-29-22.11.33-225x300.jpg 225w, http:\/\/damas.laiglesiadelacomunidad.com\/wp-content\/uploads\/2016\/05\/2016-05-29-22.11.33-768x1024.jpg 768w\" sizes=\"(max-width: 1200px) 100vw, 1200px\" \/><\/a> <a href=\"http:\/\/damas.laiglesiadelacomunidad.com\/?attachment_id=11303\" rel=\"attachment wp-att-11303\"><img loading=\"lazy\" decoding=\"async\" class=\"alignnone size-full wp-image-11303\" src=\"http:\/\/damas.laiglesiadelacomunidad.com\/wp-content\/uploads\/2016\/05\/2016-05-29-22.40.59.jpg\" alt=\"2016-05-29 22.40.59\" width=\"1328\" height=\"747\" srcset=\"http:\/\/damas.laiglesiadelacomunidad.com\/wp-content\/uploads\/2016\/05\/2016-05-29-22.40.59.jpg 1328w, http:\/\/damas.laiglesiadelacomunidad.com\/wp-content\/uploads\/2016\/05\/2016-05-29-22.40.59-300x169.jpg 300w, http:\/\/damas.laiglesiadelacomunidad.com\/wp-content\/uploads\/2016\/05\/2016-05-29-22.40.59-768x432.jpg 768w, http:\/\/damas.laiglesiadelacomunidad.com\/wp-content\/uploads\/2016\/05\/2016-05-29-22.40.59-1024x576.jpg 1024w\" sizes=\"(max-width: 1328px) 100vw, 1328px\" \/><\/a> <a href=\"http:\/\/damas.laiglesiadelacomunidad.com\/?attachment_id=11304\" rel=\"attachment wp-att-11304\"><img loading=\"lazy\" decoding=\"async\" class=\"alignnone size-full wp-image-11304\" src=\"http:\/\/damas.laiglesiadelacomunidad.com\/wp-content\/uploads\/2016\/05\/2016-05-29-22.41.05.jpg\" alt=\"2016-05-29 22.41.05\" width=\"747\" height=\"1328\" srcset=\"http:\/\/damas.laiglesiadelacomunidad.com\/wp-content\/uploads\/2016\/05\/2016-05-29-22.41.05.jpg 747w, http:\/\/damas.laiglesiadelacomunidad.com\/wp-content\/uploads\/2016\/05\/2016-05-29-22.41.05-169x300.jpg 169w, http:\/\/damas.laiglesiadelacomunidad.com\/wp-content\/uploads\/2016\/05\/2016-05-29-22.41.05-576x1024.jpg 576w\" sizes=\"(max-width: 747px) 100vw, 747px\" \/><\/a><\/p>\n","protected":false},"excerpt":{"rendered":"<p>Gracias Se\u00f1or por otra excelente noche, gracias por darnos el privilegio de adorarte, alabarte, escuchar tu palabra y de pasar unos momentos agradables en comunidad, gracias por unirnos y fortalecernos, gracias por tanto gozo que nos regalas Padre, gracias por todos los voluntarios, cantante, m\u00fasicos y por nuestras lindas maestras \ud83d\ude42 Seguimos estudiando la vida &hellip; <a href=\"http:\/\/damas.laiglesiadelacomunidad.com\/?p=11292\" class=\"more-link\">Continue reading <span class=\"screen-reader-text\">Reuni\u00f3n domingo 29 de Mayo del 2016.<\/span> <span class=\"meta-nav\">&rarr;<\/span><\/a><\/p>\n","protected":false},"author":2,"featured_media":0,"comment_status":"open","ping_status":"open","sticky":false,"template":"","format":"gallery","meta":{"footnotes":""},"categories":[7],"tags":[],"_links":{"self":[{"href":"http:\/\/damas.laiglesiadelacomunidad.com\/index.php?rest_route=\/wp\/v2\/posts\/11292"}],"collection":[{"href":"http:\/\/damas.laiglesiadelacomunidad.com\/index.php?rest_route=\/wp\/v2\/posts"}],"about":[{"href":"http:\/\/damas.laiglesiadelacomunidad.com\/index.php?rest_route=\/wp\/v2\/types\/post"}],"author":[{"embeddable":true,"href":"http:\/\/damas.laiglesiadelacomunidad.com\/index.php?rest_route=\/wp\/v2\/users\/2"}],"replies":[{"embeddable":true,"href":"http:\/\/damas.laiglesiadelacomunidad.com\/index.php?rest_route=%2Fwp%2Fv2%2Fcomments&post=11292"}],"version-history":[{"count":1,"href":"http:\/\/damas.laiglesiadelacomunidad.com\/index.php?rest_route=\/wp\/v2\/posts\/11292\/revisions"}],"predecessor-version":[{"id":11305,"href":"http:\/\/damas.laiglesiadelacomunidad.com\/index.php?rest_route=\/wp\/v2\/posts\/11292\/revisions\/11305"}],"wp:attachment":[{"href":"http:\/\/damas.laiglesiadelacomunidad.com\/index.php?rest_route=%2Fwp%2Fv2%2Fmedia&parent=11292"}],"wp:term":[{"taxonomy":"category","embeddable":true,"href":"http:\/\/damas.laiglesiadelacomunidad.com\/index.php?rest_route=%2Fwp%2Fv2%2Fcategories&post=11292"},{"taxonomy":"post_tag","embeddable":true,"href":"http:\/\/damas.laiglesiadelacomunidad.com\/index.php?rest_route=%2Fwp%2Fv2%2Ftags&post=11292"}],"curies":[{"name":"wp","href":"https:\/\/api.w.org\/{rel}","templated":true}]}}