{"id":11269,"date":"2016-05-25T22:38:39","date_gmt":"2016-05-26T03:38:39","guid":{"rendered":"http:\/\/damas.laiglesiadelacomunidad.com\/?p=11269"},"modified":"2016-05-27T22:29:09","modified_gmt":"2016-05-28T03:29:09","slug":"estudio-miercoles-25-de-mayo-del-2016","status":"publish","type":"post","link":"http:\/\/damas.laiglesiadelacomunidad.com\/?p=11269","title":{"rendered":"Estudio Mi\u00e9rcoles 25 de mayo del 2016"},"content":{"rendered":"<p>Gracias Se\u00f1or por darnos otra linda noche, gracias por darnos el deseo de reunirnos y estudiar a pesar de que estamos cansadas, de vacaciones \ud83d\ude42 con problemas, sin tiempo. etc. Gracias por ser tan bueno con nosotras \ud83d\ude42<\/p>\n<p>El tema de hoy fue:<strong> &#8221; Temor al Hombre&#8221;\u00a0<\/strong>y la idea grande de hoy fue: <strong>&#8220;Debemos temer a Dios, no al hombre&#8221;\u00a0<\/strong>En nuestras vidas hemos experimentado persecusi\u00f3n y uno de los efectos que produce la persecusi\u00f3n en nuestra vida es temor y lo que este temor produce en nosotros es dejar de predicar el evangelio por temor al que dir\u00e1n, por temor a las criticas o a lo que van a pensar de nosotros, o incluso de lo que nos pueden hacer. Es muy peligroso temer al hombre porque ese temor al hombre nos aleja de Dios.<\/p>\n<p>Jes\u00fas nos anima a no temer al hombre sino a Dios, nos anima a hablar con valor, a confiar en Dios, y nos promete que si hacemos esto Dios cuidar\u00e1 de nosotros.<\/p>\n<p><span style=\"color: #ff0000;\"><strong><span class=\"text Matt-10-26\">\u00bbAs\u00ed que, no los teman, porque no hay nada encubierto que no haya de ser manifestado, ni nada oculto que no haya de saberse.<\/span> <span id=\"es-RVC-23446\" class=\"text Matt-10-27\"><sup class=\"versenum\">\u00a0<\/sup>Lo que les digo en las tinieblas, d\u00edganlo en la luz; y lo que oyen al o\u00eddo, procl\u00e1menlo desde las azoteas.<\/span><span id=\"es-RVC-23447\" class=\"text Matt-10-28\"><sup class=\"versenum\">\u00a0<\/sup>No teman a los que matan el cuerpo, pero no pueden matar el alma. M\u00e1s bien, teman a aquel que puede destruir alma y cuerpo en el infierno.<\/span> <span id=\"es-RVC-23448\" class=\"text Matt-10-29\"><sup class=\"versenum\">\u00a0<\/sup>\u00bfAcaso no se venden dos pajarillos por unas cuantas monedas? Aun as\u00ed, ni uno de ellos cae a tierra sin que el Padre de ustedes lo permita,<\/span> <span id=\"es-RVC-23449\" class=\"text Matt-10-30\"><sup class=\"versenum\">\u00a0<\/sup>pues aun los cabellos de ustedes est\u00e1n todos contados.<\/span> <span id=\"es-RVC-23450\" class=\"text Matt-10-31\">As\u00ed que no teman, pues ustedes valen m\u00e1s que muchos pajarillos.<\/span> <span id=\"es-RVC-23451\" class=\"text Matt-10-32\">A cualquiera que me confiese delante de los hombres, yo tambi\u00e9n lo confesar\u00e9 delante de mi Padre que est\u00e1 en los cielos.<\/span> <\/strong><\/span><span id=\"es-RVC-23452\" class=\"text Matt-10-33\"><span style=\"color: #ff0000;\"><strong><sup class=\"versenum\">\u00a0<\/sup>Y a cualquiera que me niegue delante de los hombres, yo tambi\u00e9n lo negar\u00e9 delante de mi Padre que est\u00e1 en los cielos<\/strong><\/span>. Mateo 10:26-33<\/span><\/p>\n<p><strong><span id=\"es-RVC-17251\" class=\"text Prov-29-25\">El miedo a los hombres es una trampa,<\/span><\/strong><br \/>\n<span class=\"text Prov-29-25\"><strong>pero el que conf\u00eda en el Se\u00f1or es exaltado.<\/strong> Proverbios 29:25<\/span><\/p>\n<p><span class=\"text Acts-5-17\">El sumo sacerdote y todos los que estaban de su parte, es decir, los de la secta de los saduceos, reaccionaron llenos de celos<\/span> <span id=\"es-RVC-27079\" class=\"text Acts-5-18\"><sup class=\"versenum\">\u00a0<\/sup>y aprehendieron a los ap\u00f3stoles y los echaron a la c\u00e1rcel del pueblo.<\/span> <span id=\"es-RVC-27080\" class=\"text Acts-5-19\"><sup class=\"versenum\">\u00a0<\/sup>Pero en la noche un \u00e1ngel del Se\u00f1or lleg\u00f3 y abri\u00f3 las puertas de la c\u00e1rcel. Cuando ellos salieron, el \u00e1ngel les dijo:<\/span> <span id=\"es-RVC-27081\" class=\"text Acts-5-20\">\u00abVayan al templo y anuncien al pueblo todas las ense\u00f1anzas acerca de esta vida.\u00bb<\/span> <span id=\"es-RVC-27082\" class=\"text Acts-5-21\"><sup class=\"versenum\">\u00a0<\/sup>Luego de o\u00edr esto, entraron en el templo por la ma\u00f1ana y se pusieron a ense\u00f1ar.\u00a0<\/span><span class=\"text Acts-5-21\">Mientras tanto, el sumo sacerdote y los que estaban de su parte se reunieron para convocar al concilio y a todos los ancianos del pueblo de Israel, y al mismo tiempo mandaron traer de la c\u00e1rcel a los ap\u00f3stoles;<\/span><span id=\"es-RVC-27083\" class=\"text Acts-5-22\"><sup class=\"versenum\">\u00a0<\/sup>pero como al llegar los alguaciles no los encontraron, regresaron y dijeron:<\/span> <span id=\"es-RVC-27084\" class=\"text Acts-5-23\"><sup class=\"versenum\">\u00a0<\/sup>\u00abCuando llegamos a la c\u00e1rcel, \u00e9sta ten\u00eda todos los candados puestos y los guardias estaban afuera, frente a las puertas; pero al abrir la c\u00e1rcel, vimos que all\u00ed adentro no hab\u00eda nadie.\u00bb<\/span> <span id=\"es-RVC-27085\" class=\"text Acts-5-24\"><sup class=\"versenum\">\u00a0<\/sup>Al o\u00edr esto, el sumo sacerdote, el jefe de la guardia del templo y los principales sacerdotes no lograban entender en qu\u00e9 parar\u00eda todo esto.<\/span> <span id=\"es-RVC-27086\" class=\"text Acts-5-25\"><sup class=\"versenum\">\u00a0<\/sup>Pero lleg\u00f3 otro y les dijo: \u00abEscuchen: los hombres que ustedes metieron a la c\u00e1rcel, est\u00e1n ahora en el templo, impartiendo ense\u00f1anzas al pueblo.\u00bb<\/span> <span id=\"es-RVC-27087\" class=\"text Acts-5-26\"><sup class=\"versenum\">\u00a0<\/sup>Entonces el jefe de la guardia se fue con los alguaciles y los aprehendi\u00f3, aunque sin violencia, porque tem\u00edan que el pueblo los apedreara.\u00a0<\/span><span id=\"es-RVC-27088\" class=\"text Acts-5-27\">Cuando los llevaron y los presentaron ante el concilio, el sumo sacerdote les dijo:<\/span> <span id=\"es-RVC-27089\" class=\"text Acts-5-28\">\u00ab\u00bfAcaso no les dimos \u00f3rdenes estrictas de no ense\u00f1ar en ese nombre? Ahora han llenado a Jerusal\u00e9n de su doctrina, y quieren culparnos de la muerte de ese hombre.\u00bb<\/span> <span id=\"es-RVC-27090\" class=\"text Acts-5-29\">Pedro y los ap\u00f3stoles respondieron: \u00abEs necesario obedecer a Dios antes que a los hombres.<\/span><span id=\"es-RVC-27091\" class=\"text Acts-5-30\"><sup class=\"versenum\">\u00a0<\/sup>El Dios de nuestros antepasados resucit\u00f3 a Jes\u00fas, el mismo al que ustedes mataron y colgaron de un madero.<\/span> <span id=\"es-RVC-27092\" class=\"text Acts-5-31\"><sup class=\"versenum\">\u00a0<\/sup>Pero Dios, por su poder, lo ha exaltado y sentado a su derecha como Pr\u00edncipe y Salvador, dando a Israel la oportunidad de arrepentirse y de que sean perdonados sus pecados.<\/span> <span id=\"es-RVC-27093\" class=\"text Acts-5-32\">De esto somos testigos nosotros, y tambi\u00e9n el Esp\u00edritu Santo, que Dios ha dado a quienes lo obedecen.\u00bb\u00a0<\/span><span id=\"es-RVC-27094\" class=\"text Acts-5-33\">Al o\u00edr esto, ellos se enfurecieron tanto que quer\u00edan matarlos.<\/span><span id=\"es-RVC-27095\" class=\"text Acts-5-34\"><sup class=\"versenum\">\u00a0<\/sup>Entonces Gamaliel, un fariseo que era doctor de la ley y a quien todo el pueblo respetaba, se levant\u00f3 ante el concilio y orden\u00f3 que sacaran por un momento a los ap\u00f3stoles;<\/span> <span id=\"es-RVC-27096\" class=\"text Acts-5-35\">luego dijo: \u00abVarones israelitas, piensen bien en lo que van a hacer con estos hombres.<\/span> <span id=\"es-RVC-27097\" class=\"text Acts-5-36\"><sup class=\"versenum\">\u00a0<\/sup>Hace ya alg\u00fan tiempo, se levant\u00f3 Teudas, quien se jactaba de ser alguien, y logr\u00f3 que se le uniera un grupo como de cuatrocientos hombres; pero lo mataron, y todos los que lo segu\u00edan fueron dispersados y exterminados.<\/span> <span id=\"es-RVC-27098\" class=\"text Acts-5-37\"><sup class=\"versenum\">\u00a0<\/sup>Despu\u00e9s, cuando se hizo el censo, se levant\u00f3 Judas el galileo y logr\u00f3 que muchos del pueblo lo siguieran. Pero tambi\u00e9n lo mataron, y todos los que lo segu\u00edan fueron dispersados.<\/span> <span id=\"es-RVC-27099\" class=\"text Acts-5-38\">Por eso les digo ahora: Olv\u00eddense de estos hombres. D\u00e9jenlos. Porque si esto que hacen es de car\u00e1cter humano, se desvanecer\u00e1;<\/span> <span id=\"es-RVC-27100\" class=\"text Acts-5-39\"><sup class=\"versenum\">\u00a0<\/sup>pero si es de Dios, no lo podr\u00e1n destruir. \u00a1No vaya a ser que ustedes se encuentren luchando contra Dios!\u00bb<\/span><span class=\"text Acts-5-39\">Todos estuvieron de acuerdo con \u00e9l,<\/span> <span id=\"es-RVC-27101\" class=\"text Acts-5-40\"><sup class=\"versenum\">\u00a0<\/sup>as\u00ed que llamaron a los ap\u00f3stoles y, despu\u00e9s de azotarlos, les advirtieron que no siguieran hablando en el nombre de Jes\u00fas y los pusieron en libertad.<\/span> <span id=\"es-RVC-27102\" class=\"text Acts-5-41\"><sup class=\"versenum\">\u00a0<\/sup>Los ap\u00f3stoles salieron del concilio felices de haber sido dignos de sufrir por causa del Nombre.<\/span> <span id=\"es-RVC-27103\" class=\"text Acts-5-42\">Y todos los d\u00edas, no dejaban de ense\u00f1ar y de anunciar en el templo y por las casas las buenas noticias acerca de Cristo Jes\u00fas Hechos 5:17-42<\/span><\/p>\n<p>Se\u00f1or te pedimos que nos ayudes a tener m\u00e1s valor y gozarnos en las persecusiones y no que en las persecusiones TU te hagas m\u00e1s fuertes en nosotras, te lo pedimos en nombre de nuestro Se\u00f1or Jesucristo, am\u00e9n.<\/p>\n<p>Las quiero mucho, Dios las bendiga;<\/p>\n<p>Jackie C.<\/p>\n<p><a href=\"http:\/\/damas.laiglesiadelacomunidad.com\/?attachment_id=11290\" rel=\"attachment wp-att-11290\"><img loading=\"lazy\" decoding=\"async\" class=\"alignnone size-full wp-image-11290\" src=\"http:\/\/damas.laiglesiadelacomunidad.com\/wp-content\/uploads\/2016\/05\/2016-05-26-13.47.19.jpg\" alt=\"2016-05-26 13.47.19\" width=\"1600\" height=\"1200\" srcset=\"http:\/\/damas.laiglesiadelacomunidad.com\/wp-content\/uploads\/2016\/05\/2016-05-26-13.47.19.jpg 1600w, http:\/\/damas.laiglesiadelacomunidad.com\/wp-content\/uploads\/2016\/05\/2016-05-26-13.47.19-300x225.jpg 300w, http:\/\/damas.laiglesiadelacomunidad.com\/wp-content\/uploads\/2016\/05\/2016-05-26-13.47.19-768x576.jpg 768w, http:\/\/damas.laiglesiadelacomunidad.com\/wp-content\/uploads\/2016\/05\/2016-05-26-13.47.19-1024x768.jpg 1024w\" sizes=\"(max-width: 1600px) 100vw, 1600px\" \/><\/a> <a href=\"http:\/\/damas.laiglesiadelacomunidad.com\/?attachment_id=11289\" rel=\"attachment wp-att-11289\"><img loading=\"lazy\" decoding=\"async\" class=\"alignnone size-full wp-image-11289\" src=\"http:\/\/damas.laiglesiadelacomunidad.com\/wp-content\/uploads\/2016\/05\/2016-05-26-13.47.16.jpg\" alt=\"2016-05-26 13.47.16\" width=\"1600\" height=\"1200\" srcset=\"http:\/\/damas.laiglesiadelacomunidad.com\/wp-content\/uploads\/2016\/05\/2016-05-26-13.47.16.jpg 1600w, http:\/\/damas.laiglesiadelacomunidad.com\/wp-content\/uploads\/2016\/05\/2016-05-26-13.47.16-300x225.jpg 300w, http:\/\/damas.laiglesiadelacomunidad.com\/wp-content\/uploads\/2016\/05\/2016-05-26-13.47.16-768x576.jpg 768w, http:\/\/damas.laiglesiadelacomunidad.com\/wp-content\/uploads\/2016\/05\/2016-05-26-13.47.16-1024x768.jpg 1024w\" sizes=\"(max-width: 1600px) 100vw, 1600px\" \/><\/a> <a href=\"http:\/\/damas.laiglesiadelacomunidad.com\/?attachment_id=11288\" rel=\"attachment wp-att-11288\"><img loading=\"lazy\" decoding=\"async\" class=\"alignnone size-full wp-image-11288\" src=\"http:\/\/damas.laiglesiadelacomunidad.com\/wp-content\/uploads\/2016\/05\/2016-05-26-13.47.09.jpg\" alt=\"2016-05-26 13.47.09\" width=\"1118\" height=\"1600\" srcset=\"http:\/\/damas.laiglesiadelacomunidad.com\/wp-content\/uploads\/2016\/05\/2016-05-26-13.47.09.jpg 1118w, http:\/\/damas.laiglesiadelacomunidad.com\/wp-content\/uploads\/2016\/05\/2016-05-26-13.47.09-210x300.jpg 210w, http:\/\/damas.laiglesiadelacomunidad.com\/wp-content\/uploads\/2016\/05\/2016-05-26-13.47.09-768x1099.jpg 768w, http:\/\/damas.laiglesiadelacomunidad.com\/wp-content\/uploads\/2016\/05\/2016-05-26-13.47.09-716x1024.jpg 716w\" sizes=\"(max-width: 1118px) 100vw, 1118px\" \/><\/a><\/p>\n","protected":false},"excerpt":{"rendered":"<p>Gracias Se\u00f1or por darnos otra linda noche, gracias por darnos el deseo de reunirnos y estudiar a pesar de que estamos cansadas, de vacaciones \ud83d\ude42 con problemas, sin tiempo. etc. Gracias por ser tan bueno con nosotras \ud83d\ude42 El tema de hoy fue: &#8221; Temor al Hombre&#8221;\u00a0y la idea grande de hoy fue: &#8220;Debemos temer &hellip; <a href=\"http:\/\/damas.laiglesiadelacomunidad.com\/?p=11269\" class=\"more-link\">Continue reading <span class=\"screen-reader-text\">Estudio Mi\u00e9rcoles 25 de mayo del 2016<\/span> <span class=\"meta-nav\">&rarr;<\/span><\/a><\/p>\n","protected":false},"author":2,"featured_media":0,"comment_status":"open","ping_status":"open","sticky":false,"template":"","format":"gallery","meta":{"footnotes":""},"categories":[6],"tags":[],"_links":{"self":[{"href":"http:\/\/damas.laiglesiadelacomunidad.com\/index.php?rest_route=\/wp\/v2\/posts\/11269"}],"collection":[{"href":"http:\/\/damas.laiglesiadelacomunidad.com\/index.php?rest_route=\/wp\/v2\/posts"}],"about":[{"href":"http:\/\/damas.laiglesiadelacomunidad.com\/index.php?rest_route=\/wp\/v2\/types\/post"}],"author":[{"embeddable":true,"href":"http:\/\/damas.laiglesiadelacomunidad.com\/index.php?rest_route=\/wp\/v2\/users\/2"}],"replies":[{"embeddable":true,"href":"http:\/\/damas.laiglesiadelacomunidad.com\/index.php?rest_route=%2Fwp%2Fv2%2Fcomments&post=11269"}],"version-history":[{"count":3,"href":"http:\/\/damas.laiglesiadelacomunidad.com\/index.php?rest_route=\/wp\/v2\/posts\/11269\/revisions"}],"predecessor-version":[{"id":11291,"href":"http:\/\/damas.laiglesiadelacomunidad.com\/index.php?rest_route=\/wp\/v2\/posts\/11269\/revisions\/11291"}],"wp:attachment":[{"href":"http:\/\/damas.laiglesiadelacomunidad.com\/index.php?rest_route=%2Fwp%2Fv2%2Fmedia&parent=11269"}],"wp:term":[{"taxonomy":"category","embeddable":true,"href":"http:\/\/damas.laiglesiadelacomunidad.com\/index.php?rest_route=%2Fwp%2Fv2%2Fcategories&post=11269"},{"taxonomy":"post_tag","embeddable":true,"href":"http:\/\/damas.laiglesiadelacomunidad.com\/index.php?rest_route=%2Fwp%2Fv2%2Ftags&post=11269"}],"curies":[{"name":"wp","href":"https:\/\/api.w.org\/{rel}","templated":true}]}}