{"id":11231,"date":"2016-05-15T22:20:53","date_gmt":"2016-05-16T03:20:53","guid":{"rendered":"http:\/\/damas.laiglesiadelacomunidad.com\/?p=11231"},"modified":"2016-05-16T12:11:09","modified_gmt":"2016-05-16T17:11:09","slug":"reunion-domingo-15-de-mayo-del-2016","status":"publish","type":"post","link":"http:\/\/damas.laiglesiadelacomunidad.com\/?p=11231","title":{"rendered":"Reuni\u00f3n domingo 15 de Mayo del 2016"},"content":{"rendered":"<p>Gracias Se\u00f1or por otra linda noche, gracias por darnos el deseo de reunirnos y gracias por tan bonita comunidad, gracias a la maestra, los cantantes y m\u00fasicos, gracia por tan excelente mensaje.<\/p>\n<p>El tema del mensaje de hoy fue: <strong>&#8220;Inevitablemente&#8221;<\/strong> y la idea grande de hoy fue: <strong>&#8220;La persecusi\u00f3n es inevitable&#8221;\u00a0<\/strong>Algo que hemos experimentado como cristianas e incluso cuando intentamos seguir a Jes\u00fas es persecusi\u00f3n, con solo el hecho de haber sido educadas en otra religi\u00f3n y \u00a0visitar una iglesia cristiana ha producido en muchas de nosotras persecusi\u00f3n por parte de nuestra familia, amistades, compa\u00f1eras de trabajo, etc. Si vemos en el antiguo testamento y leemos la historia de cada profeta vemos como ellos fueron perseguidos por personas que ten\u00edan conocimiento de Dios pero segu\u00edan a sus propios dioses. hoy en d\u00eda no es diferente para nosotros, cuando hablamos de Cristo pueden ocurrir dos cosas uno que lo que decimos de la Biblia sea aceptado con alegr\u00eda o dos que las personas se sientan juzgadas o no quieran escuchar la verdad y nos rechazen y nos persigan. Esto tambi\u00e9n sucede cuando hablamos con cristianos que no quieren recibir la correcci\u00f3n como con no cristianos que no quieren escuchar y recibir el evangelio, se van alejando poco a poco de nosotros, nos expulsan de su c\u00edrculo social e incluso se vuelven nuestros enemigos.<\/p>\n<p>Jes\u00fas nos da la advertencia y nos dice que hasta incluso podemos ser v\u00edctimas de persecusi\u00f3n por nuestra propia familia, pero nos exorta a seguir haciendolo, a seguir hablando de \u00c9l y a seguirlo hasta el final aun incluso si tenemos que dar nuestra vida, y \u00c9l nos di\u00f3 un gran ejemplo por mantenerse firme hasta llegar a morir en una cruz sin merecerlo.<\/p>\n<p class=\"chapter-2\"><strong><span class=\"text Jer-26-1\">Al principio del reinado de Joac\u00edn hijo de Jos\u00edas, rey de Jud\u00e1, la palabra del Se\u00f1or vino a Jerem\u00edas y le dijo:\u00a0<\/span><span id=\"es-RVC-19576\" class=\"text Jer-26-2\">\u00abJerem\u00edas, ve al atrio de mi casa, y diles a todas las ciudades de Jud\u00e1 que vienen a mi casa para adorarme, todo lo que yo te ordene decirles. No retengas mi palabra.<\/span> <span id=\"es-RVC-19577\" class=\"text Jer-26-3\">Tal vez te hagan caso y cada uno de ellos se aparte de su mal camino. As\u00ed yo dejar\u00e9 de hacerles el da\u00f1o que he pensado hacerles por sus malas obras.<\/span> <span id=\"es-RVC-19578\" class=\"text Jer-26-4\">Diles de mi parte: \u201cAs\u00ed ha dicho el Se\u00f1or: Si no me hacen caso ni ponen en pr\u00e1ctica mi ley, la cual les expuse,<\/span> <span id=\"es-RVC-19579\" class=\"text Jer-26-5\">ni prestan atenci\u00f3n a las palabras de mis siervos los profetas, que una y otra vez les he enviado y a los cuales no han querido o\u00edr,<\/span><span id=\"es-RVC-19580\" class=\"text Jer-26-6\"><sup class=\"versenum\">\u00a0<\/sup>yo har\u00e9 con esta casa lo que hice con Silo, y todas las naciones de la tierra usar\u00e1n el nombre de esta ciudad como maldici\u00f3n.\u201d\u00bb<\/span><span id=\"es-RVC-19581\" class=\"text Jer-26-7\">Los sacerdotes y los profetas, y todo el pueblo, oyeron a Jerem\u00edas pronunciar estas palabras en la casa del Se\u00f1or.<\/span> <span id=\"es-RVC-19582\" class=\"text Jer-26-8\">Y cuando Jerem\u00edas termin\u00f3 de decir a todo el pueblo lo que el Se\u00f1or le hab\u00eda ordenado decirles, los sacerdotes y los profetas y todo el pueblo le echaron mano y le espetaron:\u00a0<\/span><\/strong><span class=\"text Jer-26-8\"><strong>\u00abHas dictado tu sentencia de muerte.<\/strong> Jerem\u00edas 26:1-8<\/span><\/p>\n<p><span style=\"color: #ff0000;\"><strong><span id=\"es-RVC-23440\" class=\"text Matt-10-21\">El hermano entregar\u00e1 a la muerte al hermano, y el padre al hijo. Los hijos se levantar\u00e1n contra los padres, y los har\u00e1n morir.<\/span> <span id=\"es-RVC-23441\" class=\"text Matt-10-22\"><sup class=\"versenum\">\u00a0<\/sup>Por causa de mi nombre todo el mundo los odiar\u00e1, pero el que resista hasta el fin ser\u00e1 salvado.<\/span> <span id=\"es-RVC-23442\" class=\"text Matt-10-23\">Cuando los persigan en una ciudad, huyan a otra; porque de cierto les digo que no terminar\u00e1n de recorrer todas las ciudades de Israel, antes que venga el Hijo del Hombre.\u00a0<\/span><span id=\"es-RVC-23443\" class=\"text Matt-10-24\">El disc\u00edpulo no es m\u00e1s que su maestro, ni el siervo m\u00e1s que su se\u00f1or.<\/span><\/strong><\/span><span id=\"es-RVC-23444\" class=\"text Matt-10-25\"><span style=\"color: #ff0000;\"><strong><sup class=\"versenum\">\u00a0<\/sup>Al disc\u00edpulo debe bastarle con ser como su maestro, y al siervo como su se\u00f1or. Si al due\u00f1o de la casa lo han llamado Beelzeb\u00fa, \u00bfcu\u00e1nto m\u00e1s a los de su familia?<\/strong><\/span> Mateo 10:21-25<\/span><\/p>\n<p>Se\u00f1or de nuevo gracias por \u00e9ste mensaje tan animador, te pedimos que nos ayudes a soportar la persecusi\u00f3n y que tengamos misericordia y gracia con los que nos persiguen, que los amemos a pesar del dolor que nos causan, te lo pedimos en nombre de Jesucristo nuestro Se\u00f1or, am\u00e9n.<\/p>\n<p>Que Dios bendiga su semana, las quiero mucho;<\/p>\n<p>Jackie C.<\/p>\n<!-- Rendered by FancyBox without labels BEGIN -->\n\n\t<style type=\"text\/css\">\n\t\t\t\t\t#gallery-0 {\n\t\t\t\t\t\tmargin: auto;\n\t\t\t\t\t}\n\t\t\t\t\t#gallery-0 .gallery-item {\n\t\t\t\t\t\tfloat: left;\n\t\t\t\t\t\tmargin-top: 10px;\n\t\t\t\t\t\ttext-align: center;\n\t\t\t\t\t\twidth: 24%;\n\t\t\t\t\t}\n\t\t\t\t\t#gallery-0 img {\n\t\t\t\t\t\tborder: 2px solid #cfcfcf;\n\t\t\t\t\t}\n\t\t\t\t\t#gallery-0 .gallery-caption {\n\t\t\t\t\t\tmargin-left: 0;\n\t\t\t\t\t}\n\t<\/style>\n<script type=\"text\/javascript\">\n$(document).ready(function() {\n\t\/*\n\t *  Simple image gallery. Uses default settings\n\t *\/\n\n\t$(\".fancybox\").fancybox({\n\t\t\"transitionIn\"\t\t: \"none\",\n\t\t\"transitionOut\"\t\t: \"none\",\n\t\t\"titlePosition\" \t: \"over\"\n\n\t});\n});\n<\/script>\n\n\t<div id=\"gallery-0\" class=\"gallery galleryid-0 gallery-size-thumbnail\" style=\"\"><dl class=\"gallery-item\"><dt class=\"gallery-icon\">\n\t\t<a class=\"fancybox\" href=\"http:\/\/damas.laiglesiadelacomunidad.com\/wp-content\/uploads\/2016\/05\/2016-05-15-21.19.29-1024x576.jpg\" rel=\"gallery-0\"><img loading=\"lazy\" decoding=\"async\" width=\"150\" height=\"150\" class=\"attachment-thumbnail\" alt=\"\" src=\"http:\/\/damas.laiglesiadelacomunidad.com\/wp-content\/uploads\/2016\/05\/2016-05-15-21.19.29-150x150.jpg\" \/><\/a><\/dt><\/dl>\n\n<dl class=\"gallery-item\"><dt class=\"gallery-icon\">\n\t\t<a class=\"fancybox\" href=\"http:\/\/damas.laiglesiadelacomunidad.com\/wp-content\/uploads\/2016\/05\/2016-05-15-21.19.39-1024x576.jpg\" rel=\"gallery-0\"><img loading=\"lazy\" decoding=\"async\" width=\"150\" height=\"150\" class=\"attachment-thumbnail\" alt=\"\" src=\"http:\/\/damas.laiglesiadelacomunidad.com\/wp-content\/uploads\/2016\/05\/2016-05-15-21.19.39-150x150.jpg\" \/><\/a><\/dt><\/dl>\n\n<dl class=\"gallery-item\"><dt class=\"gallery-icon\">\n\t\t<a class=\"fancybox\" href=\"http:\/\/damas.laiglesiadelacomunidad.com\/wp-content\/uploads\/2016\/05\/2016-05-15-21.19.43-576x1024.jpg\" rel=\"gallery-0\"><img loading=\"lazy\" decoding=\"async\" width=\"150\" height=\"150\" class=\"attachment-thumbnail\" alt=\"\" src=\"http:\/\/damas.laiglesiadelacomunidad.com\/wp-content\/uploads\/2016\/05\/2016-05-15-21.19.43-150x150.jpg\" \/><\/a><\/dt><\/dl>\n\n<dl class=\"gallery-item\"><dt class=\"gallery-icon\">\n\t\t<a class=\"fancybox\" href=\"http:\/\/damas.laiglesiadelacomunidad.com\/wp-content\/uploads\/2016\/05\/2016-05-15-21.20.43-576x1024.jpg\" rel=\"gallery-0\"><img loading=\"lazy\" decoding=\"async\" width=\"150\" height=\"150\" class=\"attachment-thumbnail\" alt=\"\" src=\"http:\/\/damas.laiglesiadelacomunidad.com\/wp-content\/uploads\/2016\/05\/2016-05-15-21.20.43-150x150.jpg\" \/><\/a><\/dt><\/dl>\n\n<dl class=\"gallery-item\"><dt class=\"gallery-icon\">\n\t\t<a class=\"fancybox\" href=\"http:\/\/damas.laiglesiadelacomunidad.com\/wp-content\/uploads\/2016\/05\/2016-05-15-21.46.58-768x1024.jpg\" rel=\"gallery-0\"><img loading=\"lazy\" decoding=\"async\" width=\"150\" height=\"150\" class=\"attachment-thumbnail\" alt=\"\" src=\"http:\/\/damas.laiglesiadelacomunidad.com\/wp-content\/uploads\/2016\/05\/2016-05-15-21.46.58-150x150.jpg\" \/><\/a><\/dt><\/dl>\n\n<dl class=\"gallery-item\"><dt class=\"gallery-icon\">\n\t\t<a class=\"fancybox\" href=\"http:\/\/damas.laiglesiadelacomunidad.com\/wp-content\/uploads\/2016\/05\/2016-05-15-21.47.07-768x1024.jpg\" rel=\"gallery-0\"><img loading=\"lazy\" decoding=\"async\" width=\"150\" height=\"150\" class=\"attachment-thumbnail\" alt=\"\" src=\"http:\/\/damas.laiglesiadelacomunidad.com\/wp-content\/uploads\/2016\/05\/2016-05-15-21.47.07-150x150.jpg\" \/><\/a><\/dt><\/dl>\n\n<dl class=\"gallery-item\"><dt class=\"gallery-icon\">\n\t\t<a class=\"fancybox\" href=\"http:\/\/damas.laiglesiadelacomunidad.com\/wp-content\/uploads\/2016\/05\/2016-05-15-21.47.20-768x1024.jpg\" rel=\"gallery-0\"><img loading=\"lazy\" decoding=\"async\" width=\"150\" height=\"150\" class=\"attachment-thumbnail\" alt=\"\" src=\"http:\/\/damas.laiglesiadelacomunidad.com\/wp-content\/uploads\/2016\/05\/2016-05-15-21.47.20-150x150.jpg\" \/><\/a><\/dt><\/dl>\n\n<dl class=\"gallery-item\"><dt class=\"gallery-icon\">\n\t\t<a class=\"fancybox\" href=\"http:\/\/damas.laiglesiadelacomunidad.com\/wp-content\/uploads\/2016\/05\/2016-05-15-21.47.28-768x1024.jpg\" rel=\"gallery-0\"><img loading=\"lazy\" decoding=\"async\" width=\"150\" height=\"150\" class=\"attachment-thumbnail\" alt=\"\" src=\"http:\/\/damas.laiglesiadelacomunidad.com\/wp-content\/uploads\/2016\/05\/2016-05-15-21.47.28-150x150.jpg\" \/><\/a><\/dt><\/dl>\n\n<dl class=\"gallery-item\"><dt class=\"gallery-icon\">\n\t\t<a class=\"fancybox\" href=\"http:\/\/damas.laiglesiadelacomunidad.com\/wp-content\/uploads\/2016\/05\/2016-05-15-21.47.41-768x1024.jpg\" rel=\"gallery-0\"><img loading=\"lazy\" decoding=\"async\" width=\"150\" height=\"150\" class=\"attachment-thumbnail\" alt=\"\" src=\"http:\/\/damas.laiglesiadelacomunidad.com\/wp-content\/uploads\/2016\/05\/2016-05-15-21.47.41-150x150.jpg\" \/><\/a><\/dt><\/dl>\n\n<dl class=\"gallery-item\"><dt class=\"gallery-icon\">\n\t\t<a class=\"fancybox\" href=\"http:\/\/damas.laiglesiadelacomunidad.com\/wp-content\/uploads\/2016\/05\/2016-05-15-21.47.44-768x1024.jpg\" rel=\"gallery-0\"><img loading=\"lazy\" decoding=\"async\" width=\"150\" height=\"150\" class=\"attachment-thumbnail\" alt=\"\" src=\"http:\/\/damas.laiglesiadelacomunidad.com\/wp-content\/uploads\/2016\/05\/2016-05-15-21.47.44-150x150.jpg\" \/><\/a><\/dt><\/dl>\n\n<dl class=\"gallery-item\"><dt class=\"gallery-icon\">\n\t\t<a class=\"fancybox\" href=\"http:\/\/damas.laiglesiadelacomunidad.com\/wp-content\/uploads\/2016\/05\/2016-05-15-21.47.53-768x1024.jpg\" rel=\"gallery-0\"><img loading=\"lazy\" decoding=\"async\" width=\"150\" height=\"150\" class=\"attachment-thumbnail\" alt=\"\" src=\"http:\/\/damas.laiglesiadelacomunidad.com\/wp-content\/uploads\/2016\/05\/2016-05-15-21.47.53-150x150.jpg\" \/><\/a><\/dt><\/dl>\n\n<dl class=\"gallery-item\"><dt class=\"gallery-icon\">\n\t\t<a class=\"fancybox\" href=\"http:\/\/damas.laiglesiadelacomunidad.com\/wp-content\/uploads\/2016\/05\/2016-05-15-21.47.57-768x1024.jpg\" rel=\"gallery-0\"><img loading=\"lazy\" decoding=\"async\" width=\"150\" height=\"150\" class=\"attachment-thumbnail\" alt=\"\" src=\"http:\/\/damas.laiglesiadelacomunidad.com\/wp-content\/uploads\/2016\/05\/2016-05-15-21.47.57-150x150.jpg\" \/><\/a><\/dt><\/dl>\n\n<dl class=\"gallery-item\"><dt class=\"gallery-icon\">\n\t\t<a class=\"fancybox\" href=\"http:\/\/damas.laiglesiadelacomunidad.com\/wp-content\/uploads\/2016\/05\/2016-05-15-21.48.01-768x1024.jpg\" rel=\"gallery-0\"><img loading=\"lazy\" decoding=\"async\" width=\"150\" height=\"150\" class=\"attachment-thumbnail\" alt=\"\" src=\"http:\/\/damas.laiglesiadelacomunidad.com\/wp-content\/uploads\/2016\/05\/2016-05-15-21.48.01-150x150.jpg\" \/><\/a><\/dt><\/dl>\n\n<\/div><br clear=\"all\" \/><!-- Rendered by FancyBox without labels END -->\n\n<p>&nbsp;<\/p>\n","protected":false},"excerpt":{"rendered":"<p>Gracias Se\u00f1or por otra linda noche, gracias por darnos el deseo de reunirnos y gracias por tan bonita comunidad, gracias a la maestra, los cantantes y m\u00fasicos, gracia por tan excelente mensaje. El tema del mensaje de hoy fue: &#8220;Inevitablemente&#8221; y la idea grande de hoy fue: &#8220;La persecusi\u00f3n es inevitable&#8221;\u00a0Algo que hemos experimentado como &hellip; <a href=\"http:\/\/damas.laiglesiadelacomunidad.com\/?p=11231\" class=\"more-link\">Continue reading <span class=\"screen-reader-text\">Reuni\u00f3n domingo 15 de Mayo del 2016<\/span> <span class=\"meta-nav\">&rarr;<\/span><\/a><\/p>\n","protected":false},"author":2,"featured_media":0,"comment_status":"open","ping_status":"open","sticky":false,"template":"","format":"standard","meta":{"footnotes":""},"categories":[7],"tags":[],"_links":{"self":[{"href":"http:\/\/damas.laiglesiadelacomunidad.com\/index.php?rest_route=\/wp\/v2\/posts\/11231"}],"collection":[{"href":"http:\/\/damas.laiglesiadelacomunidad.com\/index.php?rest_route=\/wp\/v2\/posts"}],"about":[{"href":"http:\/\/damas.laiglesiadelacomunidad.com\/index.php?rest_route=\/wp\/v2\/types\/post"}],"author":[{"embeddable":true,"href":"http:\/\/damas.laiglesiadelacomunidad.com\/index.php?rest_route=\/wp\/v2\/users\/2"}],"replies":[{"embeddable":true,"href":"http:\/\/damas.laiglesiadelacomunidad.com\/index.php?rest_route=%2Fwp%2Fv2%2Fcomments&post=11231"}],"version-history":[{"count":7,"href":"http:\/\/damas.laiglesiadelacomunidad.com\/index.php?rest_route=\/wp\/v2\/posts\/11231\/revisions"}],"predecessor-version":[{"id":11255,"href":"http:\/\/damas.laiglesiadelacomunidad.com\/index.php?rest_route=\/wp\/v2\/posts\/11231\/revisions\/11255"}],"wp:attachment":[{"href":"http:\/\/damas.laiglesiadelacomunidad.com\/index.php?rest_route=%2Fwp%2Fv2%2Fmedia&parent=11231"}],"wp:term":[{"taxonomy":"category","embeddable":true,"href":"http:\/\/damas.laiglesiadelacomunidad.com\/index.php?rest_route=%2Fwp%2Fv2%2Fcategories&post=11231"},{"taxonomy":"post_tag","embeddable":true,"href":"http:\/\/damas.laiglesiadelacomunidad.com\/index.php?rest_route=%2Fwp%2Fv2%2Ftags&post=11231"}],"curies":[{"name":"wp","href":"https:\/\/api.w.org\/{rel}","templated":true}]}}