{"id":11150,"date":"2016-05-11T22:40:02","date_gmt":"2016-05-12T03:40:02","guid":{"rendered":"http:\/\/damas.laiglesiadelacomunidad.com\/?p=11150"},"modified":"2016-05-11T22:40:02","modified_gmt":"2016-05-12T03:40:02","slug":"estudio-miercoles-11-de-mayo-del-2016","status":"publish","type":"post","link":"http:\/\/damas.laiglesiadelacomunidad.com\/?p=11150","title":{"rendered":"Estudio Mi\u00e9rcoles 11 de Mayo del 2016"},"content":{"rendered":"<p>Gracias Se\u00f1or por tan linda noche, gracias por darnos tanto gozo con tooooodos estos ni\u00f1os que se reunen con nosotros, te pedimos que nos ayudes a ser un buen ejemplo para ellos y que le ayudemos a conocerte cada d\u00eda m\u00e1s, concedenos Se\u00f1or que los podamos ver crecer.<\/p>\n<p>El tema del estudio de hoy fue: <strong>&#8220;El Poder de una Madre&#8221;\u00a0<\/strong>la idea grande de hoy fue:<strong> &#8220;Una madre tiene much\u00edsima influencia sobre sus hijos&#8221;\u00a0<\/strong>muchas veces por todo lo que tenemos hacer y de acuerdo a la perspectiva que tenemos en la vida sentimos que ser madre es una carga o es una gran bendici\u00f3n de Dios. Como vimos hoy nuestra manera de vivir, de pensar y nuestros pecados tienen mucha influencia en la formaci\u00f3n del car\u00e1cter de nuestros hijos, nosotros le heredamos tanto lo bueno como lo malo, mucho de lo malo que heredamos son nuestros pecados persistentes.<\/p>\n<p>Nosotras tanto madres como abuelas tenemos mucha influencia tanto en la idolatr\u00eda del ni\u00f1o como en el amor que le tiene a Dios, o los llevamos a adorar \u00eddolos o les ense\u00f1amos a adorar al Dios verdadero. Nosotra somos la fuente de mayor influencia en le ni\u00f1o y tenemos que tratar de hacer lo mejor que podamos para usarla para el bien eterno de nuestros hijos, en la manera que amamos y nos entregamos a Dios en esa manera ense\u00f1amos a nuestros hijos a ser lo mismo, si nosotras somos fieles a Dios y a su obra, nuestros ni\u00f1os seguiran nuestro ejemplo. Algo muy importante que tenemos que reflejar a nuestros hijos es ser dignas imitadoras de Jes\u00fas, tenemos que ser buenas emabajadoras de Cristo a nuestros hijos \ud83d\ude42<\/p>\n<p class=\"chapter-2\"><span class=\"text 1Kgs-15-1\">Ab\u00edas comenz\u00f3 a reinar sobre Jud\u00e1 cuando Jerobo\u00e1n hijo de Nabat llevaba dieciocho a\u00f1os de reinar sobre Israel,<\/span> <span id=\"es-RVC-9252\" class=\"text 1Kgs-15-2\"><sup class=\"versenum\">2\u00a0<\/sup>y rein\u00f3 en Jerusal\u00e9n tres a\u00f1os. Su madre se llamaba Mac\u00e1, y era hija de Abisalom.<\/span> <span id=\"es-RVC-9253\" class=\"text 1Kgs-15-3\"><sup class=\"versenum\">3\u00a0<\/sup>Y Ab\u00edas cometi\u00f3 todos los pecados en que incurri\u00f3 su padre Robo\u00e1n, y su coraz\u00f3n no le fue fiel al Se\u00f1or, como lo hab\u00eda sido su antepasado David.<\/span><span id=\"es-RVC-9254\" class=\"text 1Kgs-15-4\"><sup class=\"versenum\">4\u00a0<\/sup>Pero Dios el Se\u00f1or le concedi\u00f3 tener un sucesor en el trono de Jerusal\u00e9n, ciudad a la que sigui\u00f3 sosteniendo por amor a su siervo David,<\/span> <span id=\"es-RVC-9255\" class=\"text 1Kgs-15-5\"><sup class=\"versenum\">5\u00a0<\/sup>pues David vivi\u00f3 rectamente en la presencia del Se\u00f1or y nunca en su vida desobedeci\u00f3 ninguno de sus mandatos, salvo lo que hizo con Ur\u00edas el hitita.<\/span><\/p>\n<p><strong><span id=\"es-RVC-9256\" class=\"text 1Kgs-15-6\">Mientras Robo\u00e1n y Jerobo\u00e1n vivieron, estuvieron en constantes guerras,<\/span> <span id=\"es-RVC-9257\" class=\"text 1Kgs-15-7\"><sup class=\"versenum\">\u00a0<\/sup>y tambi\u00e9n Ab\u00edas entr\u00f3 en guerra contra Jerobo\u00e1n.<\/span><span class=\"text 1Kgs-15-7\">Todo los hechos de Ab\u00edas se hallan registrados en el libro de las cr\u00f3nicas de los reyes de Jud\u00e1.<\/span> <span id=\"es-RVC-9258\" class=\"text 1Kgs-15-8\">Y Ab\u00edas se reuni\u00f3 con sus antepasados y fue sepultado en la ciudad de David. En su lugar rein\u00f3 su hijo Asa.<\/span><span class=\"text 1Kgs-15-9\"><sup class=\"versenum\">\u00a0<\/sup>Asa comenz\u00f3 a reinar sobre Jud\u00e1 cuando Jerobo\u00e1n llevaba veinte a\u00f1os de reinar sobre Israel,<\/span> <span id=\"es-RVC-9260\" class=\"text 1Kgs-15-10\"><sup class=\"versenum\">\u00a0<\/sup>y rein\u00f3 en Jerusal\u00e9n cuarenta y un a\u00f1os. Su madre se llamaba Mac\u00e1, y era hija de Abisalom.<\/span> <span id=\"es-RVC-9261\" class=\"text 1Kgs-15-11\"><sup class=\"versenum\">\u00a0<\/sup>A diferencia de su hermano y de su padre, Asa hizo lo recto a los ojos del Se\u00f1or, como su antepasado David.<\/span> <span id=\"es-RVC-9262\" class=\"text 1Kgs-15-12\"><sup class=\"versenum\">\u00a0<\/sup>Desterr\u00f3 del pa\u00eds a los que practicaban la prostituci\u00f3n entre hombres en los templos paganos, y derrib\u00f3 todos los \u00eddolos que sus antepasados hab\u00edan hecho.<\/span> <span id=\"es-RVC-9263\" class=\"text 1Kgs-15-13\"><sup class=\"versenum\">\u00a0<\/sup>A Mac\u00e1, su madre, le quit\u00f3 el t\u00edtulo de reina madre porque hab\u00eda hecho un \u00eddolo de Asera, al cual destruy\u00f3 y le prendi\u00f3 fuego junto al torrente de Cedr\u00f3n.<\/span> <span id=\"es-RVC-9264\" class=\"text 1Kgs-15-14\"><sup class=\"versenum\">\u00a0<\/sup>Y aunque no se quitaron todos los altares de los montes, durante toda su vida Asa am\u00f3 al Se\u00f1or con todo su coraz\u00f3n.<\/span> <\/strong><span id=\"es-RVC-9265\" class=\"text 1Kgs-15-15\"><strong><sup class=\"versenum\">\u00a0<\/sup>Hizo que se llevara de nuevo al templo del Se\u00f1or lo que su padre hab\u00eda consagrado, adem\u00e1s del oro, la plata y las alhajas que \u00e9l mismo dedic\u00f3.<\/strong> 1 Reyes 15:1-15<\/span><\/p>\n<p class=\"chapter-1\"><strong><span class=\"text 2Tim-1-1\">Yo, Pablo, ap\u00f3stol de Jesucristo por la voluntad de Dios y seg\u00fan la promesa de la vida que es en Cristo Jes\u00fas,<\/span><span id=\"es-RVC-29813\" class=\"text 2Tim-1-2\"><sup class=\"versenum\">\u00a0<\/sup>a Timoteo, amado hijo: Que tengas gracia, misericordia y paz, de Dios el Padre y de Jesucristo nuestro Se\u00f1or.\u00a0<\/span><span class=\"text 2Tim-1-3\">Doy gracias a Dios, a quien, como mis antepasados, sirvo con limpia conciencia, de que siempre, d\u00eda y noche, me acuerdo de ti en mis oraciones.<\/span> <span id=\"es-RVC-29815\" class=\"text 2Tim-1-4\">Al acordarme de tus l\u00e1grimas siento deseos de verte, para llenarme de gozo;\u00a0<\/span><\/strong><span id=\"es-RVC-29816\" class=\"text 2Tim-1-5\"><strong><sup class=\"versenum\">\u00a0<\/sup>pues me viene a la memoria la fe sincera que hay en ti, la cual habit\u00f3 primero en tu abuela Loida, y en tu madre Eunice, y estoy seguro que habita en ti tambi\u00e9<\/strong>n. 2 Timoteo 1:1-5<\/span><\/p>\n<p class=\"chapter-1\"><strong><span id=\"es-RVC-5091\" class=\"text Deut-6-4\">\u00bbOye, Israel: el Se\u00f1or nuestro Dios, el Se\u00f1or es uno.<\/span> <span id=\"es-RVC-5092\" class=\"text Deut-6-5\">Y amar\u00e1s al Se\u00f1or tu Dios con todo tu coraz\u00f3n, y con toda tu alma, y con todas tus fuerzas.<\/span> <span id=\"es-RVC-5093\" class=\"text Deut-6-6\"><sup class=\"versenum\">\u00a0<\/sup>Estas palabras que hoy te mando cumplir estar\u00e1n en tu coraz\u00f3n,<\/span> <\/strong><span id=\"es-RVC-5094\" class=\"text Deut-6-7\"><strong><sup class=\"versenum\">\u00a0<\/sup>y se las repetir\u00e1s a tus hijos, y hablar\u00e1s de ellas cuando est\u00e9s en tu casa, y cuando vayas por el camino, y cuando te acuestes y cuando te levantes.<\/strong> Deuteronomio 6:4-7<\/span><\/p>\n<p class=\"chapter-1\">Se\u00f1or te pedimos que nos ayudes a guiar activamente a nuestros hijos a Cristo, que nos llenes de Tu esp\u00edritu para ense\u00f1arles Tu voluntad, te pedimos que Tu les ablandes su coraz\u00f3n y les des el privilegio de conocerte y un d\u00eda tomar Su propa decisi\u00f3n de seguirte, te lo pedimos en nombre de nuestro Se\u00f1or Jes\u00fas am\u00e9n.<\/p>\n<p class=\"chapter-1\">Que Dios bendiga a cada una de ustedes.<\/p>\n<p class=\"chapter-1\">Jackie C.<\/p>\n<p class=\"chapter-1\"><a href=\"http:\/\/damas.laiglesiadelacomunidad.com\/?attachment_id=11151\" rel=\"attachment wp-att-11151\"><img loading=\"lazy\" decoding=\"async\" class=\"alignnone size-full wp-image-11151\" src=\"http:\/\/damas.laiglesiadelacomunidad.com\/wp-content\/uploads\/2016\/05\/2016-05-11-21.36.15.jpg\" alt=\"2016-05-11 21.36.15\" width=\"1200\" height=\"1600\" srcset=\"http:\/\/damas.laiglesiadelacomunidad.com\/wp-content\/uploads\/2016\/05\/2016-05-11-21.36.15.jpg 1200w, http:\/\/damas.laiglesiadelacomunidad.com\/wp-content\/uploads\/2016\/05\/2016-05-11-21.36.15-225x300.jpg 225w, http:\/\/damas.laiglesiadelacomunidad.com\/wp-content\/uploads\/2016\/05\/2016-05-11-21.36.15-768x1024.jpg 768w\" sizes=\"(max-width: 1200px) 100vw, 1200px\" \/><\/a> <a href=\"http:\/\/damas.laiglesiadelacomunidad.com\/?attachment_id=11152\" rel=\"attachment wp-att-11152\"><img loading=\"lazy\" decoding=\"async\" class=\"alignnone size-full wp-image-11152\" src=\"http:\/\/damas.laiglesiadelacomunidad.com\/wp-content\/uploads\/2016\/05\/2016-05-11-21.36.22.jpg\" alt=\"2016-05-11 21.36.22\" width=\"1200\" height=\"1600\" srcset=\"http:\/\/damas.laiglesiadelacomunidad.com\/wp-content\/uploads\/2016\/05\/2016-05-11-21.36.22.jpg 1200w, http:\/\/damas.laiglesiadelacomunidad.com\/wp-content\/uploads\/2016\/05\/2016-05-11-21.36.22-225x300.jpg 225w, http:\/\/damas.laiglesiadelacomunidad.com\/wp-content\/uploads\/2016\/05\/2016-05-11-21.36.22-768x1024.jpg 768w\" sizes=\"(max-width: 1200px) 100vw, 1200px\" \/><\/a> <a href=\"http:\/\/damas.laiglesiadelacomunidad.com\/?attachment_id=11153\" rel=\"attachment wp-att-11153\"><img loading=\"lazy\" decoding=\"async\" class=\"alignnone size-full wp-image-11153\" src=\"http:\/\/damas.laiglesiadelacomunidad.com\/wp-content\/uploads\/2016\/05\/2016-05-11-21.36.27.jpg\" alt=\"2016-05-11 21.36.27\" width=\"1200\" height=\"1600\" srcset=\"http:\/\/damas.laiglesiadelacomunidad.com\/wp-content\/uploads\/2016\/05\/2016-05-11-21.36.27.jpg 1200w, http:\/\/damas.laiglesiadelacomunidad.com\/wp-content\/uploads\/2016\/05\/2016-05-11-21.36.27-225x300.jpg 225w, http:\/\/damas.laiglesiadelacomunidad.com\/wp-content\/uploads\/2016\/05\/2016-05-11-21.36.27-768x1024.jpg 768w\" sizes=\"(max-width: 1200px) 100vw, 1200px\" \/><\/a> <a href=\"http:\/\/damas.laiglesiadelacomunidad.com\/?attachment_id=11154\" rel=\"attachment wp-att-11154\"><img loading=\"lazy\" decoding=\"async\" class=\"alignnone size-full wp-image-11154\" src=\"http:\/\/damas.laiglesiadelacomunidad.com\/wp-content\/uploads\/2016\/05\/2016-05-11-21.36.31.jpg\" alt=\"2016-05-11 21.36.31\" width=\"1200\" height=\"1600\" srcset=\"http:\/\/damas.laiglesiadelacomunidad.com\/wp-content\/uploads\/2016\/05\/2016-05-11-21.36.31.jpg 1200w, http:\/\/damas.laiglesiadelacomunidad.com\/wp-content\/uploads\/2016\/05\/2016-05-11-21.36.31-225x300.jpg 225w, http:\/\/damas.laiglesiadelacomunidad.com\/wp-content\/uploads\/2016\/05\/2016-05-11-21.36.31-768x1024.jpg 768w\" sizes=\"(max-width: 1200px) 100vw, 1200px\" \/><\/a> <a href=\"http:\/\/damas.laiglesiadelacomunidad.com\/?attachment_id=11155\" rel=\"attachment wp-att-11155\"><img loading=\"lazy\" decoding=\"async\" class=\"alignnone size-full wp-image-11155\" src=\"http:\/\/damas.laiglesiadelacomunidad.com\/wp-content\/uploads\/2016\/05\/2016-05-11-21.36.35.jpg\" alt=\"2016-05-11 21.36.35\" width=\"1200\" height=\"1600\" srcset=\"http:\/\/damas.laiglesiadelacomunidad.com\/wp-content\/uploads\/2016\/05\/2016-05-11-21.36.35.jpg 1200w, http:\/\/damas.laiglesiadelacomunidad.com\/wp-content\/uploads\/2016\/05\/2016-05-11-21.36.35-225x300.jpg 225w, http:\/\/damas.laiglesiadelacomunidad.com\/wp-content\/uploads\/2016\/05\/2016-05-11-21.36.35-768x1024.jpg 768w\" sizes=\"(max-width: 1200px) 100vw, 1200px\" \/><\/a> <a href=\"http:\/\/damas.laiglesiadelacomunidad.com\/?attachment_id=11156\" rel=\"attachment wp-att-11156\"><img loading=\"lazy\" decoding=\"async\" class=\"alignnone size-full wp-image-11156\" src=\"http:\/\/damas.laiglesiadelacomunidad.com\/wp-content\/uploads\/2016\/05\/2016-05-11-21.36.38.jpg\" alt=\"2016-05-11 21.36.38\" width=\"1280\" height=\"960\" srcset=\"http:\/\/damas.laiglesiadelacomunidad.com\/wp-content\/uploads\/2016\/05\/2016-05-11-21.36.38.jpg 1280w, http:\/\/damas.laiglesiadelacomunidad.com\/wp-content\/uploads\/2016\/05\/2016-05-11-21.36.38-300x225.jpg 300w, http:\/\/damas.laiglesiadelacomunidad.com\/wp-content\/uploads\/2016\/05\/2016-05-11-21.36.38-768x576.jpg 768w, http:\/\/damas.laiglesiadelacomunidad.com\/wp-content\/uploads\/2016\/05\/2016-05-11-21.36.38-1024x768.jpg 1024w\" sizes=\"(max-width: 1280px) 100vw, 1280px\" \/><\/a> <a href=\"http:\/\/damas.laiglesiadelacomunidad.com\/?attachment_id=11157\" rel=\"attachment wp-att-11157\"><img loading=\"lazy\" decoding=\"async\" class=\"alignnone size-full wp-image-11157\" src=\"http:\/\/damas.laiglesiadelacomunidad.com\/wp-content\/uploads\/2016\/05\/2016-05-11-21.36.44.jpg\" alt=\"2016-05-11 21.36.44\" width=\"1280\" height=\"960\" srcset=\"http:\/\/damas.laiglesiadelacomunidad.com\/wp-content\/uploads\/2016\/05\/2016-05-11-21.36.44.jpg 1280w, http:\/\/damas.laiglesiadelacomunidad.com\/wp-content\/uploads\/2016\/05\/2016-05-11-21.36.44-300x225.jpg 300w, http:\/\/damas.laiglesiadelacomunidad.com\/wp-content\/uploads\/2016\/05\/2016-05-11-21.36.44-768x576.jpg 768w, http:\/\/damas.laiglesiadelacomunidad.com\/wp-content\/uploads\/2016\/05\/2016-05-11-21.36.44-1024x768.jpg 1024w\" sizes=\"(max-width: 1280px) 100vw, 1280px\" \/><\/a> <a href=\"http:\/\/damas.laiglesiadelacomunidad.com\/?attachment_id=11158\" rel=\"attachment wp-att-11158\"><img loading=\"lazy\" decoding=\"async\" class=\"alignnone size-full wp-image-11158\" src=\"http:\/\/damas.laiglesiadelacomunidad.com\/wp-content\/uploads\/2016\/05\/2016-05-11-21.36.48.jpg\" alt=\"2016-05-11 21.36.48\" width=\"1280\" height=\"960\" srcset=\"http:\/\/damas.laiglesiadelacomunidad.com\/wp-content\/uploads\/2016\/05\/2016-05-11-21.36.48.jpg 1280w, http:\/\/damas.laiglesiadelacomunidad.com\/wp-content\/uploads\/2016\/05\/2016-05-11-21.36.48-300x225.jpg 300w, http:\/\/damas.laiglesiadelacomunidad.com\/wp-content\/uploads\/2016\/05\/2016-05-11-21.36.48-768x576.jpg 768w, http:\/\/damas.laiglesiadelacomunidad.com\/wp-content\/uploads\/2016\/05\/2016-05-11-21.36.48-1024x768.jpg 1024w\" sizes=\"(max-width: 1280px) 100vw, 1280px\" \/><\/a> <a href=\"http:\/\/damas.laiglesiadelacomunidad.com\/?attachment_id=11159\" rel=\"attachment wp-att-11159\"><img loading=\"lazy\" decoding=\"async\" class=\"alignnone size-full wp-image-11159\" src=\"http:\/\/damas.laiglesiadelacomunidad.com\/wp-content\/uploads\/2016\/05\/2016-05-11-21.36.53.jpg\" alt=\"2016-05-11 21.36.53\" width=\"1280\" height=\"960\" srcset=\"http:\/\/damas.laiglesiadelacomunidad.com\/wp-content\/uploads\/2016\/05\/2016-05-11-21.36.53.jpg 1280w, http:\/\/damas.laiglesiadelacomunidad.com\/wp-content\/uploads\/2016\/05\/2016-05-11-21.36.53-300x225.jpg 300w, http:\/\/damas.laiglesiadelacomunidad.com\/wp-content\/uploads\/2016\/05\/2016-05-11-21.36.53-768x576.jpg 768w, http:\/\/damas.laiglesiadelacomunidad.com\/wp-content\/uploads\/2016\/05\/2016-05-11-21.36.53-1024x768.jpg 1024w\" sizes=\"(max-width: 1280px) 100vw, 1280px\" \/><\/a> <a href=\"http:\/\/damas.laiglesiadelacomunidad.com\/?attachment_id=11169\" rel=\"attachment wp-att-11169\"><img loading=\"lazy\" decoding=\"async\" class=\"alignnone size-full wp-image-11169\" src=\"http:\/\/damas.laiglesiadelacomunidad.com\/wp-content\/uploads\/2016\/05\/2016-05-11-21.37.32.jpg\" alt=\"2016-05-11 21.37.32\" width=\"1600\" height=\"1200\" srcset=\"http:\/\/damas.laiglesiadelacomunidad.com\/wp-content\/uploads\/2016\/05\/2016-05-11-21.37.32.jpg 1600w, http:\/\/damas.laiglesiadelacomunidad.com\/wp-content\/uploads\/2016\/05\/2016-05-11-21.37.32-300x225.jpg 300w, http:\/\/damas.laiglesiadelacomunidad.com\/wp-content\/uploads\/2016\/05\/2016-05-11-21.37.32-768x576.jpg 768w, http:\/\/damas.laiglesiadelacomunidad.com\/wp-content\/uploads\/2016\/05\/2016-05-11-21.37.32-1024x768.jpg 1024w\" sizes=\"(max-width: 1600px) 100vw, 1600px\" \/><\/a><a href=\"http:\/\/damas.laiglesiadelacomunidad.com\/?attachment_id=11161\" rel=\"attachment wp-att-11161\"><img loading=\"lazy\" decoding=\"async\" class=\"alignnone size-full wp-image-11161\" src=\"http:\/\/damas.laiglesiadelacomunidad.com\/wp-content\/uploads\/2016\/05\/2016-05-11-21.37.07.jpg\" alt=\"2016-05-11 21.37.07\" width=\"1600\" height=\"1200\" srcset=\"http:\/\/damas.laiglesiadelacomunidad.com\/wp-content\/uploads\/2016\/05\/2016-05-11-21.37.07.jpg 1600w, http:\/\/damas.laiglesiadelacomunidad.com\/wp-content\/uploads\/2016\/05\/2016-05-11-21.37.07-300x225.jpg 300w, http:\/\/damas.laiglesiadelacomunidad.com\/wp-content\/uploads\/2016\/05\/2016-05-11-21.37.07-768x576.jpg 768w, http:\/\/damas.laiglesiadelacomunidad.com\/wp-content\/uploads\/2016\/05\/2016-05-11-21.37.07-1024x768.jpg 1024w\" sizes=\"(max-width: 1600px) 100vw, 1600px\" \/><\/a> <a href=\"http:\/\/damas.laiglesiadelacomunidad.com\/?attachment_id=11162\" rel=\"attachment wp-att-11162\"><img loading=\"lazy\" decoding=\"async\" class=\"alignnone size-full wp-image-11162\" src=\"http:\/\/damas.laiglesiadelacomunidad.com\/wp-content\/uploads\/2016\/05\/2016-05-11-21.37.09.jpg\" alt=\"2016-05-11 21.37.09\" width=\"1200\" height=\"1600\" srcset=\"http:\/\/damas.laiglesiadelacomunidad.com\/wp-content\/uploads\/2016\/05\/2016-05-11-21.37.09.jpg 1200w, http:\/\/damas.laiglesiadelacomunidad.com\/wp-content\/uploads\/2016\/05\/2016-05-11-21.37.09-225x300.jpg 225w, http:\/\/damas.laiglesiadelacomunidad.com\/wp-content\/uploads\/2016\/05\/2016-05-11-21.37.09-768x1024.jpg 768w\" sizes=\"(max-width: 1200px) 100vw, 1200px\" \/><\/a> <a href=\"http:\/\/damas.laiglesiadelacomunidad.com\/?attachment_id=11163\" rel=\"attachment wp-att-11163\"><img loading=\"lazy\" decoding=\"async\" class=\"alignnone size-full wp-image-11163\" src=\"http:\/\/damas.laiglesiadelacomunidad.com\/wp-content\/uploads\/2016\/05\/2016-05-11-21.37.12.jpg\" alt=\"2016-05-11 21.37.12\" width=\"1600\" height=\"1200\" srcset=\"http:\/\/damas.laiglesiadelacomunidad.com\/wp-content\/uploads\/2016\/05\/2016-05-11-21.37.12.jpg 1600w, http:\/\/damas.laiglesiadelacomunidad.com\/wp-content\/uploads\/2016\/05\/2016-05-11-21.37.12-300x225.jpg 300w, http:\/\/damas.laiglesiadelacomunidad.com\/wp-content\/uploads\/2016\/05\/2016-05-11-21.37.12-768x576.jpg 768w, http:\/\/damas.laiglesiadelacomunidad.com\/wp-content\/uploads\/2016\/05\/2016-05-11-21.37.12-1024x768.jpg 1024w\" sizes=\"(max-width: 1600px) 100vw, 1600px\" \/><\/a> <a href=\"http:\/\/damas.laiglesiadelacomunidad.com\/?attachment_id=11164\" rel=\"attachment wp-att-11164\"><img loading=\"lazy\" decoding=\"async\" class=\"alignnone size-full wp-image-11164\" src=\"http:\/\/damas.laiglesiadelacomunidad.com\/wp-content\/uploads\/2016\/05\/2016-05-11-21.37.15.jpg\" alt=\"2016-05-11 21.37.15\" width=\"1600\" height=\"1200\" srcset=\"http:\/\/damas.laiglesiadelacomunidad.com\/wp-content\/uploads\/2016\/05\/2016-05-11-21.37.15.jpg 1600w, http:\/\/damas.laiglesiadelacomunidad.com\/wp-content\/uploads\/2016\/05\/2016-05-11-21.37.15-300x225.jpg 300w, http:\/\/damas.laiglesiadelacomunidad.com\/wp-content\/uploads\/2016\/05\/2016-05-11-21.37.15-768x576.jpg 768w, http:\/\/damas.laiglesiadelacomunidad.com\/wp-content\/uploads\/2016\/05\/2016-05-11-21.37.15-1024x768.jpg 1024w\" sizes=\"(max-width: 1600px) 100vw, 1600px\" \/><\/a> <a href=\"http:\/\/damas.laiglesiadelacomunidad.com\/?attachment_id=11165\" rel=\"attachment wp-att-11165\"><img loading=\"lazy\" decoding=\"async\" class=\"alignnone size-full wp-image-11165\" src=\"http:\/\/damas.laiglesiadelacomunidad.com\/wp-content\/uploads\/2016\/05\/2016-05-11-21.37.18.jpg\" alt=\"2016-05-11 21.37.18\" width=\"1600\" height=\"1200\" srcset=\"http:\/\/damas.laiglesiadelacomunidad.com\/wp-content\/uploads\/2016\/05\/2016-05-11-21.37.18.jpg 1600w, http:\/\/damas.laiglesiadelacomunidad.com\/wp-content\/uploads\/2016\/05\/2016-05-11-21.37.18-300x225.jpg 300w, http:\/\/damas.laiglesiadelacomunidad.com\/wp-content\/uploads\/2016\/05\/2016-05-11-21.37.18-768x576.jpg 768w, http:\/\/damas.laiglesiadelacomunidad.com\/wp-content\/uploads\/2016\/05\/2016-05-11-21.37.18-1024x768.jpg 1024w\" sizes=\"(max-width: 1600px) 100vw, 1600px\" \/><\/a> <a href=\"http:\/\/damas.laiglesiadelacomunidad.com\/?attachment_id=11166\" rel=\"attachment wp-att-11166\"><img loading=\"lazy\" decoding=\"async\" class=\"alignnone size-full wp-image-11166\" src=\"http:\/\/damas.laiglesiadelacomunidad.com\/wp-content\/uploads\/2016\/05\/2016-05-11-21.37.22.jpg\" alt=\"2016-05-11 21.37.22\" width=\"1600\" height=\"1200\" srcset=\"http:\/\/damas.laiglesiadelacomunidad.com\/wp-content\/uploads\/2016\/05\/2016-05-11-21.37.22.jpg 1600w, http:\/\/damas.laiglesiadelacomunidad.com\/wp-content\/uploads\/2016\/05\/2016-05-11-21.37.22-300x225.jpg 300w, http:\/\/damas.laiglesiadelacomunidad.com\/wp-content\/uploads\/2016\/05\/2016-05-11-21.37.22-768x576.jpg 768w, http:\/\/damas.laiglesiadelacomunidad.com\/wp-content\/uploads\/2016\/05\/2016-05-11-21.37.22-1024x768.jpg 1024w\" sizes=\"(max-width: 1600px) 100vw, 1600px\" \/><\/a> <a href=\"http:\/\/damas.laiglesiadelacomunidad.com\/?attachment_id=11167\" rel=\"attachment wp-att-11167\"><img loading=\"lazy\" decoding=\"async\" class=\"alignnone size-full wp-image-11167\" src=\"http:\/\/damas.laiglesiadelacomunidad.com\/wp-content\/uploads\/2016\/05\/2016-05-11-21.37.25.jpg\" alt=\"2016-05-11 21.37.25\" width=\"1600\" height=\"1200\" srcset=\"http:\/\/damas.laiglesiadelacomunidad.com\/wp-content\/uploads\/2016\/05\/2016-05-11-21.37.25.jpg 1600w, http:\/\/damas.laiglesiadelacomunidad.com\/wp-content\/uploads\/2016\/05\/2016-05-11-21.37.25-300x225.jpg 300w, http:\/\/damas.laiglesiadelacomunidad.com\/wp-content\/uploads\/2016\/05\/2016-05-11-21.37.25-768x576.jpg 768w, http:\/\/damas.laiglesiadelacomunidad.com\/wp-content\/uploads\/2016\/05\/2016-05-11-21.37.25-1024x768.jpg 1024w\" sizes=\"(max-width: 1600px) 100vw, 1600px\" \/><\/a> <a href=\"http:\/\/damas.laiglesiadelacomunidad.com\/?attachment_id=11168\" rel=\"attachment wp-att-11168\"><img loading=\"lazy\" decoding=\"async\" class=\"alignnone size-full wp-image-11168\" src=\"http:\/\/damas.laiglesiadelacomunidad.com\/wp-content\/uploads\/2016\/05\/2016-05-11-21.37.28.jpg\" alt=\"2016-05-11 21.37.28\" width=\"1600\" height=\"1200\" srcset=\"http:\/\/damas.laiglesiadelacomunidad.com\/wp-content\/uploads\/2016\/05\/2016-05-11-21.37.28.jpg 1600w, http:\/\/damas.laiglesiadelacomunidad.com\/wp-content\/uploads\/2016\/05\/2016-05-11-21.37.28-300x225.jpg 300w, http:\/\/damas.laiglesiadelacomunidad.com\/wp-content\/uploads\/2016\/05\/2016-05-11-21.37.28-768x576.jpg 768w, http:\/\/damas.laiglesiadelacomunidad.com\/wp-content\/uploads\/2016\/05\/2016-05-11-21.37.28-1024x768.jpg 1024w\" sizes=\"(max-width: 1600px) 100vw, 1600px\" \/><\/a> <a href=\"http:\/\/damas.laiglesiadelacomunidad.com\/?attachment_id=11169\" rel=\"attachment wp-att-11169\"><img loading=\"lazy\" decoding=\"async\" class=\"alignnone size-full wp-image-11169\" src=\"http:\/\/damas.laiglesiadelacomunidad.com\/wp-content\/uploads\/2016\/05\/2016-05-11-21.37.32.jpg\" alt=\"2016-05-11 21.37.32\" width=\"1600\" height=\"1200\" srcset=\"http:\/\/damas.laiglesiadelacomunidad.com\/wp-content\/uploads\/2016\/05\/2016-05-11-21.37.32.jpg 1600w, http:\/\/damas.laiglesiadelacomunidad.com\/wp-content\/uploads\/2016\/05\/2016-05-11-21.37.32-300x225.jpg 300w, http:\/\/damas.laiglesiadelacomunidad.com\/wp-content\/uploads\/2016\/05\/2016-05-11-21.37.32-768x576.jpg 768w, http:\/\/damas.laiglesiadelacomunidad.com\/wp-content\/uploads\/2016\/05\/2016-05-11-21.37.32-1024x768.jpg 1024w\" sizes=\"(max-width: 1600px) 100vw, 1600px\" \/><\/a><\/p>\n","protected":false},"excerpt":{"rendered":"<p>Gracias Se\u00f1or por tan linda noche, gracias por darnos tanto gozo con tooooodos estos ni\u00f1os que se reunen con nosotros, te pedimos que nos ayudes a ser un buen ejemplo para ellos y que le ayudemos a conocerte cada d\u00eda m\u00e1s, concedenos Se\u00f1or que los podamos ver crecer. El tema del estudio de hoy fue: &hellip; <a href=\"http:\/\/damas.laiglesiadelacomunidad.com\/?p=11150\" class=\"more-link\">Continue reading <span class=\"screen-reader-text\">Estudio Mi\u00e9rcoles 11 de Mayo del 2016<\/span> <span class=\"meta-nav\">&rarr;<\/span><\/a><\/p>\n","protected":false},"author":2,"featured_media":0,"comment_status":"open","ping_status":"open","sticky":false,"template":"","format":"gallery","meta":{"footnotes":""},"categories":[6],"tags":[],"_links":{"self":[{"href":"http:\/\/damas.laiglesiadelacomunidad.com\/index.php?rest_route=\/wp\/v2\/posts\/11150"}],"collection":[{"href":"http:\/\/damas.laiglesiadelacomunidad.com\/index.php?rest_route=\/wp\/v2\/posts"}],"about":[{"href":"http:\/\/damas.laiglesiadelacomunidad.com\/index.php?rest_route=\/wp\/v2\/types\/post"}],"author":[{"embeddable":true,"href":"http:\/\/damas.laiglesiadelacomunidad.com\/index.php?rest_route=\/wp\/v2\/users\/2"}],"replies":[{"embeddable":true,"href":"http:\/\/damas.laiglesiadelacomunidad.com\/index.php?rest_route=%2Fwp%2Fv2%2Fcomments&post=11150"}],"version-history":[{"count":1,"href":"http:\/\/damas.laiglesiadelacomunidad.com\/index.php?rest_route=\/wp\/v2\/posts\/11150\/revisions"}],"predecessor-version":[{"id":11171,"href":"http:\/\/damas.laiglesiadelacomunidad.com\/index.php?rest_route=\/wp\/v2\/posts\/11150\/revisions\/11171"}],"wp:attachment":[{"href":"http:\/\/damas.laiglesiadelacomunidad.com\/index.php?rest_route=%2Fwp%2Fv2%2Fmedia&parent=11150"}],"wp:term":[{"taxonomy":"category","embeddable":true,"href":"http:\/\/damas.laiglesiadelacomunidad.com\/index.php?rest_route=%2Fwp%2Fv2%2Fcategories&post=11150"},{"taxonomy":"post_tag","embeddable":true,"href":"http:\/\/damas.laiglesiadelacomunidad.com\/index.php?rest_route=%2Fwp%2Fv2%2Ftags&post=11150"}],"curies":[{"name":"wp","href":"https:\/\/api.w.org\/{rel}","templated":true}]}}