{"id":11098,"date":"2016-05-01T22:16:18","date_gmt":"2016-05-02T03:16:18","guid":{"rendered":"http:\/\/damas.laiglesiadelacomunidad.com\/?p=11098"},"modified":"2016-05-01T22:16:18","modified_gmt":"2016-05-02T03:16:18","slug":"reunion-1-de-mayo-del-2016","status":"publish","type":"post","link":"http:\/\/damas.laiglesiadelacomunidad.com\/?p=11098","title":{"rendered":"Reuni\u00f3n 1 de Mayo del 2016"},"content":{"rendered":"<p>Gracias Se\u00f1or por ser tan bueno, gracias por otra linda noche, gracias por poner en nuestros corazones el deseo de congregarnos hoy, gracias por cada persona que asisti\u00f3, por cada voluntario, por los m\u00fasicos, maestras y cantantes.<\/p>\n<p>Seguimos empapandonos de la vida de Jes\u00fas seg\u00fan el evangelio de Mateo. El tema de hoy fue: <strong>&#8220;Palabra y Valor&#8221;\u00a0<\/strong>y la idea grande de hoy fue: <strong>&#8220;El Esp\u00edritu de Dios da palabras y valor al seguidor de Jes\u00fas&#8221;\u00a0<\/strong>A veces sentimos la impotencia de hablar de Jes\u00fas, de explicar el evangelio, de pedir un estudio o al contrario tenemos el valor de hablar pero sin depender de Dios \u00a0por nuestra propia fuerza y\u00a0lo hacemos con orgullo y eso hace que la gente que ve nuestro orgullo no nos escuche.<\/p>\n<p>Jes\u00fas nos manda a predicar Su evangelio y nos da advertencias y nos habla de lo d\u00edficil que va ser para nosotros explicar el evangelio, tanto as\u00ed que a veces sentimos temor tanto de aceptarlo como de ense\u00f1arlo. En la Biblia hemos visto historia tras historia de como Dios a ayudado a sus profetas a hablar aunque sean muy j\u00f3venes como Jeremias o personas con dificultad para hablar como Moises. Vemos como Jes\u00fas instruy\u00f3 a sus discipulos y nos instruye a nosotros y nos da el Esp\u00edritu Santo cuando lo aceptamos por arrepentirnos y bautizarnos y el Esp\u00edritu Santo nos da el valor para que hablemos.<\/p>\n<p><span style=\"color: #ff0000;\"><span class=\"text Matt-10-16\"><sup class=\"versenum\">\u00a0<\/sup>\u00bbTengan ustedes en cuenta que los estoy enviando como a ovejas en medio de lobos; as\u00ed que sean prudentes como serpientes y sencillos como palomas.<\/span> <span id=\"es-RVC-23436\" class=\"text Matt-10-17\"><sup class=\"versenum\">\u00a0<\/sup>Cu\u00eddense de la gente, porque los entregar\u00e1n a los tribunales, y los azotar\u00e1n en las sinagogas;<\/span> <span id=\"es-RVC-23437\" class=\"text Matt-10-18\"><sup class=\"versenum\">\u00a0<\/sup>y por causa de m\u00ed, incluso los har\u00e1n comparecer ante gobernadores y reyes, para que den testimonio ante ellos y ante las naciones.<\/span> <span id=\"es-RVC-23438\" class=\"text Matt-10-19\"><sup class=\"versenum\">\u00a0<\/sup>Pero cuando ustedes sean entregados, no se preocupen por lo que han de decir, ni por c\u00f3mo habr\u00e1n de decirlo, porque en ese momento se les dar\u00e1 lo que tienen que decir.<\/span> <\/span><span id=\"es-RVC-23439\" class=\"text Matt-10-20\"><span style=\"color: #ff0000;\"><sup class=\"versenum\">\u00a0<\/sup>Porque no ser\u00e1n ustedes los que hablen, sino que el Esp\u00edritu de su Padre hablar\u00e1 por ustedes.<\/span> Mateo 10:16-20<\/span><\/p>\n<p><strong><span id=\"es-RVC-1612\" class=\"text Exod-4-10\">Entonces Mois\u00e9s le dijo al Se\u00f1or:<\/span><span class=\"text Exod-4-10\">\u00ab\u00a1Ay, Se\u00f1or! Yo nunca he sido hombre de f\u00e1cil palabra, ni antes ni ahora que hablas con este siervo tuyo. Y es que soy muy lento para hablar, y mi lengua es muy torpe.\u00bb\u00a0<\/span><span id=\"es-RVC-1613\" class=\"text Exod-4-11\">Pero el Se\u00f1or le respondi\u00f3:\u00a0<\/span><span class=\"text Exod-4-11\">\u00ab\u00bfY qui\u00e9n le dio la boca al hombre? \u00bfO qui\u00e9n hizo al mudo y al sordo, o al que ve y al que no ve? \u00bfAcaso no soy yo el Se\u00f1or?<\/span> <\/strong><span id=\"es-RVC-1614\" class=\"text Exod-4-12\"><strong><sup class=\"versenum\">\u00a0<\/sup>As\u00ed que anda ya, que yo estar\u00e9 con tu boca y te ense\u00f1ar\u00e9 lo que tengas que decir.\u00bb<\/strong> Exodo 4:10-12<\/span><\/p>\n<p><span style=\"color: #ff0000;\"><span class=\"text John-14-15\">\u00bbSi me aman, obedezcan mis mandamientos.<\/span> <span id=\"es-RVC-26686\" class=\"text John-14-16\">Y yo rogar\u00e9 al Padre, y \u00e9l les dar\u00e1 otro Consolador, para que est\u00e9 con ustedes para siempre:<span style=\"font-size: 12px; line-height: 0px;\">\u00a0<\/span><\/span><\/span><span id=\"es-RVC-26687\" class=\"text John-14-17\"><span style=\"color: #ff0000;\">es decir, el Esp\u00edritu de verdad, al cual el mundo no puede recibir porque no lo ve, ni lo conoce; pero ustedes lo conocen, porque permanece con ustedes, y estar\u00e1 en ustedes.<\/span> Juan 14:15-17<\/span><\/p>\n<p><strong>Y Pedro les dijo: \u00abArrepi\u00e9ntanse, y baut\u00edcense todos ustedes en el nombre de Jesucristo, para que sus pecados les sean perdonados. Entonces recibir\u00e1n el don del Esp\u00edritu Santo.<\/strong> Hechos 2:38<\/p>\n<p>Se\u00f1or de nuevo gracias por todas Tus bondades y Gracia para con nosotras, te pedimos Padre que nos des un buen dia de ayuno ma\u00f1ana y que nos llenes de Tu Esp\u00edritu Santom te lo pedimos en nombre de Jesucristo nuestro Se\u00f1or am\u00e9n<\/p>\n<p>Que Dios las bendiga;<\/p>\n<p>Jackie C.<\/p>\n<p><a href=\"http:\/\/damas.laiglesiadelacomunidad.com\/?attachment_id=11099\" rel=\"attachment wp-att-11099\"><img loading=\"lazy\" decoding=\"async\" class=\"alignnone size-full wp-image-11099\" src=\"http:\/\/damas.laiglesiadelacomunidad.com\/wp-content\/uploads\/2016\/05\/2016-05-01-21.37.10.jpg\" alt=\"2016-05-01 21.37.10\" width=\"1200\" height=\"1600\" srcset=\"http:\/\/damas.laiglesiadelacomunidad.com\/wp-content\/uploads\/2016\/05\/2016-05-01-21.37.10.jpg 1200w, http:\/\/damas.laiglesiadelacomunidad.com\/wp-content\/uploads\/2016\/05\/2016-05-01-21.37.10-225x300.jpg 225w, http:\/\/damas.laiglesiadelacomunidad.com\/wp-content\/uploads\/2016\/05\/2016-05-01-21.37.10-768x1024.jpg 768w\" sizes=\"(max-width: 1200px) 100vw, 1200px\" \/><\/a> <a href=\"http:\/\/damas.laiglesiadelacomunidad.com\/?attachment_id=11100\" rel=\"attachment wp-att-11100\"><img loading=\"lazy\" decoding=\"async\" class=\"alignnone size-full wp-image-11100\" src=\"http:\/\/damas.laiglesiadelacomunidad.com\/wp-content\/uploads\/2016\/05\/2016-05-01-21.37.15.jpg\" alt=\"2016-05-01 21.37.15\" width=\"1200\" height=\"1600\" srcset=\"http:\/\/damas.laiglesiadelacomunidad.com\/wp-content\/uploads\/2016\/05\/2016-05-01-21.37.15.jpg 1200w, http:\/\/damas.laiglesiadelacomunidad.com\/wp-content\/uploads\/2016\/05\/2016-05-01-21.37.15-225x300.jpg 225w, http:\/\/damas.laiglesiadelacomunidad.com\/wp-content\/uploads\/2016\/05\/2016-05-01-21.37.15-768x1024.jpg 768w\" sizes=\"(max-width: 1200px) 100vw, 1200px\" \/><\/a> <a href=\"http:\/\/damas.laiglesiadelacomunidad.com\/?attachment_id=11101\" rel=\"attachment wp-att-11101\"><img loading=\"lazy\" decoding=\"async\" class=\"alignnone size-full wp-image-11101\" src=\"http:\/\/damas.laiglesiadelacomunidad.com\/wp-content\/uploads\/2016\/05\/2016-05-01-21.37.19.jpg\" alt=\"2016-05-01 21.37.19\" width=\"1200\" height=\"1600\" srcset=\"http:\/\/damas.laiglesiadelacomunidad.com\/wp-content\/uploads\/2016\/05\/2016-05-01-21.37.19.jpg 1200w, http:\/\/damas.laiglesiadelacomunidad.com\/wp-content\/uploads\/2016\/05\/2016-05-01-21.37.19-225x300.jpg 225w, http:\/\/damas.laiglesiadelacomunidad.com\/wp-content\/uploads\/2016\/05\/2016-05-01-21.37.19-768x1024.jpg 768w\" sizes=\"(max-width: 1200px) 100vw, 1200px\" \/><\/a> <a href=\"http:\/\/damas.laiglesiadelacomunidad.com\/?attachment_id=11102\" rel=\"attachment wp-att-11102\"><img loading=\"lazy\" decoding=\"async\" class=\"alignnone size-full wp-image-11102\" src=\"http:\/\/damas.laiglesiadelacomunidad.com\/wp-content\/uploads\/2016\/05\/2016-05-01-21.37.23.jpg\" alt=\"2016-05-01 21.37.23\" width=\"1200\" height=\"1600\" srcset=\"http:\/\/damas.laiglesiadelacomunidad.com\/wp-content\/uploads\/2016\/05\/2016-05-01-21.37.23.jpg 1200w, http:\/\/damas.laiglesiadelacomunidad.com\/wp-content\/uploads\/2016\/05\/2016-05-01-21.37.23-225x300.jpg 225w, http:\/\/damas.laiglesiadelacomunidad.com\/wp-content\/uploads\/2016\/05\/2016-05-01-21.37.23-768x1024.jpg 768w\" sizes=\"(max-width: 1200px) 100vw, 1200px\" \/><\/a> <a href=\"http:\/\/damas.laiglesiadelacomunidad.com\/?attachment_id=11103\" rel=\"attachment wp-att-11103\"><img loading=\"lazy\" decoding=\"async\" class=\"alignnone size-full wp-image-11103\" src=\"http:\/\/damas.laiglesiadelacomunidad.com\/wp-content\/uploads\/2016\/05\/2016-05-01-21.37.26.jpg\" alt=\"2016-05-01 21.37.26\" width=\"1200\" height=\"1600\" srcset=\"http:\/\/damas.laiglesiadelacomunidad.com\/wp-content\/uploads\/2016\/05\/2016-05-01-21.37.26.jpg 1200w, http:\/\/damas.laiglesiadelacomunidad.com\/wp-content\/uploads\/2016\/05\/2016-05-01-21.37.26-225x300.jpg 225w, http:\/\/damas.laiglesiadelacomunidad.com\/wp-content\/uploads\/2016\/05\/2016-05-01-21.37.26-768x1024.jpg 768w\" sizes=\"(max-width: 1200px) 100vw, 1200px\" \/><\/a> <a href=\"http:\/\/damas.laiglesiadelacomunidad.com\/?attachment_id=11104\" rel=\"attachment wp-att-11104\"><img loading=\"lazy\" decoding=\"async\" class=\"alignnone size-full wp-image-11104\" src=\"http:\/\/damas.laiglesiadelacomunidad.com\/wp-content\/uploads\/2016\/05\/2016-05-01-21.37.31.jpg\" alt=\"2016-05-01 21.37.31\" width=\"1600\" height=\"1200\" srcset=\"http:\/\/damas.laiglesiadelacomunidad.com\/wp-content\/uploads\/2016\/05\/2016-05-01-21.37.31.jpg 1600w, http:\/\/damas.laiglesiadelacomunidad.com\/wp-content\/uploads\/2016\/05\/2016-05-01-21.37.31-300x225.jpg 300w, http:\/\/damas.laiglesiadelacomunidad.com\/wp-content\/uploads\/2016\/05\/2016-05-01-21.37.31-768x576.jpg 768w, http:\/\/damas.laiglesiadelacomunidad.com\/wp-content\/uploads\/2016\/05\/2016-05-01-21.37.31-1024x768.jpg 1024w\" sizes=\"(max-width: 1600px) 100vw, 1600px\" \/><\/a> <a href=\"http:\/\/damas.laiglesiadelacomunidad.com\/?attachment_id=11105\" rel=\"attachment wp-att-11105\"><img loading=\"lazy\" decoding=\"async\" class=\"alignnone size-full wp-image-11105\" src=\"http:\/\/damas.laiglesiadelacomunidad.com\/wp-content\/uploads\/2016\/05\/2016-05-01-21.37.37.jpg\" alt=\"2016-05-01 21.37.37\" width=\"1600\" height=\"1200\" srcset=\"http:\/\/damas.laiglesiadelacomunidad.com\/wp-content\/uploads\/2016\/05\/2016-05-01-21.37.37.jpg 1600w, http:\/\/damas.laiglesiadelacomunidad.com\/wp-content\/uploads\/2016\/05\/2016-05-01-21.37.37-300x225.jpg 300w, http:\/\/damas.laiglesiadelacomunidad.com\/wp-content\/uploads\/2016\/05\/2016-05-01-21.37.37-768x576.jpg 768w, http:\/\/damas.laiglesiadelacomunidad.com\/wp-content\/uploads\/2016\/05\/2016-05-01-21.37.37-1024x768.jpg 1024w\" sizes=\"(max-width: 1600px) 100vw, 1600px\" \/><\/a> <a href=\"http:\/\/damas.laiglesiadelacomunidad.com\/?attachment_id=11106\" rel=\"attachment wp-att-11106\"><img loading=\"lazy\" decoding=\"async\" class=\"alignnone size-full wp-image-11106\" src=\"http:\/\/damas.laiglesiadelacomunidad.com\/wp-content\/uploads\/2016\/05\/2016-05-01-21.38.28.jpg\" alt=\"2016-05-01 21.38.28\" width=\"1328\" height=\"747\" srcset=\"http:\/\/damas.laiglesiadelacomunidad.com\/wp-content\/uploads\/2016\/05\/2016-05-01-21.38.28.jpg 1328w, http:\/\/damas.laiglesiadelacomunidad.com\/wp-content\/uploads\/2016\/05\/2016-05-01-21.38.28-300x169.jpg 300w, http:\/\/damas.laiglesiadelacomunidad.com\/wp-content\/uploads\/2016\/05\/2016-05-01-21.38.28-768x432.jpg 768w, http:\/\/damas.laiglesiadelacomunidad.com\/wp-content\/uploads\/2016\/05\/2016-05-01-21.38.28-1024x576.jpg 1024w\" sizes=\"(max-width: 1328px) 100vw, 1328px\" \/><\/a> <a href=\"http:\/\/damas.laiglesiadelacomunidad.com\/?attachment_id=11107\" rel=\"attachment wp-att-11107\"><img loading=\"lazy\" decoding=\"async\" class=\"alignnone size-full wp-image-11107\" src=\"http:\/\/damas.laiglesiadelacomunidad.com\/wp-content\/uploads\/2016\/05\/2016-05-01-21.38.33.jpg\" alt=\"2016-05-01 21.38.33\" width=\"1328\" height=\"747\" srcset=\"http:\/\/damas.laiglesiadelacomunidad.com\/wp-content\/uploads\/2016\/05\/2016-05-01-21.38.33.jpg 1328w, http:\/\/damas.laiglesiadelacomunidad.com\/wp-content\/uploads\/2016\/05\/2016-05-01-21.38.33-300x169.jpg 300w, http:\/\/damas.laiglesiadelacomunidad.com\/wp-content\/uploads\/2016\/05\/2016-05-01-21.38.33-768x432.jpg 768w, http:\/\/damas.laiglesiadelacomunidad.com\/wp-content\/uploads\/2016\/05\/2016-05-01-21.38.33-1024x576.jpg 1024w\" sizes=\"(max-width: 1328px) 100vw, 1328px\" \/><\/a> <a href=\"http:\/\/damas.laiglesiadelacomunidad.com\/?attachment_id=11108\" rel=\"attachment wp-att-11108\"><img loading=\"lazy\" decoding=\"async\" class=\"alignnone size-full wp-image-11108\" src=\"http:\/\/damas.laiglesiadelacomunidad.com\/wp-content\/uploads\/2016\/05\/2016-05-01-21.38.36.jpg\" alt=\"2016-05-01 21.38.36\" width=\"1328\" height=\"747\" srcset=\"http:\/\/damas.laiglesiadelacomunidad.com\/wp-content\/uploads\/2016\/05\/2016-05-01-21.38.36.jpg 1328w, http:\/\/damas.laiglesiadelacomunidad.com\/wp-content\/uploads\/2016\/05\/2016-05-01-21.38.36-300x169.jpg 300w, http:\/\/damas.laiglesiadelacomunidad.com\/wp-content\/uploads\/2016\/05\/2016-05-01-21.38.36-768x432.jpg 768w, http:\/\/damas.laiglesiadelacomunidad.com\/wp-content\/uploads\/2016\/05\/2016-05-01-21.38.36-1024x576.jpg 1024w\" sizes=\"(max-width: 1328px) 100vw, 1328px\" \/><\/a> <a href=\"http:\/\/damas.laiglesiadelacomunidad.com\/?attachment_id=11109\" rel=\"attachment wp-att-11109\"><img loading=\"lazy\" decoding=\"async\" class=\"alignnone size-full wp-image-11109\" src=\"http:\/\/damas.laiglesiadelacomunidad.com\/wp-content\/uploads\/2016\/05\/2016-05-01-21.38.39.jpg\" alt=\"2016-05-01 21.38.39\" width=\"1328\" height=\"747\" srcset=\"http:\/\/damas.laiglesiadelacomunidad.com\/wp-content\/uploads\/2016\/05\/2016-05-01-21.38.39.jpg 1328w, http:\/\/damas.laiglesiadelacomunidad.com\/wp-content\/uploads\/2016\/05\/2016-05-01-21.38.39-300x169.jpg 300w, http:\/\/damas.laiglesiadelacomunidad.com\/wp-content\/uploads\/2016\/05\/2016-05-01-21.38.39-768x432.jpg 768w, http:\/\/damas.laiglesiadelacomunidad.com\/wp-content\/uploads\/2016\/05\/2016-05-01-21.38.39-1024x576.jpg 1024w\" sizes=\"(max-width: 1328px) 100vw, 1328px\" \/><\/a><\/p>\n","protected":false},"excerpt":{"rendered":"<p>Gracias Se\u00f1or por ser tan bueno, gracias por otra linda noche, gracias por poner en nuestros corazones el deseo de congregarnos hoy, gracias por cada persona que asisti\u00f3, por cada voluntario, por los m\u00fasicos, maestras y cantantes. Seguimos empapandonos de la vida de Jes\u00fas seg\u00fan el evangelio de Mateo. El tema de hoy fue: &#8220;Palabra &hellip; <a href=\"http:\/\/damas.laiglesiadelacomunidad.com\/?p=11098\" class=\"more-link\">Continue reading <span class=\"screen-reader-text\">Reuni\u00f3n 1 de Mayo del 2016<\/span> <span class=\"meta-nav\">&rarr;<\/span><\/a><\/p>\n","protected":false},"author":2,"featured_media":0,"comment_status":"open","ping_status":"open","sticky":false,"template":"","format":"gallery","meta":{"footnotes":""},"categories":[7],"tags":[],"_links":{"self":[{"href":"http:\/\/damas.laiglesiadelacomunidad.com\/index.php?rest_route=\/wp\/v2\/posts\/11098"}],"collection":[{"href":"http:\/\/damas.laiglesiadelacomunidad.com\/index.php?rest_route=\/wp\/v2\/posts"}],"about":[{"href":"http:\/\/damas.laiglesiadelacomunidad.com\/index.php?rest_route=\/wp\/v2\/types\/post"}],"author":[{"embeddable":true,"href":"http:\/\/damas.laiglesiadelacomunidad.com\/index.php?rest_route=\/wp\/v2\/users\/2"}],"replies":[{"embeddable":true,"href":"http:\/\/damas.laiglesiadelacomunidad.com\/index.php?rest_route=%2Fwp%2Fv2%2Fcomments&post=11098"}],"version-history":[{"count":1,"href":"http:\/\/damas.laiglesiadelacomunidad.com\/index.php?rest_route=\/wp\/v2\/posts\/11098\/revisions"}],"predecessor-version":[{"id":11110,"href":"http:\/\/damas.laiglesiadelacomunidad.com\/index.php?rest_route=\/wp\/v2\/posts\/11098\/revisions\/11110"}],"wp:attachment":[{"href":"http:\/\/damas.laiglesiadelacomunidad.com\/index.php?rest_route=%2Fwp%2Fv2%2Fmedia&parent=11098"}],"wp:term":[{"taxonomy":"category","embeddable":true,"href":"http:\/\/damas.laiglesiadelacomunidad.com\/index.php?rest_route=%2Fwp%2Fv2%2Fcategories&post=11098"},{"taxonomy":"post_tag","embeddable":true,"href":"http:\/\/damas.laiglesiadelacomunidad.com\/index.php?rest_route=%2Fwp%2Fv2%2Ftags&post=11098"}],"curies":[{"name":"wp","href":"https:\/\/api.w.org\/{rel}","templated":true}]}}