{"id":11079,"date":"2016-04-20T22:27:31","date_gmt":"2016-04-21T03:27:31","guid":{"rendered":"http:\/\/damas.laiglesiadelacomunidad.com\/?p=11079"},"modified":"2016-04-20T22:33:49","modified_gmt":"2016-04-21T03:33:49","slug":"estudio-miercoles-20-de-abril-del-2016","status":"publish","type":"post","link":"http:\/\/damas.laiglesiadelacomunidad.com\/?p=11079","title":{"rendered":"Estudio Mi\u00e9rcoles 20 de Abril del 2016"},"content":{"rendered":"<p>Gracias Se\u00f1or por darnos otra linda noche de comunidad, gracias por como Tu usas a cada una de nosotras para animarnos y ayudarnos a entender mejor el evangelio y como aplicarlo a nuestra vida por como lo modelan las dem\u00e1s.<\/p>\n<p>El tema de hoy fue; <strong>&#8220;Puertas Abiertas y Puertas Cerradas&#8221;\u00a0<\/strong>y la idea grande fue:<strong> &#8220;El Seguidor de Jes\u00fas proclama el evangelio a todo aquel que quiere escuchar&#8221;\u00a0<\/strong>hoy vimos que nosotros somos responsables de predicar el evangelio y vimos la urgencia de hacerlo y predicar el evangelio no solo a los que no lo han escuchado, pero tambi\u00e9n a los que ya lo han recibido y se han alejado, como a nosotras mismas, porque como vimos no predicar y no recibir el evangelio puede tener malas consecuencias.<\/p>\n<p>Tambi\u00e9n vimos que muchas puertas se nos cierran y que debemos tener paz con esas situaciones, pero el hecho de que est\u00e1s personas nos cierren la puerta no significa que de nuestro lado debe de quedar cerrada, nosotras siempre debemos mantener la puerta abierta y hacerselo saber a la persona que nos ha cerrado la suya. Recordemos como nosotras mismas \u00a0muchas veces hemos cerrado la puerta a Jes\u00fas, sin embargo \u00c9l siempre matiene su puerta abierta para recibirnos.<\/p>\n<p><span style=\"color: #ff0000;\"><strong><span id=\"es-RVC-23430\" class=\"text Matt-10-11\">En cualquier ciudad o aldea a la que lleguen, busquen a alguien que sea digno, y qu\u00e9dense all\u00ed hasta que salgan.<\/span> <span id=\"es-RVC-23431\" class=\"text Matt-10-12\">Al entrar en la casa, saluden.<\/span> <span id=\"es-RVC-23432\" class=\"text Matt-10-13\">Si la casa es digna, recibir\u00e1 la paz que ustedes le deseen; pero si no es digna, ese deseo de paz se volver\u00e1 a ustedes.<\/span> <span id=\"es-RVC-23433\" class=\"text Matt-10-14\">Si alguien no los recibe, ni oye sus palabras, salgan de aquella casa o ciudad, y sac\u00fadanse el polvo de los pies.<\/span> <\/strong><\/span><span id=\"es-RVC-23434\" class=\"text Matt-10-15\"><span style=\"color: #ff0000;\"><strong><sup class=\"versenum\">\u00a0<\/sup>De cierto les digo que, en el d\u00eda del juicio, el castigo para la tierra de Sodoma y de Gomorra, ser\u00e1 m\u00e1s tolerable que para aquella ciudad.<\/strong><\/span> Mateo 10:11-15<\/span><\/p>\n<p><strong><span class=\"text Heb-3-7\">Por eso, como dice el Esp\u00edritu Santo:\u00a0<\/span>\u00abSi ustedes oyen hoy su voz,<sup class=\"versenum\">\u00a0<\/sup>no endurezcan su coraz\u00f3n,\u00a0como lo hicieron en el desierto,\u00a0en el d\u00eda de la tentaci\u00f3n,cuando me provocaron.\u00a0All\u00ed los antepasados de ustedes\u00a0me tentaron, me pusieron a prueba,\u00a0aun cuando durante cuarenta a\u00f1os\u00a0hab\u00edan visto mis obras.<\/strong> Hebreos 3:7-9<\/p>\n<p><strong><span id=\"es-RVC-19062\" class=\"text Jer-5-2\"><sup class=\"versenum\">\u00a0<\/sup>Aun cuando digan: \u00abVive el Se\u00f1or\u00bb, sus juramentos son falsos.\u00a0<\/span><\/strong><span id=\"es-RVC-19063\" class=\"text Jer-5-3\"><strong><sup class=\"versenum\">\u00a0<\/sup>\u00a1Ah, Se\u00f1or! \u00bfAcaso tus ojos no se fijan en la verdad? Los castigaste, pero no les doli\u00f3; acabaste con ellos, pero no quisieron ser corregidos; endurecieron su semblante m\u00e1s que la roca, \u00a1y no quisieron volverse a ti!<\/strong> Jeremias 5:2-3<\/span><\/p>\n<p><strong><span id=\"es-RVC-30228\" class=\"text Heb-12-14\">Procuren vivir en paz con todos, y en santidad, sin la cual nadie ver\u00e1 al Se\u00f1or.<\/span> <\/strong><span id=\"es-RVC-30229\" class=\"text Heb-12-15\"><strong><sup class=\"versenum\">\u00a0<\/sup>Tengan cuidado. No vayan a perderse la gracia de Dios; no dejen brotar ninguna ra\u00edz de amargura, pues podr\u00eda estorbarles y hacer que muchos se contaminen con ella.<\/strong> Hebreos 12:14-15<\/span><\/p>\n<p><span class=\"text 2Cor-2-14\"><sup class=\"versenum\">\u00a0<\/sup><strong>Pero gracias a Dios, que en Cristo Jes\u00fas siempre nos hace salir triunfantes, y que por medio de nosotros manifiesta en todas partes el aroma de su conocimiento.\u00a0<\/strong><\/span><strong><span id=\"es-RVC-28841\" class=\"text 2Cor-2-15\">Ciertamente, para Dios somos el fragante aroma de Cristo, tanto en los que se salvan como en los que se pierden.<\/span><span id=\"es-RVC-28842\" class=\"text 2Cor-2-16\"><sup class=\"versenum\">\u00a0<\/sup>Para \u00e9stos somos olor de muerte, que lleva a la muerte, y para aqu\u00e9llos somos olor de vida que lleva a la vida. \u00bfQui\u00e9n est\u00e1 calificado para una tarea tan importante?<\/span> <\/strong><span id=\"es-RVC-28843\" class=\"text 2Cor-2-17\"><strong><sup class=\"versenum\">\u00a0<\/sup>Nosotros no somos como muchos, que negocian con la palabra de Dios, sino que hablamos de Cristo con sinceridad, como enviados por Dios, y en la presencia de Dios.<\/strong> 2 Corintios 2:14-17<\/span><\/p>\n<p>Se\u00f1or gracias por permitir que nos reunieramos hoy, gracias por cada una de nosotras, te pedimos que nos ayudes a primero aplicar el evangelio en nosotras para que nosotras podamos ayudar a otras a recibir el evangelio, abre puertas para que nosotras podamos hacerlo, te lo pedimos en nombre de Jes\u00fas, am\u00e9n.<\/p>\n<p>Que Dios las bendiga y la guie;<\/p>\n<p>Jackie C.<\/p>\n<p><a href=\"http:\/\/damas.laiglesiadelacomunidad.com\/?attachment_id=11080\" rel=\"attachment wp-att-11080\"><img loading=\"lazy\" decoding=\"async\" class=\"alignnone size-full wp-image-11080\" src=\"http:\/\/damas.laiglesiadelacomunidad.com\/wp-content\/uploads\/2016\/04\/2016-04-20-21.52.45.jpg\" alt=\"2016-04-20 21.52.45\" width=\"1200\" height=\"1600\" srcset=\"http:\/\/damas.laiglesiadelacomunidad.com\/wp-content\/uploads\/2016\/04\/2016-04-20-21.52.45.jpg 1200w, http:\/\/damas.laiglesiadelacomunidad.com\/wp-content\/uploads\/2016\/04\/2016-04-20-21.52.45-225x300.jpg 225w, http:\/\/damas.laiglesiadelacomunidad.com\/wp-content\/uploads\/2016\/04\/2016-04-20-21.52.45-768x1024.jpg 768w\" sizes=\"(max-width: 1200px) 100vw, 1200px\" \/><\/a><\/p>\n","protected":false},"excerpt":{"rendered":"<p>Gracias Se\u00f1or por darnos otra linda noche de comunidad, gracias por como Tu usas a cada una de nosotras para animarnos y ayudarnos a entender mejor el evangelio y como aplicarlo a nuestra vida por como lo modelan las dem\u00e1s. El tema de hoy fue; &#8220;Puertas Abiertas y Puertas Cerradas&#8221;\u00a0y la idea grande fue: &#8220;El &hellip; <a href=\"http:\/\/damas.laiglesiadelacomunidad.com\/?p=11079\" class=\"more-link\">Continue reading <span class=\"screen-reader-text\">Estudio Mi\u00e9rcoles 20 de Abril del 2016<\/span> <span class=\"meta-nav\">&rarr;<\/span><\/a><\/p>\n","protected":false},"author":2,"featured_media":0,"comment_status":"open","ping_status":"open","sticky":false,"template":"","format":"gallery","meta":{"footnotes":""},"categories":[6],"tags":[],"_links":{"self":[{"href":"http:\/\/damas.laiglesiadelacomunidad.com\/index.php?rest_route=\/wp\/v2\/posts\/11079"}],"collection":[{"href":"http:\/\/damas.laiglesiadelacomunidad.com\/index.php?rest_route=\/wp\/v2\/posts"}],"about":[{"href":"http:\/\/damas.laiglesiadelacomunidad.com\/index.php?rest_route=\/wp\/v2\/types\/post"}],"author":[{"embeddable":true,"href":"http:\/\/damas.laiglesiadelacomunidad.com\/index.php?rest_route=\/wp\/v2\/users\/2"}],"replies":[{"embeddable":true,"href":"http:\/\/damas.laiglesiadelacomunidad.com\/index.php?rest_route=%2Fwp%2Fv2%2Fcomments&post=11079"}],"version-history":[{"count":4,"href":"http:\/\/damas.laiglesiadelacomunidad.com\/index.php?rest_route=\/wp\/v2\/posts\/11079\/revisions"}],"predecessor-version":[{"id":11084,"href":"http:\/\/damas.laiglesiadelacomunidad.com\/index.php?rest_route=\/wp\/v2\/posts\/11079\/revisions\/11084"}],"wp:attachment":[{"href":"http:\/\/damas.laiglesiadelacomunidad.com\/index.php?rest_route=%2Fwp%2Fv2%2Fmedia&parent=11079"}],"wp:term":[{"taxonomy":"category","embeddable":true,"href":"http:\/\/damas.laiglesiadelacomunidad.com\/index.php?rest_route=%2Fwp%2Fv2%2Fcategories&post=11079"},{"taxonomy":"post_tag","embeddable":true,"href":"http:\/\/damas.laiglesiadelacomunidad.com\/index.php?rest_route=%2Fwp%2Fv2%2Ftags&post=11079"}],"curies":[{"name":"wp","href":"https:\/\/api.w.org\/{rel}","templated":true}]}}