{"id":11011,"date":"2016-04-10T23:06:55","date_gmt":"2016-04-11T04:06:55","guid":{"rendered":"http:\/\/damas.laiglesiadelacomunidad.com\/?p=11011"},"modified":"2016-04-10T23:06:55","modified_gmt":"2016-04-11T04:06:55","slug":"reunion-domingo-10-de-abril-del-2016","status":"publish","type":"post","link":"http:\/\/damas.laiglesiadelacomunidad.com\/?p=11011","title":{"rendered":"Reuni\u00f3n domingo 10 de Abril del 2016"},"content":{"rendered":"<p>Gracias Se\u00f1or por darnos el privilegio de reunirnos de nuevo en congregaci\u00f3n, por darnos el privilegio de servirte y adorarte, gracias por los voluntario, cantantes, m\u00fasicos y por las visitas \ud83d\ude42<\/p>\n<p>Seguimos aprendiendo de las ense\u00f1anzas de Jes\u00fas seg\u00fan el evangelio de Mateo, hoy escuchamos una ense\u00f1anza muy retadora (como cada ense\u00f1anza de Jes\u00fas), el tema de hoy fue: &#8221; \u00bfQu\u00e9? o \u00bfC\u00f3mo?&#8221; y la idea grande de hoy fue:<strong> &#8220;Dios nos dice que hacer y provee el como&#8221;\u00a0<\/strong>en la escritura de hoy vimos como Jes\u00fas envi\u00f3 a sus apostoles a predicar sin nada, sin cambio de ropa, sin otro par de zapatos, sin baston, etc. Si Jes\u00fas me mandara a mi a hacer eso, lo primero que har\u00eda ser\u00eda abrir mis ojos y preguntarle \u00bfC\u00f3mo crees que podr\u00eda hacer semejante cosa? \u00a1no llevar \u00a0ni un cinco!<\/p>\n<p>Dios nos pone muchas oportunidades o trabajos enfrente desde poner sillas o cables en la iglesia los domingo hasta personas en nuestra vida que necesitan tener paz con \u00c9l, personas que estan lejos de \u00c9l y nosotros muchas veces ignoramos \u00e9ste trabajo y ponemos excusas como: tengo que prepararme m\u00e1s, no tengo dinero para hacerlo, no lo puedo hacer o nos hacemos preguntas como: \u00bfC\u00f3mo puedo yo hacer esto o aquello? \u00bfcon que recursos? \u00bfqui\u00e9n me va a ayudar a hacer \u00e9ste trabajo? o simplemente no deseamos hacer nada de trabajo en el Reino, con ir el domingo es suficiente. Si vamos a seguir el ejemplo de Jes\u00fas tenemos que empezar por confiar en Dios como Jes\u00fas lo hizo y obedecerle como Jes\u00fas lo hizo, el fue tan obediente que muri\u00f3 en una cruz, creyo en su Padre. Dios es nuestro gran proveedor y el proveera para cada tarea que nos pida hacer. Dios nos da la tarea y \u00c9l mismo se encarga de darnos el como. Nosotros solo tenemos que estar dispuestos, oberdecer y hacer lo que \u00c9l nos pida.<\/p>\n<p><span id=\"es-NVI-23399\" class=\"text Matt-10-5\"><sup class=\"versenum\">\u00a0<\/sup><span style=\"color: #ff0000;\"><strong><span style=\"color: #000000;\">Jes\u00fas envi\u00f3 a estos doce con las siguientes instrucciones:<\/span> \u00abNo vayan entre los gentiles ni entren en ning\u00fan pueblo de los samaritanos.<\/strong><\/span><\/span><span style=\"color: #ff0000;\"><strong> <span id=\"es-NVI-23400\" class=\"text Matt-10-6\"><sup class=\"versenum\">\u00a0<\/sup>Vayan m\u00e1s bien a las ovejas descarriadas del pueblo de Israel.<\/span> <span id=\"es-NVI-23401\" class=\"text Matt-10-7\"><sup class=\"versenum\">\u00a0<\/sup>Dondequiera que vayan, prediquen este mensaje: \u201cEl reino de los cielos est\u00e1 cerca.\u201d<\/span><span id=\"es-NVI-23402\" class=\"text Matt-10-8\"><sup class=\"versenum\">\u00a0<\/sup>Sanen a los enfermos, resuciten a los muertos, limpien de su enfermedad a los que tienen lepra, expulsen a los demonios. Lo que ustedes recibieron gratis, denlo gratuitamente.<\/span> <span id=\"es-NVI-23403\" class=\"text Matt-10-9\"><sup class=\"versenum\">\u00a0<\/sup>No lleven oro ni plata ni cobre en el cintur\u00f3n,<\/span> <\/strong><\/span><span id=\"es-NVI-23404\" class=\"text Matt-10-10\"><span style=\"color: #ff0000;\"><strong><sup class=\"versenum\">\u00a0<\/sup>ni bolsa para el camino, ni dos mudas de ropa, ni sandalias, ni bast\u00f3n; porque el trabajador merece que se le d\u00e9 su sustento.<\/strong><\/span> Mateo 10:5-10<\/span><\/p>\n<p><strong><span id=\"es-NVI-24388\" class=\"text Mark-6-8\"><sup class=\"versenum\">\u00a0<\/sup>Les orden\u00f3 que no llevaran nada para el camino, ni pan, ni bolsa, ni dinero en el cintur\u00f3n, sino s\u00f3lo un bast\u00f3n.<\/span> <span id=\"es-NVI-24389\" class=\"text Mark-6-9\"><span style=\"color: #ff0000;\">\u00abLleven sandalias <span style=\"color: #000000;\">\u2014dijo\u2014<\/span>, pero no dos mudas de ropa.\u00bb<\/span><\/span> <span id=\"es-NVI-24390\" class=\"text Mark-6-10\"><sup class=\"versenum\">\u00a0<\/sup>Y a\u00f1adi\u00f3: <span style=\"color: #ff0000;\">\u00abCuando entren en una casa, qu\u00e9dense all\u00ed hasta que salgan del pueblo.<\/span><\/span><\/strong><span id=\"es-NVI-24391\" class=\"text Mark-6-11\"><span style=\"color: #ff0000;\"><strong><sup class=\"versenum\">\u00a0<\/sup>Y si en alg\u00fan lugar no los reciben bien o no los escuchan, al salir de all\u00ed sac\u00fadanse el polvo de los pies, como un testimonio contra ellos.\u00bb<\/strong> <\/span>Marcos 6:8-11<\/span><\/p>\n<p><span style=\"color: #ff0000;\"><strong><span id=\"es-RVC-25369\" class=\"text Luke-10-4\">No lleven bolsa, ni alforja, ni calzado; ni se detengan en el camino a saludar a nadie.<\/span> <span id=\"es-RVC-25370\" class=\"text Luke-10-5\">En cualquier casa adonde entren, antes que nada digan: \u201cPaz a esta casa.\u201d<\/span> <span id=\"es-RVC-25371\" class=\"text Luke-10-6\">Si all\u00ed hay gente de paz, la paz de ustedes reposar\u00e1 sobre esa gente; de lo contrario, la paz volver\u00e1 a ustedes.<\/span><span id=\"es-RVC-25372\" class=\"text Luke-10-7\">Qu\u00e9dense en esa misma casa, y coman y beban lo que les den, porque el obrero es digno de su salario. No vayan de casa en casa.<\/span> <span id=\"es-RVC-25373\" class=\"text Luke-10-8\">En cualquier ciudad donde entren, y los reciban, coman lo que les ofrezcan.<\/span><span id=\"es-RVC-25374\" class=\"text Luke-10-9\">Sanen a los enfermos que all\u00ed haya, y d\u00edganles: \u201cEl reino de Dios se ha acercado a ustedes.\u201d<\/span> <span id=\"es-RVC-25375\" class=\"text Luke-10-10\">Pero si llegan a alguna ciudad y no los reciben, salgan a la calle y digan:<\/span> <span id=\"es-RVC-25376\" class=\"text Luke-10-11\"><sup class=\"versenum\">\u00a0<\/sup>\u201cHasta el polvo de su ciudad, que se ha pegado a nuestros pies, lo sacudimos contra ustedes. Pero sepan que el reino de Dios se ha acercado a ustedes.\u201d<\/span> <\/strong><\/span><span id=\"es-RVC-25377\" class=\"text Luke-10-12\"><span style=\"color: #ff0000;\"><strong>Yo les digo que, en aquel d\u00eda, el castigo para Sodoma ser\u00e1 m\u00e1s tolerable que para aquella ciudad.<\/strong><\/span> Lucas 10:4-12<\/span><\/p>\n<p>Gracias Se\u00f1or por todo lo que recibimos de Tu mano, te pedimos que nos ayudes a tener m\u00e1s fe, que nos ayudes a aceptar m\u00e1s trabajo de Tu parte sin preguntar como, ayudanos a confiar m\u00e1s en Ti Padre, te lo pedimos en nombre de Jes\u00fas, am\u00e9n.<\/p>\n<p>Dios las bendiga ricamente con mucho trabajo para Su Reino.<\/p>\n<p>Jackie C.<\/p>\n<p><a href=\"http:\/\/damas.laiglesiadelacomunidad.com\/?attachment_id=11013\" rel=\"attachment wp-att-11013\"><img loading=\"lazy\" decoding=\"async\" class=\"alignnone size-full wp-image-11013\" src=\"http:\/\/damas.laiglesiadelacomunidad.com\/wp-content\/uploads\/2016\/04\/2016-04-10-22.02.06.jpg\" alt=\"2016-04-10 22.02.06\" width=\"1200\" height=\"1600\" srcset=\"http:\/\/damas.laiglesiadelacomunidad.com\/wp-content\/uploads\/2016\/04\/2016-04-10-22.02.06.jpg 1200w, http:\/\/damas.laiglesiadelacomunidad.com\/wp-content\/uploads\/2016\/04\/2016-04-10-22.02.06-225x300.jpg 225w, http:\/\/damas.laiglesiadelacomunidad.com\/wp-content\/uploads\/2016\/04\/2016-04-10-22.02.06-768x1024.jpg 768w\" sizes=\"(max-width: 1200px) 100vw, 1200px\" \/><\/a> <a href=\"http:\/\/damas.laiglesiadelacomunidad.com\/?attachment_id=11015\" rel=\"attachment wp-att-11015\"><img loading=\"lazy\" decoding=\"async\" class=\"alignnone size-full wp-image-11015\" src=\"http:\/\/damas.laiglesiadelacomunidad.com\/wp-content\/uploads\/2016\/04\/2016-04-10-22.02.12.jpg\" alt=\"2016-04-10 22.02.12\" width=\"1200\" height=\"1600\" srcset=\"http:\/\/damas.laiglesiadelacomunidad.com\/wp-content\/uploads\/2016\/04\/2016-04-10-22.02.12.jpg 1200w, http:\/\/damas.laiglesiadelacomunidad.com\/wp-content\/uploads\/2016\/04\/2016-04-10-22.02.12-225x300.jpg 225w, http:\/\/damas.laiglesiadelacomunidad.com\/wp-content\/uploads\/2016\/04\/2016-04-10-22.02.12-768x1024.jpg 768w\" sizes=\"(max-width: 1200px) 100vw, 1200px\" \/><\/a> <a href=\"http:\/\/damas.laiglesiadelacomunidad.com\/?attachment_id=11016\" rel=\"attachment wp-att-11016\"><img loading=\"lazy\" decoding=\"async\" class=\"alignnone size-full wp-image-11016\" src=\"http:\/\/damas.laiglesiadelacomunidad.com\/wp-content\/uploads\/2016\/04\/2016-04-10-22.02.15.jpg\" alt=\"2016-04-10 22.02.15\" width=\"1600\" height=\"1200\" srcset=\"http:\/\/damas.laiglesiadelacomunidad.com\/wp-content\/uploads\/2016\/04\/2016-04-10-22.02.15.jpg 1600w, http:\/\/damas.laiglesiadelacomunidad.com\/wp-content\/uploads\/2016\/04\/2016-04-10-22.02.15-300x225.jpg 300w, http:\/\/damas.laiglesiadelacomunidad.com\/wp-content\/uploads\/2016\/04\/2016-04-10-22.02.15-768x576.jpg 768w, http:\/\/damas.laiglesiadelacomunidad.com\/wp-content\/uploads\/2016\/04\/2016-04-10-22.02.15-1024x768.jpg 1024w\" sizes=\"(max-width: 1600px) 100vw, 1600px\" \/><\/a> <a href=\"http:\/\/damas.laiglesiadelacomunidad.com\/?attachment_id=11017\" rel=\"attachment wp-att-11017\"><img loading=\"lazy\" decoding=\"async\" class=\"alignnone size-full wp-image-11017\" src=\"http:\/\/damas.laiglesiadelacomunidad.com\/wp-content\/uploads\/2016\/04\/2016-04-10-22.02.18.jpg\" alt=\"2016-04-10 22.02.18\" width=\"1200\" height=\"1600\" srcset=\"http:\/\/damas.laiglesiadelacomunidad.com\/wp-content\/uploads\/2016\/04\/2016-04-10-22.02.18.jpg 1200w, http:\/\/damas.laiglesiadelacomunidad.com\/wp-content\/uploads\/2016\/04\/2016-04-10-22.02.18-225x300.jpg 225w, http:\/\/damas.laiglesiadelacomunidad.com\/wp-content\/uploads\/2016\/04\/2016-04-10-22.02.18-768x1024.jpg 768w\" sizes=\"(max-width: 1200px) 100vw, 1200px\" \/><\/a> <a href=\"http:\/\/damas.laiglesiadelacomunidad.com\/?attachment_id=11018\" rel=\"attachment wp-att-11018\"><img loading=\"lazy\" decoding=\"async\" class=\"alignnone size-full wp-image-11018\" src=\"http:\/\/damas.laiglesiadelacomunidad.com\/wp-content\/uploads\/2016\/04\/2016-04-10-22.02.20.jpg\" alt=\"2016-04-10 22.02.20\" width=\"1600\" height=\"1200\" srcset=\"http:\/\/damas.laiglesiadelacomunidad.com\/wp-content\/uploads\/2016\/04\/2016-04-10-22.02.20.jpg 1600w, http:\/\/damas.laiglesiadelacomunidad.com\/wp-content\/uploads\/2016\/04\/2016-04-10-22.02.20-300x225.jpg 300w, http:\/\/damas.laiglesiadelacomunidad.com\/wp-content\/uploads\/2016\/04\/2016-04-10-22.02.20-768x576.jpg 768w, http:\/\/damas.laiglesiadelacomunidad.com\/wp-content\/uploads\/2016\/04\/2016-04-10-22.02.20-1024x768.jpg 1024w\" sizes=\"(max-width: 1600px) 100vw, 1600px\" \/><\/a> <a href=\"http:\/\/damas.laiglesiadelacomunidad.com\/?attachment_id=11019\" rel=\"attachment wp-att-11019\"><img loading=\"lazy\" decoding=\"async\" class=\"alignnone size-full wp-image-11019\" src=\"http:\/\/damas.laiglesiadelacomunidad.com\/wp-content\/uploads\/2016\/04\/2016-04-10-22.02.26.jpg\" alt=\"2016-04-10 22.02.26\" width=\"1600\" height=\"1200\" srcset=\"http:\/\/damas.laiglesiadelacomunidad.com\/wp-content\/uploads\/2016\/04\/2016-04-10-22.02.26.jpg 1600w, http:\/\/damas.laiglesiadelacomunidad.com\/wp-content\/uploads\/2016\/04\/2016-04-10-22.02.26-300x225.jpg 300w, http:\/\/damas.laiglesiadelacomunidad.com\/wp-content\/uploads\/2016\/04\/2016-04-10-22.02.26-768x576.jpg 768w, http:\/\/damas.laiglesiadelacomunidad.com\/wp-content\/uploads\/2016\/04\/2016-04-10-22.02.26-1024x768.jpg 1024w\" sizes=\"(max-width: 1600px) 100vw, 1600px\" \/><\/a><\/p>\n<p>&nbsp;<\/p>\n","protected":false},"excerpt":{"rendered":"<p>Gracias Se\u00f1or por darnos el privilegio de reunirnos de nuevo en congregaci\u00f3n, por darnos el privilegio de servirte y adorarte, gracias por los voluntario, cantantes, m\u00fasicos y por las visitas \ud83d\ude42 Seguimos aprendiendo de las ense\u00f1anzas de Jes\u00fas seg\u00fan el evangelio de Mateo, hoy escuchamos una ense\u00f1anza muy retadora (como cada ense\u00f1anza de Jes\u00fas), el &hellip; <a href=\"http:\/\/damas.laiglesiadelacomunidad.com\/?p=11011\" class=\"more-link\">Continue reading <span class=\"screen-reader-text\">Reuni\u00f3n domingo 10 de Abril del 2016<\/span> <span class=\"meta-nav\">&rarr;<\/span><\/a><\/p>\n","protected":false},"author":2,"featured_media":0,"comment_status":"open","ping_status":"open","sticky":false,"template":"","format":"gallery","meta":{"footnotes":""},"categories":[7],"tags":[],"_links":{"self":[{"href":"http:\/\/damas.laiglesiadelacomunidad.com\/index.php?rest_route=\/wp\/v2\/posts\/11011"}],"collection":[{"href":"http:\/\/damas.laiglesiadelacomunidad.com\/index.php?rest_route=\/wp\/v2\/posts"}],"about":[{"href":"http:\/\/damas.laiglesiadelacomunidad.com\/index.php?rest_route=\/wp\/v2\/types\/post"}],"author":[{"embeddable":true,"href":"http:\/\/damas.laiglesiadelacomunidad.com\/index.php?rest_route=\/wp\/v2\/users\/2"}],"replies":[{"embeddable":true,"href":"http:\/\/damas.laiglesiadelacomunidad.com\/index.php?rest_route=%2Fwp%2Fv2%2Fcomments&post=11011"}],"version-history":[{"count":1,"href":"http:\/\/damas.laiglesiadelacomunidad.com\/index.php?rest_route=\/wp\/v2\/posts\/11011\/revisions"}],"predecessor-version":[{"id":11020,"href":"http:\/\/damas.laiglesiadelacomunidad.com\/index.php?rest_route=\/wp\/v2\/posts\/11011\/revisions\/11020"}],"wp:attachment":[{"href":"http:\/\/damas.laiglesiadelacomunidad.com\/index.php?rest_route=%2Fwp%2Fv2%2Fmedia&parent=11011"}],"wp:term":[{"taxonomy":"category","embeddable":true,"href":"http:\/\/damas.laiglesiadelacomunidad.com\/index.php?rest_route=%2Fwp%2Fv2%2Fcategories&post=11011"},{"taxonomy":"post_tag","embeddable":true,"href":"http:\/\/damas.laiglesiadelacomunidad.com\/index.php?rest_route=%2Fwp%2Fv2%2Ftags&post=11011"}],"curies":[{"name":"wp","href":"https:\/\/api.w.org\/{rel}","templated":true}]}}