{"id":11000,"date":"2016-04-06T23:00:08","date_gmt":"2016-04-07T04:00:08","guid":{"rendered":"http:\/\/damas.laiglesiadelacomunidad.com\/?p=11000"},"modified":"2016-04-06T23:09:12","modified_gmt":"2016-04-07T04:09:12","slug":"estudio-miercoles-6-de-abril-del-2016","status":"publish","type":"post","link":"http:\/\/damas.laiglesiadelacomunidad.com\/?p=11000","title":{"rendered":"Estudio mi\u00e9rcoles 6 de Abril del 2016"},"content":{"rendered":"<p>Gracias Padre por darnos el privilegio de reunirnos de nuevo, gracias por darnos el \u00e1nimo de reunirnos, gracias a todas por sus comentarios y por sus valiosas palabras de \u00e1nimo y gracias por ser tan buenas colaboradoras en el Reino de nuestro Padre, Dios les siga poniendo en sus corazones el deseo de amarlo y servirle, la fidelidad en la vida de ustedes es un buen ejemplo de la fidelidad de Dios . \u00a1Sigamos adelante!<\/p>\n<p>El tema del estudio de hoy fue: <strong>&#8220;Damos lo que hemos recibido&#8221; \u00a0<\/strong>idea grande: <strong>&#8220;Hemos recibido gratuitamente de Dios, debemos de dar gratuitamente&#8221;\u00a0<\/strong>Hoy hablamos de la generosidad que debemos demostrar por ser hijas de Dios, debemos de dar generosamente de la misma manera que Dios nos da a nosotras, tambi\u00e9n hablamos que la generosidad no necesariamente tiene que ser exclusivamente con nuestro dinero, a veces es m\u00e1s f\u00e1cil dar dinero que dar de nuestro tiempo, nuestras emociones, nuestro tiempo con la familia, etc.<\/p>\n<p>En la vida vemos muchos ejemplos de hombres que dieron generosamente, que trabajaban en el Reino de Dios sin recibir un sueldo, y que mejor ejemplo que el mismo Jes\u00fas. No es que recibir un sueldo sea malo al contrario es B\u00edblico pero no puede ser una fuente de ganancias deshonrrosas, a veces vemos como el dinero pone obst\u00e1culos y afecta como o cuanto puedo participar en el Reino de Dios, antes de tomar un trabajo muchos pastores \u00a0se hacen preguntas como \u00bfcu\u00e1nto me van a pagar?, \u00bfcu\u00e1nto tengo que manejar? \u00bfC\u00f3mo son los miembros de la iglesia? todas estas preguntas afectan la decisi\u00f3n si vamos o no a ser pastores en X iglesia y tomamos el trabajo en el Reino de acuerdo al salario o de acuerdo a los requisitos que me exigen o de acuerdo a la descripci\u00f3n del trabajo o a las horas que tengo que trabajar. Ya el trabajo en el Reino se vuelve una obligaci\u00f3n y no un placer. Para otros pastores trabajar en el Reino es un llamado fuerte que Dios les hace y recibir un sueldo o cuanto les van a pagar no es nada importante. A los obreros que trabajan en el Reino ya sea que reciban o no un sueldo, no los critiquemos y no les pongamos m\u00e1s cargas como muy bien lo explica Pablo en 1 Corintios 9.<\/p>\n<p class=\"chapter-1\"><strong><span class=\"text 1Cor-9-1\">\u00bfQu\u00e9, no soy ap\u00f3stol? \u00bfY acaso no soy libre? \u00bfAcaso no he visto a Jes\u00fas, nuestro Se\u00f1or? \u00bfY no son ustedes el fruto de mi trabajo en el Se\u00f1or?<\/span> <span id=\"es-RVC-28544\" class=\"text 1Cor-9-2\"><sup class=\"versenum\">\u00a0<\/sup>Tal vez otros no me consideren ap\u00f3stol, pero para ustedes s\u00ed lo soy, porque ustedes son el sello de mi apostolado en el Se\u00f1or.<\/span><\/strong><\/p>\n<p><strong><span id=\"es-RVC-28545\" class=\"text 1Cor-9-3\">Mi defensa contra los que me acusan es la siguiente:<\/span> <span id=\"es-RVC-28546\" class=\"text 1Cor-9-4\">\u00bfAcaso nosotros no tenemos derecho a comer y beber?<\/span> <span id=\"es-RVC-28547\" class=\"text 1Cor-9-5\"><sup class=\"versenum\">\u00a0<\/sup>\u00bfY acaso no tenemos derecho a traer con nosotros una esposa creyente, como lo hacen los otros ap\u00f3stoles, y Cefas y los hermanos del Se\u00f1or?<\/span> <span id=\"es-RVC-28548\" class=\"text 1Cor-9-6\">\u00bfO es que s\u00f3lo Bernab\u00e9 y yo estamos obligados a trabajar?<\/span> <span id=\"es-RVC-28549\" class=\"text 1Cor-9-7\"><sup class=\"versenum\">\u00a0<\/sup>\u00bfQu\u00e9 soldado presta servicio a expensas de sus propios recursos? \u00bfQui\u00e9n planta una vi\u00f1a y no come de sus uvas? \u00bfO qui\u00e9n pastorea el reba\u00f1o y no bebe de la leche que orde\u00f1a?<\/span><\/strong><\/p>\n<p><strong><span id=\"es-RVC-28550\" class=\"text 1Cor-9-8\">Esto lo digo, no s\u00f3lo de acuerdo con el punto de vista humano, sino tambi\u00e9n de acuerdo con la ley.<\/span> <span id=\"es-RVC-28551\" class=\"text 1Cor-9-9\"><sup class=\"versenum\">\u00a0<\/sup>Porque en la ley de Mois\u00e9s est\u00e1 escrito: \u00abNo pondr\u00e1s bozal al buey que trilla\u00bb. \u00bfQuiere decir esto que Dios se preocupa de los bueyes,<\/span> <span id=\"es-RVC-28552\" class=\"text 1Cor-9-10\">o m\u00e1s bien lo dice por todos nosotros? En realidad, esto se escribi\u00f3 por nosotros; porque tanto el que ara como el que trilla deben hacerlo con la esperanza de recibir su parte de la cosecha.<\/span> <span id=\"es-RVC-28553\" class=\"text 1Cor-9-11\"><sup class=\"versenum\">\u00a0<\/sup>Si nosotros sembramos entre ustedes lo espiritual, \u00bfser\u00e1 mucho pedir que cosechemos de ustedes lo material?<\/span> <span id=\"es-RVC-28554\" class=\"text 1Cor-9-12\"><sup class=\"versenum\">\u00a0<\/sup>Si otros participan de este derecho sobre ustedes, \u00a1con mayor raz\u00f3n nosotros!<\/span><\/strong><strong><span class=\"text 1Cor-9-12\">Sin embargo, no hemos hecho uso de este derecho, sino que lo toleramos todo, a fin de no presentar ning\u00fan obst\u00e1culo al evangelio de Cristo.<\/span> <span id=\"es-RVC-28555\" class=\"text 1Cor-9-13\"><sup class=\"versenum\">\u00a0<\/sup>\u00bfAcaso no saben ustedes que los que trabajan en el templo, comen del templo; y que los que sirven al altar, participan del altar?<span style=\"font-size: 12px; line-height: 0px;\">\u00a0<\/span><\/span><span id=\"es-RVC-28556\" class=\"text 1Cor-9-14\">As\u00ed tambi\u00e9n el Se\u00f1or orden\u00f3 a los que anuncian el evangelio, que vivan del evangelio.<\/span><\/strong><\/p>\n<p><strong><span id=\"es-RVC-28557\" class=\"text 1Cor-9-15\">Pero yo no me he aprovechado de nada de esto, ni tampoco he escrito esto para que se haga as\u00ed conmigo; porque prefiero morir antes que alguien me despoje de este motivo de orgullo.<\/span> <span id=\"es-RVC-28558\" class=\"text 1Cor-9-16\">Pues si anuncio el evangelio, no tengo por qu\u00e9 jactarme, porque \u00e9sa es mi misi\u00f3n insoslayable. \u00a1Ay de m\u00ed si no predico el evangelio!\u00a0<\/span><\/strong><strong><span id=\"es-RVC-28559\" class=\"text 1Cor-9-17\"><sup class=\"versenum\">\u00a0<\/sup>As\u00ed que, si lo hago de buena voluntad, recibir\u00e9 mi recompensa; pero si lo hago de mala voluntad, no hago m\u00e1s que cumplir con la misi\u00f3n que me ha sido encomendada.<\/span> <span id=\"es-RVC-28560\" class=\"text 1Cor-9-18\">\u00bfCu\u00e1l es, pues, mi recompensa? La de predicar el evangelio de Cristo de manera gratuita, para no abusar de mi derecho en el evangelio.<\/span> <span id=\"es-RVC-28561\" class=\"text 1Cor-9-19\"><sup class=\"versenum\">19\u00a0<\/sup>Porque, aunque soy libre y no dependo de nadie, me he hecho esclavo de todos para ganar al mayor n\u00famero posible.\u00a0<\/span><\/strong><span id=\"es-RVC-28561\" class=\"text 1Cor-9-19\">1 Corintios 9:1-19<\/span><\/p>\n<p><strong><span style=\"color: #ff0000;\">Sanen enfermos, limpien leprosos, resuciten muertos y expulsen demonios. Den gratuitamente lo que gratuitamente recibieron.<\/span><\/strong> Mateo 10:8<\/p>\n<p><strong><span id=\"es-RVC-29782\" class=\"text 1Tim-5-17\">Los ancianos que gobiernan bien deben considerarse dignos de doble honor, mayormente los que se dedican a predicar y ense\u00f1ar.<\/span> <\/strong><span id=\"es-RVC-29783\" class=\"text 1Tim-5-18\"><strong><sup class=\"versenum\">\u00a0<\/sup>Pues la Escritura dice: \u00abNo pondr\u00e1s bozal al buey que trilla\u00bb, y: \u00abDigno es el obrero de su salario.<\/strong>\u00bb 1 Timoteo 5:17-18<\/span><\/p>\n<p><strong>Y aunque mi vida sea derramada en libaci\u00f3n sobre el sacrificio y servicio de la fe de ustedes, me gozo y regocijo con todos ustedes.<\/strong> Filipenses 2:17<\/p>\n<p>Gracias Se\u00f1or por ser tan misericordioso con nosotras, te pedimos Padre que nos sigas dando el deseo de luchar por nuestra fe, que nos des el deseo de seguir compartiendo el evangelio a toda criatura, gracias por tantas oportunidades que nos has dado de compartir Tu evangelio y por tantos que lo han recibido con agrado, te pedimos que traigas de regreso a los que un d\u00eda recibieron Tu evangelio y que ahora lo rechazan, o que se ha ido detr\u00e1s de evangelios falsos o que se han vuelto religiosos y que pretenden tener un relaci\u00f3n contigo pero que muy al fondo saben que esa relaci\u00f3n no es verdadera, y por nosotras que no perdamos nuestra fe, que nos acerquemos m\u00e1s y m\u00e1s a Ti, te lo pedimos en nombre de Tu hijo amado, Jes\u00fas, am\u00e9n.<\/p>\n<p>Dios las bendiga, sigan leyendo sus Biblias \ud83d\ude42<\/p>\n<p>Jackie C.<\/p>\n<p><a href=\"http:\/\/damas.laiglesiadelacomunidad.com\/?attachment_id=10679\" rel=\"attachment wp-att-10679\"><img loading=\"lazy\" decoding=\"async\" class=\"alignnone size-full wp-image-10679\" src=\"http:\/\/damas.laiglesiadelacomunidad.com\/wp-content\/uploads\/2016\/02\/Foto-6-10-14-8-57-27-AM.jpg\" alt=\"Foto 6-10-14 8 57 27 AM\" width=\"720\" height=\"480\" srcset=\"http:\/\/damas.laiglesiadelacomunidad.com\/wp-content\/uploads\/2016\/02\/Foto-6-10-14-8-57-27-AM.jpg 720w, http:\/\/damas.laiglesiadelacomunidad.com\/wp-content\/uploads\/2016\/02\/Foto-6-10-14-8-57-27-AM-300x200.jpg 300w\" sizes=\"(max-width: 720px) 100vw, 720px\" \/><\/a><\/p>\n<p><a href=\"http:\/\/damas.laiglesiadelacomunidad.com\/?attachment_id=10893\" rel=\"attachment wp-att-10893\"><img loading=\"lazy\" decoding=\"async\" class=\"alignnone size-full wp-image-10893\" src=\"http:\/\/damas.laiglesiadelacomunidad.com\/wp-content\/uploads\/2016\/03\/logo.png\" alt=\"logo\" width=\"626\" height=\"521\" srcset=\"http:\/\/damas.laiglesiadelacomunidad.com\/wp-content\/uploads\/2016\/03\/logo.png 626w, http:\/\/damas.laiglesiadelacomunidad.com\/wp-content\/uploads\/2016\/03\/logo-300x250.png 300w\" sizes=\"(max-width: 626px) 100vw, 626px\" \/><\/a><\/p>\n","protected":false},"excerpt":{"rendered":"<p>Gracias Padre por darnos el privilegio de reunirnos de nuevo, gracias por darnos el \u00e1nimo de reunirnos, gracias a todas por sus comentarios y por sus valiosas palabras de \u00e1nimo y gracias por ser tan buenas colaboradoras en el Reino de nuestro Padre, Dios les siga poniendo en sus corazones el deseo de amarlo y &hellip; <a href=\"http:\/\/damas.laiglesiadelacomunidad.com\/?p=11000\" class=\"more-link\">Continue reading <span class=\"screen-reader-text\">Estudio mi\u00e9rcoles 6 de Abril del 2016<\/span> <span class=\"meta-nav\">&rarr;<\/span><\/a><\/p>\n","protected":false},"author":2,"featured_media":0,"comment_status":"open","ping_status":"open","sticky":false,"template":"","format":"gallery","meta":{"footnotes":""},"categories":[6],"tags":[],"_links":{"self":[{"href":"http:\/\/damas.laiglesiadelacomunidad.com\/index.php?rest_route=\/wp\/v2\/posts\/11000"}],"collection":[{"href":"http:\/\/damas.laiglesiadelacomunidad.com\/index.php?rest_route=\/wp\/v2\/posts"}],"about":[{"href":"http:\/\/damas.laiglesiadelacomunidad.com\/index.php?rest_route=\/wp\/v2\/types\/post"}],"author":[{"embeddable":true,"href":"http:\/\/damas.laiglesiadelacomunidad.com\/index.php?rest_route=\/wp\/v2\/users\/2"}],"replies":[{"embeddable":true,"href":"http:\/\/damas.laiglesiadelacomunidad.com\/index.php?rest_route=%2Fwp%2Fv2%2Fcomments&post=11000"}],"version-history":[{"count":4,"href":"http:\/\/damas.laiglesiadelacomunidad.com\/index.php?rest_route=\/wp\/v2\/posts\/11000\/revisions"}],"predecessor-version":[{"id":11004,"href":"http:\/\/damas.laiglesiadelacomunidad.com\/index.php?rest_route=\/wp\/v2\/posts\/11000\/revisions\/11004"}],"wp:attachment":[{"href":"http:\/\/damas.laiglesiadelacomunidad.com\/index.php?rest_route=%2Fwp%2Fv2%2Fmedia&parent=11000"}],"wp:term":[{"taxonomy":"category","embeddable":true,"href":"http:\/\/damas.laiglesiadelacomunidad.com\/index.php?rest_route=%2Fwp%2Fv2%2Fcategories&post=11000"},{"taxonomy":"post_tag","embeddable":true,"href":"http:\/\/damas.laiglesiadelacomunidad.com\/index.php?rest_route=%2Fwp%2Fv2%2Ftags&post=11000"}],"curies":[{"name":"wp","href":"https:\/\/api.w.org\/{rel}","templated":true}]}}