{"id":10965,"date":"2016-04-03T23:43:13","date_gmt":"2016-04-04T04:43:13","guid":{"rendered":"http:\/\/damas.laiglesiadelacomunidad.com\/?p=10965"},"modified":"2016-04-03T23:51:58","modified_gmt":"2016-04-04T04:51:58","slug":"reunion-domingo-3-de-abril-del-2016","status":"publish","type":"post","link":"http:\/\/damas.laiglesiadelacomunidad.com\/?p=10965","title":{"rendered":"Reuni\u00f3n domingo 3 de Abril del 2016"},"content":{"rendered":"<p>Gracias Se\u00f1or por tan linda noche, gracias por bendecirnos de la manera que lo haces, gracias por poner el querer y el hacer en cada persona que se congreg\u00f3 hoy, gracias por cada voluntario, por los m\u00fasicos y los cantantes. Gracias a Erika por darnos el privilegio de participar en la vida de Arturo y por escoger \u00e9sta comunidad para presentarlo. Es lindo ver a estas ni\u00f1as crecer y ahora tener la oportunidad de ver crecer a su ni\u00f1o\u00a0\u00a1es muy emotivo!<\/p>\n<p>Que excelente mensaje el de hoy, el tema del mensaje fue: <strong>&#8220;Damos como hemos recibido&#8221;\u00a0<\/strong>la idea grande de hoy fue: <strong>&#8220;Hemos recibido de gratuitamente de Dios, debemos dar gratuitamente&#8221;\u00a0<\/strong>cuando nos unimos a la vida de Jes\u00fas tambi\u00e9n nos unimos a su misi\u00f3n, en la ense\u00f1anza de hoy vimos que como enviados de Jes\u00fas el nos manda a dar gratuitamente de lo que recibimos gratuitamente.<\/p>\n<p>En la religi\u00f3n actual hemos puesto como obst\u00e1culo el dinero, muchos no creyentes temen venir a las iglesias por que las iglesias son famosas por sacar dinero, y esto crea un obst\u00e1culo grande para que las personas que estan lejos de Dios lleguen a \u00c9l, el mundo cristiano se ha vuelvo un mundo mercantilista, da risa pero en algunas iglesias hasta venden la salvaci\u00f3n. En otras ocaciones el enfoque en las iglesias es pagar a alguien para que la persona recibe sueldo se encargue de todo y as\u00ed nos lavamos las manos y no participamos de dar gratuitamente de lo que Dios nos ha dado gratuitamente, o a veces sucede \u00a0que cobramos por ense\u00f1ar el evangelio porque alguien m\u00e1s nos cobr\u00f3 a nosotros. Todo esto es antib\u00edblico, Jes\u00fas pide a cada uno de sus seguidores que recibamos Su Gracia la cual la da abundante y gratuitamente y nos pide que demos de \u00e9sta misma Gracia a las personas que aun no lo conocen.<\/p>\n<p><strong><span id=\"es-NVI-23399\" class=\"text Matt-10-5\"><sup class=\"versenum\">\u00a0<\/sup>Jes\u00fas envi\u00f3 a estos doce con las siguientes instrucciones: <span style=\"color: #ff0000;\">\u00abNo vayan entre los gentiles ni entren en ning\u00fan pueblo de los samaritanos.<\/span><\/span><span style=\"color: #ff0000;\"> <span id=\"es-NVI-23400\" class=\"text Matt-10-6\"><sup class=\"versenum\">\u00a0<\/sup>Vayan m\u00e1s bien a las ovejas descarriadas del pueblo de Israel.<\/span> <span id=\"es-NVI-23401\" class=\"text Matt-10-7\"><sup class=\"versenum\">\u00a0<\/sup>Dondequiera que vayan, prediquen este mensaje: \u201cEl reino de los cielos est\u00e1 cerca.\u201d<\/span><\/span><\/strong><span id=\"es-NVI-23402\" class=\"text Matt-10-8\"><span style=\"color: #ff0000;\"><strong><sup class=\"versenum\">8<\/sup>Sanen a los enfermos, resuciten a los muertos, limpien de su enfermedad a los que tienen lepra, expulsen a los demonios. Lo que ustedes recibieron gratis, denlo gratuitamente<\/strong>.<\/span> Mateo 10:5-8<\/span><\/p>\n<p><strong><span id=\"es-NVI-28511\" class=\"text 1Cor-9-16\">Sin embargo, cuando predico el evangelio, no tengo de qu\u00e9 enorgullecerme, ya que estoy bajo la obligaci\u00f3n de hacerlo. \u00a1Ay de m\u00ed si no predico el evangelio!<\/span> <span id=\"es-NVI-28512\" class=\"text 1Cor-9-17\"><sup class=\"versenum\">\u00a0<\/sup>En efecto, si lo hiciera por mi propia voluntad, tendr\u00eda recompensa; pero si lo hago por obligaci\u00f3n, no hago m\u00e1s que cumplir la tarea que se me ha encomendado.<\/span> <\/strong><span id=\"es-NVI-28513\" class=\"text 1Cor-9-18\"><strong><sup class=\"versenum\">\u00a0<\/sup>\u00bfCu\u00e1l es, entonces, mi recompensa? Pues que al predicar el evangelio pueda presentarlo gratuitamente, sin hacer valer mi derecho.<\/strong> 1 Corintios 9:16-18<\/span><\/p>\n<p>Gracias Se\u00f1or por ser tan generoso, gracias por darnos tanta Gracia, te pedimos que nos ayudes a recibirla y no solo recibirla pero compartirla con aquellos que no han escuchado T\u00fa evangelio, te lo pedimos en nombre de Jesucristo nuestro Se\u00f1or, am\u00e9n.<\/p>\n<p>Que tengan una linda semana, Dios las bendiga.<\/p>\n<p>Jackie C.<\/p>\n<p><a href=\"http:\/\/damas.laiglesiadelacomunidad.com\/?attachment_id=10968\" rel=\"attachment wp-att-10968\"><img loading=\"lazy\" decoding=\"async\" class=\"alignnone size-full wp-image-10968\" src=\"http:\/\/damas.laiglesiadelacomunidad.com\/wp-content\/uploads\/2016\/04\/2016-04-03-22.29.07.jpg\" alt=\"2016-04-03 22.29.07\" width=\"1200\" height=\"1600\" srcset=\"http:\/\/damas.laiglesiadelacomunidad.com\/wp-content\/uploads\/2016\/04\/2016-04-03-22.29.07.jpg 1200w, http:\/\/damas.laiglesiadelacomunidad.com\/wp-content\/uploads\/2016\/04\/2016-04-03-22.29.07-225x300.jpg 225w, http:\/\/damas.laiglesiadelacomunidad.com\/wp-content\/uploads\/2016\/04\/2016-04-03-22.29.07-768x1024.jpg 768w\" sizes=\"(max-width: 1200px) 100vw, 1200px\" \/><\/a> <a href=\"http:\/\/damas.laiglesiadelacomunidad.com\/?attachment_id=10969\" rel=\"attachment wp-att-10969\"><img loading=\"lazy\" decoding=\"async\" class=\"alignnone size-full wp-image-10969\" src=\"http:\/\/damas.laiglesiadelacomunidad.com\/wp-content\/uploads\/2016\/04\/2016-04-03-22.29.09.jpg\" alt=\"2016-04-03 22.29.09\" width=\"1200\" height=\"1600\" srcset=\"http:\/\/damas.laiglesiadelacomunidad.com\/wp-content\/uploads\/2016\/04\/2016-04-03-22.29.09.jpg 1200w, http:\/\/damas.laiglesiadelacomunidad.com\/wp-content\/uploads\/2016\/04\/2016-04-03-22.29.09-225x300.jpg 225w, http:\/\/damas.laiglesiadelacomunidad.com\/wp-content\/uploads\/2016\/04\/2016-04-03-22.29.09-768x1024.jpg 768w\" sizes=\"(max-width: 1200px) 100vw, 1200px\" \/><\/a> <a href=\"http:\/\/damas.laiglesiadelacomunidad.com\/?attachment_id=10970\" rel=\"attachment wp-att-10970\"><img loading=\"lazy\" decoding=\"async\" class=\"alignnone size-full wp-image-10970\" src=\"http:\/\/damas.laiglesiadelacomunidad.com\/wp-content\/uploads\/2016\/04\/2016-04-03-22.29.11.jpg\" alt=\"2016-04-03 22.29.11\" width=\"1200\" height=\"1600\" srcset=\"http:\/\/damas.laiglesiadelacomunidad.com\/wp-content\/uploads\/2016\/04\/2016-04-03-22.29.11.jpg 1200w, http:\/\/damas.laiglesiadelacomunidad.com\/wp-content\/uploads\/2016\/04\/2016-04-03-22.29.11-225x300.jpg 225w, http:\/\/damas.laiglesiadelacomunidad.com\/wp-content\/uploads\/2016\/04\/2016-04-03-22.29.11-768x1024.jpg 768w\" sizes=\"(max-width: 1200px) 100vw, 1200px\" \/><\/a> <a href=\"http:\/\/damas.laiglesiadelacomunidad.com\/?attachment_id=10971\" rel=\"attachment wp-att-10971\"><img loading=\"lazy\" decoding=\"async\" class=\"alignnone size-full wp-image-10971\" src=\"http:\/\/damas.laiglesiadelacomunidad.com\/wp-content\/uploads\/2016\/04\/2016-04-03-22.29.14.jpg\" alt=\"2016-04-03 22.29.14\" width=\"1200\" height=\"1600\" srcset=\"http:\/\/damas.laiglesiadelacomunidad.com\/wp-content\/uploads\/2016\/04\/2016-04-03-22.29.14.jpg 1200w, http:\/\/damas.laiglesiadelacomunidad.com\/wp-content\/uploads\/2016\/04\/2016-04-03-22.29.14-225x300.jpg 225w, http:\/\/damas.laiglesiadelacomunidad.com\/wp-content\/uploads\/2016\/04\/2016-04-03-22.29.14-768x1024.jpg 768w\" sizes=\"(max-width: 1200px) 100vw, 1200px\" \/><\/a> <a href=\"http:\/\/damas.laiglesiadelacomunidad.com\/?attachment_id=10972\" rel=\"attachment wp-att-10972\"><img loading=\"lazy\" decoding=\"async\" class=\"alignnone size-full wp-image-10972\" src=\"http:\/\/damas.laiglesiadelacomunidad.com\/wp-content\/uploads\/2016\/04\/2016-04-03-22.29.17.jpg\" alt=\"2016-04-03 22.29.17\" width=\"1200\" height=\"1600\" srcset=\"http:\/\/damas.laiglesiadelacomunidad.com\/wp-content\/uploads\/2016\/04\/2016-04-03-22.29.17.jpg 1200w, http:\/\/damas.laiglesiadelacomunidad.com\/wp-content\/uploads\/2016\/04\/2016-04-03-22.29.17-225x300.jpg 225w, http:\/\/damas.laiglesiadelacomunidad.com\/wp-content\/uploads\/2016\/04\/2016-04-03-22.29.17-768x1024.jpg 768w\" sizes=\"(max-width: 1200px) 100vw, 1200px\" \/><\/a> <a href=\"http:\/\/damas.laiglesiadelacomunidad.com\/?attachment_id=10973\" rel=\"attachment wp-att-10973\"><img loading=\"lazy\" decoding=\"async\" class=\"alignnone size-full wp-image-10973\" src=\"http:\/\/damas.laiglesiadelacomunidad.com\/wp-content\/uploads\/2016\/04\/2016-04-03-22.29.22.jpg\" alt=\"2016-04-03 22.29.22\" width=\"1200\" height=\"1600\" srcset=\"http:\/\/damas.laiglesiadelacomunidad.com\/wp-content\/uploads\/2016\/04\/2016-04-03-22.29.22.jpg 1200w, http:\/\/damas.laiglesiadelacomunidad.com\/wp-content\/uploads\/2016\/04\/2016-04-03-22.29.22-225x300.jpg 225w, http:\/\/damas.laiglesiadelacomunidad.com\/wp-content\/uploads\/2016\/04\/2016-04-03-22.29.22-768x1024.jpg 768w\" sizes=\"(max-width: 1200px) 100vw, 1200px\" \/><\/a> <a href=\"http:\/\/damas.laiglesiadelacomunidad.com\/?attachment_id=10975\" rel=\"attachment wp-att-10975\"><img loading=\"lazy\" decoding=\"async\" class=\"alignnone size-full wp-image-10975\" src=\"http:\/\/damas.laiglesiadelacomunidad.com\/wp-content\/uploads\/2016\/04\/2016-04-03-22.29.30.jpg\" alt=\"2016-04-03 22.29.30\" width=\"1200\" height=\"1600\" srcset=\"http:\/\/damas.laiglesiadelacomunidad.com\/wp-content\/uploads\/2016\/04\/2016-04-03-22.29.30.jpg 1200w, http:\/\/damas.laiglesiadelacomunidad.com\/wp-content\/uploads\/2016\/04\/2016-04-03-22.29.30-225x300.jpg 225w, http:\/\/damas.laiglesiadelacomunidad.com\/wp-content\/uploads\/2016\/04\/2016-04-03-22.29.30-768x1024.jpg 768w\" sizes=\"(max-width: 1200px) 100vw, 1200px\" \/><\/a> <a href=\"http:\/\/damas.laiglesiadelacomunidad.com\/?attachment_id=10976\" rel=\"attachment wp-att-10976\"><img loading=\"lazy\" decoding=\"async\" class=\"alignnone size-full wp-image-10976\" src=\"http:\/\/damas.laiglesiadelacomunidad.com\/wp-content\/uploads\/2016\/04\/2016-04-03-22.29.34.jpg\" alt=\"2016-04-03 22.29.34\" width=\"1200\" height=\"1600\" srcset=\"http:\/\/damas.laiglesiadelacomunidad.com\/wp-content\/uploads\/2016\/04\/2016-04-03-22.29.34.jpg 1200w, http:\/\/damas.laiglesiadelacomunidad.com\/wp-content\/uploads\/2016\/04\/2016-04-03-22.29.34-225x300.jpg 225w, http:\/\/damas.laiglesiadelacomunidad.com\/wp-content\/uploads\/2016\/04\/2016-04-03-22.29.34-768x1024.jpg 768w\" sizes=\"(max-width: 1200px) 100vw, 1200px\" \/><\/a> <a href=\"http:\/\/damas.laiglesiadelacomunidad.com\/?attachment_id=10977\" rel=\"attachment wp-att-10977\"><img loading=\"lazy\" decoding=\"async\" class=\"alignnone size-full wp-image-10977\" src=\"http:\/\/damas.laiglesiadelacomunidad.com\/wp-content\/uploads\/2016\/04\/2016-04-03-22.29.39.jpg\" alt=\"2016-04-03 22.29.39\" width=\"1200\" height=\"1600\" srcset=\"http:\/\/damas.laiglesiadelacomunidad.com\/wp-content\/uploads\/2016\/04\/2016-04-03-22.29.39.jpg 1200w, http:\/\/damas.laiglesiadelacomunidad.com\/wp-content\/uploads\/2016\/04\/2016-04-03-22.29.39-225x300.jpg 225w, http:\/\/damas.laiglesiadelacomunidad.com\/wp-content\/uploads\/2016\/04\/2016-04-03-22.29.39-768x1024.jpg 768w\" sizes=\"(max-width: 1200px) 100vw, 1200px\" \/><\/a> <a href=\"http:\/\/damas.laiglesiadelacomunidad.com\/?attachment_id=10978\" rel=\"attachment wp-att-10978\"><img loading=\"lazy\" decoding=\"async\" class=\"alignnone size-full wp-image-10978\" src=\"http:\/\/damas.laiglesiadelacomunidad.com\/wp-content\/uploads\/2016\/04\/2016-04-03-22.30.21.jpg\" alt=\"2016-04-03 22.30.21\" width=\"1334\" height=\"750\" srcset=\"http:\/\/damas.laiglesiadelacomunidad.com\/wp-content\/uploads\/2016\/04\/2016-04-03-22.30.21.jpg 1334w, http:\/\/damas.laiglesiadelacomunidad.com\/wp-content\/uploads\/2016\/04\/2016-04-03-22.30.21-300x169.jpg 300w, http:\/\/damas.laiglesiadelacomunidad.com\/wp-content\/uploads\/2016\/04\/2016-04-03-22.30.21-768x432.jpg 768w, http:\/\/damas.laiglesiadelacomunidad.com\/wp-content\/uploads\/2016\/04\/2016-04-03-22.30.21-1024x576.jpg 1024w\" sizes=\"(max-width: 1334px) 100vw, 1334px\" \/><\/a> <a href=\"http:\/\/damas.laiglesiadelacomunidad.com\/?attachment_id=10979\" rel=\"attachment wp-att-10979\"><img loading=\"lazy\" decoding=\"async\" class=\"alignnone size-full wp-image-10979\" src=\"http:\/\/damas.laiglesiadelacomunidad.com\/wp-content\/uploads\/2016\/04\/2016-04-03-22.30.24.jpg\" alt=\"2016-04-03 22.30.24\" width=\"1026\" height=\"691\" srcset=\"http:\/\/damas.laiglesiadelacomunidad.com\/wp-content\/uploads\/2016\/04\/2016-04-03-22.30.24.jpg 1026w, http:\/\/damas.laiglesiadelacomunidad.com\/wp-content\/uploads\/2016\/04\/2016-04-03-22.30.24-300x202.jpg 300w, http:\/\/damas.laiglesiadelacomunidad.com\/wp-content\/uploads\/2016\/04\/2016-04-03-22.30.24-768x517.jpg 768w, http:\/\/damas.laiglesiadelacomunidad.com\/wp-content\/uploads\/2016\/04\/2016-04-03-22.30.24-1024x690.jpg 1024w\" sizes=\"(max-width: 1026px) 100vw, 1026px\" \/><\/a> <a href=\"http:\/\/damas.laiglesiadelacomunidad.com\/?attachment_id=10980\" rel=\"attachment wp-att-10980\"><img loading=\"lazy\" decoding=\"async\" class=\"alignnone size-full wp-image-10980\" src=\"http:\/\/damas.laiglesiadelacomunidad.com\/wp-content\/uploads\/2016\/04\/2016-04-03-22.30.26.jpg\" alt=\"2016-04-03 22.30.26\" width=\"1192\" height=\"750\" srcset=\"http:\/\/damas.laiglesiadelacomunidad.com\/wp-content\/uploads\/2016\/04\/2016-04-03-22.30.26.jpg 1192w, http:\/\/damas.laiglesiadelacomunidad.com\/wp-content\/uploads\/2016\/04\/2016-04-03-22.30.26-300x189.jpg 300w, http:\/\/damas.laiglesiadelacomunidad.com\/wp-content\/uploads\/2016\/04\/2016-04-03-22.30.26-768x483.jpg 768w, http:\/\/damas.laiglesiadelacomunidad.com\/wp-content\/uploads\/2016\/04\/2016-04-03-22.30.26-1024x644.jpg 1024w\" sizes=\"(max-width: 1192px) 100vw, 1192px\" \/><\/a><a href=\"http:\/\/damas.laiglesiadelacomunidad.com\/?attachment_id=10981\" rel=\"attachment wp-att-10981\"><img loading=\"lazy\" decoding=\"async\" class=\"alignnone size-full wp-image-10981\" src=\"http:\/\/damas.laiglesiadelacomunidad.com\/wp-content\/uploads\/2016\/04\/2016-04-03-22.28.08.jpg\" alt=\"2016-04-03 22.28.08\" width=\"1334\" height=\"750\" srcset=\"http:\/\/damas.laiglesiadelacomunidad.com\/wp-content\/uploads\/2016\/04\/2016-04-03-22.28.08.jpg 1334w, http:\/\/damas.laiglesiadelacomunidad.com\/wp-content\/uploads\/2016\/04\/2016-04-03-22.28.08-300x169.jpg 300w, http:\/\/damas.laiglesiadelacomunidad.com\/wp-content\/uploads\/2016\/04\/2016-04-03-22.28.08-768x432.jpg 768w, http:\/\/damas.laiglesiadelacomunidad.com\/wp-content\/uploads\/2016\/04\/2016-04-03-22.28.08-1024x576.jpg 1024w\" sizes=\"(max-width: 1334px) 100vw, 1334px\" \/><\/a><a href=\"http:\/\/damas.laiglesiadelacomunidad.com\/?attachment_id=10982\" rel=\"attachment wp-att-10982\"><img loading=\"lazy\" decoding=\"async\" class=\"alignnone size-full wp-image-10982\" src=\"http:\/\/damas.laiglesiadelacomunidad.com\/wp-content\/uploads\/2016\/04\/2016-04-03-22.28.10.jpg\" alt=\"2016-04-03 22.28.10\" width=\"1095\" height=\"750\" srcset=\"http:\/\/damas.laiglesiadelacomunidad.com\/wp-content\/uploads\/2016\/04\/2016-04-03-22.28.10.jpg 1095w, http:\/\/damas.laiglesiadelacomunidad.com\/wp-content\/uploads\/2016\/04\/2016-04-03-22.28.10-300x205.jpg 300w, http:\/\/damas.laiglesiadelacomunidad.com\/wp-content\/uploads\/2016\/04\/2016-04-03-22.28.10-768x526.jpg 768w, http:\/\/damas.laiglesiadelacomunidad.com\/wp-content\/uploads\/2016\/04\/2016-04-03-22.28.10-1024x701.jpg 1024w\" sizes=\"(max-width: 1095px) 100vw, 1095px\" \/><\/a><a href=\"http:\/\/damas.laiglesiadelacomunidad.com\/?attachment_id=10983\" rel=\"attachment wp-att-10983\"><img loading=\"lazy\" decoding=\"async\" class=\"alignnone size-full wp-image-10983\" src=\"http:\/\/damas.laiglesiadelacomunidad.com\/wp-content\/uploads\/2016\/04\/2016-04-03-22.28.13.jpg\" alt=\"2016-04-03 22.28.13\" width=\"1194\" height=\"739\" srcset=\"http:\/\/damas.laiglesiadelacomunidad.com\/wp-content\/uploads\/2016\/04\/2016-04-03-22.28.13.jpg 1194w, http:\/\/damas.laiglesiadelacomunidad.com\/wp-content\/uploads\/2016\/04\/2016-04-03-22.28.13-300x186.jpg 300w, http:\/\/damas.laiglesiadelacomunidad.com\/wp-content\/uploads\/2016\/04\/2016-04-03-22.28.13-768x475.jpg 768w, http:\/\/damas.laiglesiadelacomunidad.com\/wp-content\/uploads\/2016\/04\/2016-04-03-22.28.13-1024x634.jpg 1024w\" sizes=\"(max-width: 1194px) 100vw, 1194px\" \/><\/a><\/p>\n","protected":false},"excerpt":{"rendered":"<p>Gracias Se\u00f1or por tan linda noche, gracias por bendecirnos de la manera que lo haces, gracias por poner el querer y el hacer en cada persona que se congreg\u00f3 hoy, gracias por cada voluntario, por los m\u00fasicos y los cantantes. Gracias a Erika por darnos el privilegio de participar en la vida de Arturo y &hellip; <a href=\"http:\/\/damas.laiglesiadelacomunidad.com\/?p=10965\" class=\"more-link\">Continue reading <span class=\"screen-reader-text\">Reuni\u00f3n domingo 3 de Abril del 2016<\/span> <span class=\"meta-nav\">&rarr;<\/span><\/a><\/p>\n","protected":false},"author":2,"featured_media":0,"comment_status":"open","ping_status":"open","sticky":false,"template":"","format":"gallery","meta":{"footnotes":""},"categories":[7],"tags":[],"_links":{"self":[{"href":"http:\/\/damas.laiglesiadelacomunidad.com\/index.php?rest_route=\/wp\/v2\/posts\/10965"}],"collection":[{"href":"http:\/\/damas.laiglesiadelacomunidad.com\/index.php?rest_route=\/wp\/v2\/posts"}],"about":[{"href":"http:\/\/damas.laiglesiadelacomunidad.com\/index.php?rest_route=\/wp\/v2\/types\/post"}],"author":[{"embeddable":true,"href":"http:\/\/damas.laiglesiadelacomunidad.com\/index.php?rest_route=\/wp\/v2\/users\/2"}],"replies":[{"embeddable":true,"href":"http:\/\/damas.laiglesiadelacomunidad.com\/index.php?rest_route=%2Fwp%2Fv2%2Fcomments&post=10965"}],"version-history":[{"count":3,"href":"http:\/\/damas.laiglesiadelacomunidad.com\/index.php?rest_route=\/wp\/v2\/posts\/10965\/revisions"}],"predecessor-version":[{"id":10986,"href":"http:\/\/damas.laiglesiadelacomunidad.com\/index.php?rest_route=\/wp\/v2\/posts\/10965\/revisions\/10986"}],"wp:attachment":[{"href":"http:\/\/damas.laiglesiadelacomunidad.com\/index.php?rest_route=%2Fwp%2Fv2%2Fmedia&parent=10965"}],"wp:term":[{"taxonomy":"category","embeddable":true,"href":"http:\/\/damas.laiglesiadelacomunidad.com\/index.php?rest_route=%2Fwp%2Fv2%2Fcategories&post=10965"},{"taxonomy":"post_tag","embeddable":true,"href":"http:\/\/damas.laiglesiadelacomunidad.com\/index.php?rest_route=%2Fwp%2Fv2%2Ftags&post=10965"}],"curies":[{"name":"wp","href":"https:\/\/api.w.org\/{rel}","templated":true}]}}