{"id":10870,"date":"2016-03-20T22:37:13","date_gmt":"2016-03-21T03:37:13","guid":{"rendered":"http:\/\/damas.laiglesiadelacomunidad.com\/?p=10870"},"modified":"2016-03-20T22:49:48","modified_gmt":"2016-03-21T03:49:48","slug":"reunion-domingo-20-de-marzo-del-2016","status":"publish","type":"post","link":"http:\/\/damas.laiglesiadelacomunidad.com\/?p=10870","title":{"rendered":"Reuni\u00f3n domingo 20 de Marzo del 2016"},"content":{"rendered":"<p>Gracias Se\u00f1or por otra linda noche, hoy te damos gracias por escuchar nuestras oraciones y haber protegido a Daniel de la reacci\u00f3n al\u00e9rgica que le dio, gracias por la comunidad que tenemos y gracias por haber escuchado las oraciones, gracias a todas por el cari\u00f1o que le demuestran a mi ni\u00f1o, gracias Se\u00f1or por cada uno de los voluntarios y por el trabajo que se hace los domingo y durante la semana, gracias Se\u00f1or por poner en nuestros corazones el deseo de servirte.<\/p>\n<p>El tema de hoy \u00a0es un tema que agarra mi coraz\u00f3n, el tema de hoy fue: &#8220;Enviados por Jes\u00fas&#8221; y la idea grande de hoy fue: &#8220;El seguidor de Jes\u00fas es enviado por Jes\u00fas&#8221; imaginense el mismo Jes\u00fas nos env\u00eda, no es ninguna otra persona m\u00e1s que el Rey de reyes y Se\u00f1or de se\u00f1ores el que nos env\u00eda ha hacer otros seguidores que marvilloso es el sentimiento que da. Y no nos dejemos enga\u00f1ar, Jes\u00fas nos env\u00eda a personas que NO lo conocen, NO nos env\u00eda a sacar cristianos de otras iglesias, NO nos manda con construir o edificar donde otros han construido, NO nos manda a meternos en el trabajo de otro, nos manda a hacer disc\u00edpulos de gente que NO lo conoce.<\/p>\n<p>El llamado de Jes\u00fas no es un llamado para que nos quedemos comodos, de ser buenos, dejar ciertos pecados y de ir los domingos a la iglesia, s\u00ed tenemos que ser mejores, dejar pecados y congregarnos pero all\u00ed no queda el trabajo, Jes\u00fas nos ha llenado de poder, cuando tomamos la decisi\u00f3n de seguir a Jes\u00fas por arrepentirnos y bautizarnos, en ese preciso momento recibimos el Esp\u00edritu Santo y este es el poder que nos empuja a ir y cumplir la gran comisi\u00f3n y ayudar a personas LEJOS de Dios a llegar a \u00c9l, a conocerlo y a tomar su decisi\u00f3n de hacerlo su Se\u00f1or y Salvador por arrepentirse y bautizarse. Ense\u00f1emos bien el evangelio, no seamos anatemas, obdezcamos bien a Jes\u00fas. Anunciar el evangelio a quienes no lo han escuchado es un gran privilegio, no lo cambiemos por nada.<\/p>\n<p><strong><span class=\"text Mark-16-14\"><sup class=\"versenum\">\u00a0<\/sup>Finalmente se apareci\u00f3 a los once mismos, mientras ellos estaban sentados a la mesa, y les reproch\u00f3 su incredulidad y obstinaci\u00f3n, porque no hab\u00edan cre\u00eddo a los que lo hab\u00edan visto resucitado.<\/span> <span id=\"es-RVC-24890\" class=\"text Mark-16-15\"><sup class=\"versenum\">\u00a0<\/sup>Y les dijo: <span style=\"color: #ff0000;\">\u00abVayan por todo el mundo y prediquen el evangelio a toda criatura.<\/span><\/span><span id=\"es-RVC-24891\" class=\"text Mark-16-16\" style=\"color: #ff0000;\"> El que crea y sea bautizado, se salvar\u00e1; pero el que no crea, ser\u00e1 condenado.\u00a0<\/span><\/strong><span id=\"es-RVC-24891\" class=\"text Mark-16-16\" style=\"color: #ff0000;\"><span style=\"color: #000000;\">Marcos 16:14-16<\/span><\/span><\/p>\n<p class=\"chapter-2\"><strong><span class=\"text Matt-10-1\">Jes\u00fas reuni\u00f3 a sus doce disc\u00edpulos, y les dio poder para expulsar a los esp\u00edritus impuros y para sanar toda enfermedad y toda dolencia.<\/span><span id=\"es-RVC-23421\" class=\"text Matt-10-2\"><sup class=\"versenum\">\u00a0<\/sup>\u00c9stos son los nombres de los doce ap\u00f3stoles: primero Sim\u00f3n, llamado Pedro, y Andr\u00e9s su hermano; luego Jacobo y su hermano Juan, hijos de Zebedeo;<\/span> <span id=\"es-RVC-23422\" class=\"text Matt-10-3\"><sup class=\"versenum\">\u00a0<\/sup>Felipe, Bartolom\u00e9, Tom\u00e1s, Mateo el cobrador de impuestos, Jacobo hijo de Alfeo, Tadeo,<\/span> <span id=\"es-RVC-23423\" class=\"text Matt-10-4\"><sup class=\"versenum\">\u00a0<\/sup>Sim\u00f3n el cananista, y Judas Iscariote, que despu\u00e9s lo traicion\u00f3.\u00a0<\/span><span class=\"text Matt-10-5\">Jes\u00fas envi\u00f3 a estos doce, con las siguientes instrucciones: \u00abNo vayan por camino de paganos, ni entren en ciudad de samaritanos,<\/span><span id=\"es-RVC-23425\" class=\"text Matt-10-6\"><sup class=\"versenum\">\u00a0<\/sup>sino vayan m\u00e1s bien a las ovejas perdidas de la casa de Israel.<\/span> <span id=\"es-RVC-23426\" class=\"text Matt-10-7\"><sup class=\"versenum\">\u00a0<\/sup>Vayan y prediquen: \u201cEl reino de los cielos se ha acercado.\u201d<\/span> <\/strong><span id=\"es-RVC-23427\" class=\"text Matt-10-8\"><strong><sup class=\"versenum\">\u00a0<\/sup>Sanen enfermos, limpien leprosos, resuciten muertos y expulsen demonios. Den gratuitamente lo que gratuitamente recibieron.<\/strong> Mateo 10:1-8<\/span><\/p>\n<p class=\"chapter-2\"><strong><span id=\"es-RVC-24215\" class=\"text Matt-28-18\">Jes\u00fas se acerc\u00f3 y les dijo: <span style=\"color: #ff0000;\">\u00abToda autoridad me ha sido dada en el cielo y en la tierra.<\/span><\/span><span id=\"es-RVC-24216\" class=\"text Matt-28-19\" style=\"color: #ff0000;\"> <sup class=\"versenum\">\u00a0<\/sup>Por tanto, vayan y hagan disc\u00edpulos en todas las naciones, y baut\u00edcenlos en el nombre del Padre, y del Hijo, y del Esp\u00edritu Santo. <\/span><span id=\"es-RVC-24217\" class=\"text Matt-28-20\"><span style=\"color: #ff0000;\"><sup class=\"versenum\">\u00a0<\/sup>Ens\u00e9\u00f1enles a cumplir todas las cosas que les he mandado. Y yo estar\u00e9 con ustedes todos los d\u00edas, hasta el fin del mundo.\u00bb Am\u00e9n.<\/span>\u00a0<\/span><\/strong><span id=\"es-RVC-24217\" class=\"text Matt-28-20\">Mateo 28:18-20<\/span><\/p>\n<p class=\"chapter-2\"><strong><span id=\"es-RVC-26890\" class=\"text John-20-21\"><sup class=\"versenum\">\u00a0<\/sup>Entonces Jes\u00fas les dijo una vez m\u00e1s: <span style=\"color: #ff0000;\">\u00abLa paz sea con ustedes. As\u00ed como el Padre me envi\u00f3, tambi\u00e9n yo los env\u00edo a ustedes.\u00bb<\/span><\/span> <\/strong><span id=\"es-RVC-26891\" class=\"text John-20-22\"><strong><sup class=\"versenum\">\u00a0<\/sup>Y habiendo dicho esto, sopl\u00f3 y les dijo: <span style=\"color: #ff0000;\">\u00abReciban el Esp\u00edritu Santo.<\/span><\/strong> Juan 20:21-22<\/span><\/p>\n<p class=\"chapter-2\">Se\u00f1or de nuevo gracias por \u00e9sta noche que nos diste, te pedimos Se\u00f1or que nos sigas dando ese coraz\u00f3n para predicar tu Evangelio a toda criatura, te pedimos que nos des m\u00e1s oportunidades con personas que NO te conocen, te pedimos que alejes de nuestra iglesia lobos, que no oigamos gente que predica un evangelio diferente a Tu evangelio. Te pedimos que sigas protegiendo esta obra y a cada persona que se congrega aqu\u00ed, te lo pedimos en nombre de Tu hijo amado, Jes\u00fas, am\u00e9n.<\/p>\n<p class=\"chapter-2\">Que tengan una linda semana, Dios las bendiga y no se olviden de orar las unas por las otras especialmente por do\u00f1a Elsa, do\u00f1a Beatriz y do\u00f1a Julieta. Que el Se\u00f1or les de Sanidad si esa es su voluntad.<\/p>\n<p class=\"chapter-2\">Jackie C.<\/p>\n<p class=\"chapter-2\"><a href=\"http:\/\/damas.laiglesiadelacomunidad.com\/?attachment_id=10679\" rel=\"attachment wp-att-10679\"><img loading=\"lazy\" decoding=\"async\" class=\"alignnone size-full wp-image-10679\" src=\"http:\/\/damas.laiglesiadelacomunidad.com\/wp-content\/uploads\/2016\/02\/Foto-6-10-14-8-57-27-AM.jpg\" alt=\"Foto 6-10-14 8 57 27 AM\" width=\"720\" height=\"480\" srcset=\"http:\/\/damas.laiglesiadelacomunidad.com\/wp-content\/uploads\/2016\/02\/Foto-6-10-14-8-57-27-AM.jpg 720w, http:\/\/damas.laiglesiadelacomunidad.com\/wp-content\/uploads\/2016\/02\/Foto-6-10-14-8-57-27-AM-300x200.jpg 300w\" sizes=\"(max-width: 720px) 100vw, 720px\" \/><\/a> <a href=\"http:\/\/damas.laiglesiadelacomunidad.com\/?attachment_id=10873\" rel=\"attachment wp-att-10873\"><img loading=\"lazy\" decoding=\"async\" class=\"alignnone size-full wp-image-10873\" src=\"http:\/\/damas.laiglesiadelacomunidad.com\/wp-content\/uploads\/2016\/03\/2016-03-20-21.56.40.jpg\" alt=\"2016-03-20 21.56.40\" width=\"1200\" height=\"1600\" srcset=\"http:\/\/damas.laiglesiadelacomunidad.com\/wp-content\/uploads\/2016\/03\/2016-03-20-21.56.40.jpg 1200w, http:\/\/damas.laiglesiadelacomunidad.com\/wp-content\/uploads\/2016\/03\/2016-03-20-21.56.40-225x300.jpg 225w, http:\/\/damas.laiglesiadelacomunidad.com\/wp-content\/uploads\/2016\/03\/2016-03-20-21.56.40-768x1024.jpg 768w\" sizes=\"(max-width: 1200px) 100vw, 1200px\" \/><\/a> <a href=\"http:\/\/damas.laiglesiadelacomunidad.com\/?attachment_id=10874\" rel=\"attachment wp-att-10874\"><img loading=\"lazy\" decoding=\"async\" class=\"alignnone size-full wp-image-10874\" src=\"http:\/\/damas.laiglesiadelacomunidad.com\/wp-content\/uploads\/2016\/03\/2016-03-20-21.56.51.jpg\" alt=\"2016-03-20 21.56.51\" width=\"1200\" height=\"1600\" srcset=\"http:\/\/damas.laiglesiadelacomunidad.com\/wp-content\/uploads\/2016\/03\/2016-03-20-21.56.51.jpg 1200w, http:\/\/damas.laiglesiadelacomunidad.com\/wp-content\/uploads\/2016\/03\/2016-03-20-21.56.51-225x300.jpg 225w, http:\/\/damas.laiglesiadelacomunidad.com\/wp-content\/uploads\/2016\/03\/2016-03-20-21.56.51-768x1024.jpg 768w\" sizes=\"(max-width: 1200px) 100vw, 1200px\" \/><\/a> <a href=\"http:\/\/damas.laiglesiadelacomunidad.com\/?attachment_id=10875\" rel=\"attachment wp-att-10875\"><img loading=\"lazy\" decoding=\"async\" class=\"alignnone size-full wp-image-10875\" src=\"http:\/\/damas.laiglesiadelacomunidad.com\/wp-content\/uploads\/2016\/03\/2016-03-20-21.56.54.jpg\" alt=\"2016-03-20 21.56.54\" width=\"1200\" height=\"1600\" srcset=\"http:\/\/damas.laiglesiadelacomunidad.com\/wp-content\/uploads\/2016\/03\/2016-03-20-21.56.54.jpg 1200w, http:\/\/damas.laiglesiadelacomunidad.com\/wp-content\/uploads\/2016\/03\/2016-03-20-21.56.54-225x300.jpg 225w, http:\/\/damas.laiglesiadelacomunidad.com\/wp-content\/uploads\/2016\/03\/2016-03-20-21.56.54-768x1024.jpg 768w\" sizes=\"(max-width: 1200px) 100vw, 1200px\" \/><\/a> <a href=\"http:\/\/damas.laiglesiadelacomunidad.com\/?attachment_id=10876\" rel=\"attachment wp-att-10876\"><img loading=\"lazy\" decoding=\"async\" class=\"alignnone size-full wp-image-10876\" src=\"http:\/\/damas.laiglesiadelacomunidad.com\/wp-content\/uploads\/2016\/03\/2016-03-20-21.56.58.jpg\" alt=\"2016-03-20 21.56.58\" width=\"1200\" height=\"1600\" srcset=\"http:\/\/damas.laiglesiadelacomunidad.com\/wp-content\/uploads\/2016\/03\/2016-03-20-21.56.58.jpg 1200w, http:\/\/damas.laiglesiadelacomunidad.com\/wp-content\/uploads\/2016\/03\/2016-03-20-21.56.58-225x300.jpg 225w, http:\/\/damas.laiglesiadelacomunidad.com\/wp-content\/uploads\/2016\/03\/2016-03-20-21.56.58-768x1024.jpg 768w\" sizes=\"(max-width: 1200px) 100vw, 1200px\" \/><\/a> <a href=\"http:\/\/damas.laiglesiadelacomunidad.com\/?attachment_id=10877\" rel=\"attachment wp-att-10877\"><img loading=\"lazy\" decoding=\"async\" class=\"alignnone size-full wp-image-10877\" src=\"http:\/\/damas.laiglesiadelacomunidad.com\/wp-content\/uploads\/2016\/03\/2016-03-20-21.57.02.jpg\" alt=\"2016-03-20 21.57.02\" width=\"1200\" height=\"1600\" srcset=\"http:\/\/damas.laiglesiadelacomunidad.com\/wp-content\/uploads\/2016\/03\/2016-03-20-21.57.02.jpg 1200w, http:\/\/damas.laiglesiadelacomunidad.com\/wp-content\/uploads\/2016\/03\/2016-03-20-21.57.02-225x300.jpg 225w, http:\/\/damas.laiglesiadelacomunidad.com\/wp-content\/uploads\/2016\/03\/2016-03-20-21.57.02-768x1024.jpg 768w\" sizes=\"(max-width: 1200px) 100vw, 1200px\" \/><\/a> <a href=\"http:\/\/damas.laiglesiadelacomunidad.com\/?attachment_id=10878\" rel=\"attachment wp-att-10878\"><img loading=\"lazy\" decoding=\"async\" class=\"alignnone size-full wp-image-10878\" src=\"http:\/\/damas.laiglesiadelacomunidad.com\/wp-content\/uploads\/2016\/03\/2016-03-20-21.57.07.jpg\" alt=\"2016-03-20 21.57.07\" width=\"1200\" height=\"1600\" srcset=\"http:\/\/damas.laiglesiadelacomunidad.com\/wp-content\/uploads\/2016\/03\/2016-03-20-21.57.07.jpg 1200w, http:\/\/damas.laiglesiadelacomunidad.com\/wp-content\/uploads\/2016\/03\/2016-03-20-21.57.07-225x300.jpg 225w, http:\/\/damas.laiglesiadelacomunidad.com\/wp-content\/uploads\/2016\/03\/2016-03-20-21.57.07-768x1024.jpg 768w\" sizes=\"(max-width: 1200px) 100vw, 1200px\" \/><\/a> <a href=\"http:\/\/damas.laiglesiadelacomunidad.com\/?attachment_id=10879\" rel=\"attachment wp-att-10879\"><img loading=\"lazy\" decoding=\"async\" class=\"alignnone size-full wp-image-10879\" src=\"http:\/\/damas.laiglesiadelacomunidad.com\/wp-content\/uploads\/2016\/03\/2016-03-20-21.56.37.jpg\" alt=\"2016-03-20 21.56.37\" width=\"1600\" height=\"1200\" srcset=\"http:\/\/damas.laiglesiadelacomunidad.com\/wp-content\/uploads\/2016\/03\/2016-03-20-21.56.37.jpg 1600w, http:\/\/damas.laiglesiadelacomunidad.com\/wp-content\/uploads\/2016\/03\/2016-03-20-21.56.37-300x225.jpg 300w, http:\/\/damas.laiglesiadelacomunidad.com\/wp-content\/uploads\/2016\/03\/2016-03-20-21.56.37-768x576.jpg 768w, http:\/\/damas.laiglesiadelacomunidad.com\/wp-content\/uploads\/2016\/03\/2016-03-20-21.56.37-1024x768.jpg 1024w\" sizes=\"(max-width: 1600px) 100vw, 1600px\" \/><\/a><a href=\"http:\/\/damas.laiglesiadelacomunidad.com\/?attachment_id=10871\" rel=\"attachment wp-att-10871\"><img loading=\"lazy\" decoding=\"async\" class=\"alignnone size-full wp-image-10871\" src=\"http:\/\/damas.laiglesiadelacomunidad.com\/wp-content\/uploads\/2016\/03\/2016-03-20-21.26.37.jpg\" alt=\"2016-03-20 21.26.37\" width=\"960\" height=\"1280\" srcset=\"http:\/\/damas.laiglesiadelacomunidad.com\/wp-content\/uploads\/2016\/03\/2016-03-20-21.26.37.jpg 960w, http:\/\/damas.laiglesiadelacomunidad.com\/wp-content\/uploads\/2016\/03\/2016-03-20-21.26.37-225x300.jpg 225w, http:\/\/damas.laiglesiadelacomunidad.com\/wp-content\/uploads\/2016\/03\/2016-03-20-21.26.37-768x1024.jpg 768w\" sizes=\"(max-width: 960px) 100vw, 960px\" \/><\/a><a href=\"http:\/\/damas.laiglesiadelacomunidad.com\/?attachment_id=10872\" rel=\"attachment wp-att-10872\"><img loading=\"lazy\" decoding=\"async\" class=\"alignnone size-full wp-image-10872\" src=\"http:\/\/damas.laiglesiadelacomunidad.com\/wp-content\/uploads\/2016\/03\/2016-03-20-21.56.21.jpg\" alt=\"2016-03-20 21.56.21\" width=\"1280\" height=\"960\" srcset=\"http:\/\/damas.laiglesiadelacomunidad.com\/wp-content\/uploads\/2016\/03\/2016-03-20-21.56.21.jpg 1280w, http:\/\/damas.laiglesiadelacomunidad.com\/wp-content\/uploads\/2016\/03\/2016-03-20-21.56.21-300x225.jpg 300w, http:\/\/damas.laiglesiadelacomunidad.com\/wp-content\/uploads\/2016\/03\/2016-03-20-21.56.21-768x576.jpg 768w, http:\/\/damas.laiglesiadelacomunidad.com\/wp-content\/uploads\/2016\/03\/2016-03-20-21.56.21-1024x768.jpg 1024w\" sizes=\"(max-width: 1280px) 100vw, 1280px\" \/><\/a><\/p>\n","protected":false},"excerpt":{"rendered":"<p>Gracias Se\u00f1or por otra linda noche, hoy te damos gracias por escuchar nuestras oraciones y haber protegido a Daniel de la reacci\u00f3n al\u00e9rgica que le dio, gracias por la comunidad que tenemos y gracias por haber escuchado las oraciones, gracias a todas por el cari\u00f1o que le demuestran a mi ni\u00f1o, gracias Se\u00f1or por cada &hellip; <a href=\"http:\/\/damas.laiglesiadelacomunidad.com\/?p=10870\" class=\"more-link\">Continue reading <span class=\"screen-reader-text\">Reuni\u00f3n domingo 20 de Marzo del 2016<\/span> <span class=\"meta-nav\">&rarr;<\/span><\/a><\/p>\n","protected":false},"author":2,"featured_media":0,"comment_status":"open","ping_status":"open","sticky":false,"template":"","format":"gallery","meta":{"footnotes":""},"categories":[7],"tags":[],"_links":{"self":[{"href":"http:\/\/damas.laiglesiadelacomunidad.com\/index.php?rest_route=\/wp\/v2\/posts\/10870"}],"collection":[{"href":"http:\/\/damas.laiglesiadelacomunidad.com\/index.php?rest_route=\/wp\/v2\/posts"}],"about":[{"href":"http:\/\/damas.laiglesiadelacomunidad.com\/index.php?rest_route=\/wp\/v2\/types\/post"}],"author":[{"embeddable":true,"href":"http:\/\/damas.laiglesiadelacomunidad.com\/index.php?rest_route=\/wp\/v2\/users\/2"}],"replies":[{"embeddable":true,"href":"http:\/\/damas.laiglesiadelacomunidad.com\/index.php?rest_route=%2Fwp%2Fv2%2Fcomments&post=10870"}],"version-history":[{"count":3,"href":"http:\/\/damas.laiglesiadelacomunidad.com\/index.php?rest_route=\/wp\/v2\/posts\/10870\/revisions"}],"predecessor-version":[{"id":10882,"href":"http:\/\/damas.laiglesiadelacomunidad.com\/index.php?rest_route=\/wp\/v2\/posts\/10870\/revisions\/10882"}],"wp:attachment":[{"href":"http:\/\/damas.laiglesiadelacomunidad.com\/index.php?rest_route=%2Fwp%2Fv2%2Fmedia&parent=10870"}],"wp:term":[{"taxonomy":"category","embeddable":true,"href":"http:\/\/damas.laiglesiadelacomunidad.com\/index.php?rest_route=%2Fwp%2Fv2%2Fcategories&post=10870"},{"taxonomy":"post_tag","embeddable":true,"href":"http:\/\/damas.laiglesiadelacomunidad.com\/index.php?rest_route=%2Fwp%2Fv2%2Ftags&post=10870"}],"curies":[{"name":"wp","href":"https:\/\/api.w.org\/{rel}","templated":true}]}}