{"id":10867,"date":"2016-03-20T11:53:55","date_gmt":"2016-03-20T16:53:55","guid":{"rendered":"http:\/\/damas.laiglesiadelacomunidad.com\/?p=10867"},"modified":"2016-03-20T21:58:39","modified_gmt":"2016-03-21T02:58:39","slug":"versiculo-para-meditar-192","status":"publish","type":"post","link":"http:\/\/damas.laiglesiadelacomunidad.com\/?p=10867","title":{"rendered":"Vers\u00edculo para Meditar\u00a0"},"content":{"rendered":"<p>Hoy es el d\u00eda que muchas personas se re\u00fanen alrededor del mundo como congregaci\u00f3n para alabar, adorar y escuchar la palabra de Dios, y nosotros no somos la excepci\u00f3n, si vives en Lincoln, Ne y no te congregas en ninguna iglesia, te invitamos a que te congregues con nosotros en la Iglesia de la Comunidad, nos reunimos en el centro comunitario de las calles 13 y F, a las 6:30 pm. \u00a1Te esperamos !<\/p>\n<p><a href=\"http:\/\/damas.laiglesiadelacomunidad.com\/wp-content\/uploads\/2016\/03\/img_0691.jpg\"><img decoding=\"async\" src=\"http:\/\/damas.laiglesiadelacomunidad.com\/wp-content\/uploads\/2016\/03\/img_0691.jpg\" alt=\"\" \/><\/a><\/p>\n","protected":false},"excerpt":{"rendered":"<p>Hoy es el d\u00eda que muchas personas se re\u00fanen alrededor del mundo como congregaci\u00f3n para alabar, adorar y escuchar la palabra de Dios, y nosotros no somos la excepci\u00f3n, si vives en Lincoln, Ne y no te congregas en ninguna iglesia, te invitamos a que te congregues con nosotros en la Iglesia de la Comunidad, &hellip; <a href=\"http:\/\/damas.laiglesiadelacomunidad.com\/?p=10867\" class=\"more-link\">Continue reading <span class=\"screen-reader-text\">Vers\u00edculo para Meditar\u00a0<\/span> <span class=\"meta-nav\">&rarr;<\/span><\/a><\/p>\n","protected":false},"author":2,"featured_media":0,"comment_status":"open","ping_status":"open","sticky":false,"template":"","format":"standard","meta":{"footnotes":""},"categories":[5],"tags":[],"_links":{"self":[{"href":"http:\/\/damas.laiglesiadelacomunidad.com\/index.php?rest_route=\/wp\/v2\/posts\/10867"}],"collection":[{"href":"http:\/\/damas.laiglesiadelacomunidad.com\/index.php?rest_route=\/wp\/v2\/posts"}],"about":[{"href":"http:\/\/damas.laiglesiadelacomunidad.com\/index.php?rest_route=\/wp\/v2\/types\/post"}],"author":[{"embeddable":true,"href":"http:\/\/damas.laiglesiadelacomunidad.com\/index.php?rest_route=\/wp\/v2\/users\/2"}],"replies":[{"embeddable":true,"href":"http:\/\/damas.laiglesiadelacomunidad.com\/index.php?rest_route=%2Fwp%2Fv2%2Fcomments&post=10867"}],"version-history":[{"count":2,"href":"http:\/\/damas.laiglesiadelacomunidad.com\/index.php?rest_route=\/wp\/v2\/posts\/10867\/revisions"}],"predecessor-version":[{"id":10869,"href":"http:\/\/damas.laiglesiadelacomunidad.com\/index.php?rest_route=\/wp\/v2\/posts\/10867\/revisions\/10869"}],"wp:attachment":[{"href":"http:\/\/damas.laiglesiadelacomunidad.com\/index.php?rest_route=%2Fwp%2Fv2%2Fmedia&parent=10867"}],"wp:term":[{"taxonomy":"category","embeddable":true,"href":"http:\/\/damas.laiglesiadelacomunidad.com\/index.php?rest_route=%2Fwp%2Fv2%2Fcategories&post=10867"},{"taxonomy":"post_tag","embeddable":true,"href":"http:\/\/damas.laiglesiadelacomunidad.com\/index.php?rest_route=%2Fwp%2Fv2%2Ftags&post=10867"}],"curies":[{"name":"wp","href":"https:\/\/api.w.org\/{rel}","templated":true}]}}