{"id":10822,"date":"2016-03-13T22:57:04","date_gmt":"2016-03-14T03:57:04","guid":{"rendered":"http:\/\/damas.laiglesiadelacomunidad.com\/?p=10822"},"modified":"2016-03-13T22:57:15","modified_gmt":"2016-03-14T03:57:15","slug":"reunion-domingo-13-de-marzo-del-2016","status":"publish","type":"post","link":"http:\/\/damas.laiglesiadelacomunidad.com\/?p=10822","title":{"rendered":"Reuni\u00f3n domingo 13 de Marzo del 2016"},"content":{"rendered":"<p>Gracias Se\u00f1or por cada reuni\u00f3n que nos das, gracias por hoy, gracias por tan buen mensaje que nos diste, gracias por todos los voluntarios, por los m\u00fasicos, los cantantes, los ni\u00f1os que desde peque\u00f1os est\u00e1n aprendiendo a conocerte y a servirte.<\/p>\n<p>Hoy vimos un tema muy importante para todos, un tema que nos deber\u00eda despertar y deberiamos de tomar muy pero muy en cuenta, el tema de hoy fue: <strong>&#8220;De Vida o Muerte&#8221;<\/strong> y la idea grande de hoy fue: <strong>&#8220;Estamos rodeados de gran necesidad esp\u00edritual&#8221;\u00a0<\/strong>seguimos estudiando la vida de Jes\u00fas y en sus ense\u00f1anzas nos inspira y nos ense\u00f1a como seguirle, como cumplir Su misi\u00f3n, como imitarlo y como hacer crecer Su Reino.<\/p>\n<p>Hoy en la ense\u00f1anza de Jes\u00fas que escribi\u00f3 Mateo vemos como Jes\u00fas se sent\u00eda con respecto a la gente que aun no lo segu\u00eda, y como gu\u00edo a la gente que lo segu\u00eda a ayudar a otros a conocerle. Jes\u00fas nos ayuda a ver a la gente de forma que pensemos en su eternidad y en la urgencia que hay de ayudarles a conocerle. Nos ense\u00f1a como ver la necesidad esp\u00edritual tanto de personas que aun no han tomado la decisi\u00f3n de Jes\u00fas como de los cristianos que estan dormidos sin hacer nada por sus vidas mucho menos por la vida de otros.<\/p>\n<p>Jes\u00fas nos llama a trabajar, \u00a0aun en su tiempo no hab\u00edan muchos obreros, muchos lo conoc\u00edan y muchos lo segu\u00edan pero no muchos trabajaban. Aun entonces exist\u00eda el problema que hay actualmente en la iglesia de Cristo alrededor del mundo. Y tambi\u00e9n exist\u00eda mucha gente que no lo conoc\u00eda y que ten\u00eda necesidad de conocerlo. Tambi\u00e9n hoy en d\u00eda nos llama a ser sus obreros, nos llama a predicar el evangelio a tener compasi\u00f3n por quienes no lo conocen.<\/p>\n<p><strong><span class=\"text Matt-9-35\">Jes\u00fas recorr\u00eda todas las ciudades y las aldeas, y ense\u00f1aba en las sinagogas de ellos, predicaba el evangelio del reino y sanaba toda enfermedad y toda dolencia del pueblo.<\/span> <span id=\"es-RVC-23417\" class=\"text Matt-9-36\"><sup class=\"versenum\">36\u00a0<\/sup>Al ver las multitudes, Jes\u00fas tuvo compasi\u00f3n de ellas porque estaban desamparadas y dispersas, como ovejas que no tienen pastor.<\/span> <span id=\"es-RVC-23418\" class=\"text Matt-9-37\"><sup class=\"versenum\">37\u00a0<\/sup>Entonces dijo a sus disc\u00edpulos: <span style=\"color: #ff0000;\">\u00abCiertamente, es mucha la mies, pero son pocos los segadores.<\/span><\/span><span id=\"es-RVC-23419\" class=\"text Matt-9-38\" style=\"color: #ff0000;\"> <sup class=\"versenum\">38\u00a0<\/sup>Por tanto, pidan al Se\u00f1or de la mies que env\u00ede segadores a cosechar la mies.\u00bb\u00a0<\/span><\/strong><span style=\"color: #000000;\"><span id=\"es-RVC-23419\" class=\"text Matt-9-38\">Mateo 9:35-<\/span><span id=\"es-RVC-23419\" class=\"text Matt-9-38\">38<\/span><\/span><\/p>\n<p>Se\u00f1or te pedimos que tu nos des el deseo de ser tus obreros, que trabajemos con ganas para hacer crecer Tu Reino, que no nos dejemos vencer por nuestro enemigo, que Tu nos des el valor de hablar Tu evangelio, te lo pedimos en nombre de Jesucristo nuestro Se\u00f1or, Am\u00e9n<\/p>\n<p>Dios las bendiga \ud83d\ude42 que tengan una linda semana;<\/p>\n<p>Jackie C.<\/p>\n<p><strong> <a href=\"http:\/\/damas.laiglesiadelacomunidad.com\/?attachment_id=10841\" rel=\"attachment wp-att-10841\"><img loading=\"lazy\" decoding=\"async\" class=\"alignnone size-full wp-image-10841\" src=\"http:\/\/damas.laiglesiadelacomunidad.com\/wp-content\/uploads\/2016\/03\/2016-03-13-22.11.35.jpg\" alt=\"2016-03-13 22.11.35\" width=\"1600\" height=\"1200\" srcset=\"http:\/\/damas.laiglesiadelacomunidad.com\/wp-content\/uploads\/2016\/03\/2016-03-13-22.11.35.jpg 1600w, http:\/\/damas.laiglesiadelacomunidad.com\/wp-content\/uploads\/2016\/03\/2016-03-13-22.11.35-300x225.jpg 300w, http:\/\/damas.laiglesiadelacomunidad.com\/wp-content\/uploads\/2016\/03\/2016-03-13-22.11.35-768x576.jpg 768w, http:\/\/damas.laiglesiadelacomunidad.com\/wp-content\/uploads\/2016\/03\/2016-03-13-22.11.35-1024x768.jpg 1024w\" sizes=\"(max-width: 1600px) 100vw, 1600px\" \/><\/a><a href=\"http:\/\/damas.laiglesiadelacomunidad.com\/?attachment_id=10825\" rel=\"attachment wp-att-10825\"><img loading=\"lazy\" decoding=\"async\" class=\"alignnone size-full wp-image-10825\" src=\"http:\/\/damas.laiglesiadelacomunidad.com\/wp-content\/uploads\/2016\/03\/2016-03-13-22.11.50.jpg\" alt=\"2016-03-13 22.11.50\" width=\"1600\" height=\"1200\" srcset=\"http:\/\/damas.laiglesiadelacomunidad.com\/wp-content\/uploads\/2016\/03\/2016-03-13-22.11.50.jpg 1600w, http:\/\/damas.laiglesiadelacomunidad.com\/wp-content\/uploads\/2016\/03\/2016-03-13-22.11.50-300x225.jpg 300w, http:\/\/damas.laiglesiadelacomunidad.com\/wp-content\/uploads\/2016\/03\/2016-03-13-22.11.50-768x576.jpg 768w, http:\/\/damas.laiglesiadelacomunidad.com\/wp-content\/uploads\/2016\/03\/2016-03-13-22.11.50-1024x768.jpg 1024w\" sizes=\"(max-width: 1600px) 100vw, 1600px\" \/><\/a> <a href=\"http:\/\/damas.laiglesiadelacomunidad.com\/?attachment_id=10826\" rel=\"attachment wp-att-10826\"><img loading=\"lazy\" decoding=\"async\" class=\"alignnone size-full wp-image-10826\" src=\"http:\/\/damas.laiglesiadelacomunidad.com\/wp-content\/uploads\/2016\/03\/2016-03-13-22.10.17.jpg\" alt=\"2016-03-13 22.10.17\" width=\"1200\" height=\"1600\" srcset=\"http:\/\/damas.laiglesiadelacomunidad.com\/wp-content\/uploads\/2016\/03\/2016-03-13-22.10.17.jpg 1200w, http:\/\/damas.laiglesiadelacomunidad.com\/wp-content\/uploads\/2016\/03\/2016-03-13-22.10.17-225x300.jpg 225w, http:\/\/damas.laiglesiadelacomunidad.com\/wp-content\/uploads\/2016\/03\/2016-03-13-22.10.17-768x1024.jpg 768w\" sizes=\"(max-width: 1200px) 100vw, 1200px\" \/><\/a> <a href=\"http:\/\/damas.laiglesiadelacomunidad.com\/?attachment_id=10827\" rel=\"attachment wp-att-10827\"><img loading=\"lazy\" decoding=\"async\" class=\"alignnone size-full wp-image-10827\" src=\"http:\/\/damas.laiglesiadelacomunidad.com\/wp-content\/uploads\/2016\/03\/2016-03-13-22.10.25.jpg\" alt=\"2016-03-13 22.10.25\" width=\"1200\" height=\"1600\" srcset=\"http:\/\/damas.laiglesiadelacomunidad.com\/wp-content\/uploads\/2016\/03\/2016-03-13-22.10.25.jpg 1200w, http:\/\/damas.laiglesiadelacomunidad.com\/wp-content\/uploads\/2016\/03\/2016-03-13-22.10.25-225x300.jpg 225w, http:\/\/damas.laiglesiadelacomunidad.com\/wp-content\/uploads\/2016\/03\/2016-03-13-22.10.25-768x1024.jpg 768w\" sizes=\"(max-width: 1200px) 100vw, 1200px\" \/><\/a> <a href=\"http:\/\/damas.laiglesiadelacomunidad.com\/?attachment_id=10828\" rel=\"attachment wp-att-10828\"><img loading=\"lazy\" decoding=\"async\" class=\"alignnone size-full wp-image-10828\" src=\"http:\/\/damas.laiglesiadelacomunidad.com\/wp-content\/uploads\/2016\/03\/2016-03-13-22.10.29.jpg\" alt=\"2016-03-13 22.10.29\" width=\"1200\" height=\"1600\" srcset=\"http:\/\/damas.laiglesiadelacomunidad.com\/wp-content\/uploads\/2016\/03\/2016-03-13-22.10.29.jpg 1200w, http:\/\/damas.laiglesiadelacomunidad.com\/wp-content\/uploads\/2016\/03\/2016-03-13-22.10.29-225x300.jpg 225w, http:\/\/damas.laiglesiadelacomunidad.com\/wp-content\/uploads\/2016\/03\/2016-03-13-22.10.29-768x1024.jpg 768w\" sizes=\"(max-width: 1200px) 100vw, 1200px\" \/><\/a> <a href=\"http:\/\/damas.laiglesiadelacomunidad.com\/?attachment_id=10829\" rel=\"attachment wp-att-10829\"><img loading=\"lazy\" decoding=\"async\" class=\"alignnone size-full wp-image-10829\" src=\"http:\/\/damas.laiglesiadelacomunidad.com\/wp-content\/uploads\/2016\/03\/2016-03-13-22.10.46.jpg\" alt=\"2016-03-13 22.10.46\" width=\"1200\" height=\"1600\" srcset=\"http:\/\/damas.laiglesiadelacomunidad.com\/wp-content\/uploads\/2016\/03\/2016-03-13-22.10.46.jpg 1200w, http:\/\/damas.laiglesiadelacomunidad.com\/wp-content\/uploads\/2016\/03\/2016-03-13-22.10.46-225x300.jpg 225w, http:\/\/damas.laiglesiadelacomunidad.com\/wp-content\/uploads\/2016\/03\/2016-03-13-22.10.46-768x1024.jpg 768w\" sizes=\"(max-width: 1200px) 100vw, 1200px\" \/><\/a> <a href=\"http:\/\/damas.laiglesiadelacomunidad.com\/?attachment_id=10830\" rel=\"attachment wp-att-10830\"><img loading=\"lazy\" decoding=\"async\" class=\"alignnone size-full wp-image-10830\" src=\"http:\/\/damas.laiglesiadelacomunidad.com\/wp-content\/uploads\/2016\/03\/2016-03-13-22.10.49.jpg\" alt=\"2016-03-13 22.10.49\" width=\"1200\" height=\"1600\" srcset=\"http:\/\/damas.laiglesiadelacomunidad.com\/wp-content\/uploads\/2016\/03\/2016-03-13-22.10.49.jpg 1200w, http:\/\/damas.laiglesiadelacomunidad.com\/wp-content\/uploads\/2016\/03\/2016-03-13-22.10.49-225x300.jpg 225w, http:\/\/damas.laiglesiadelacomunidad.com\/wp-content\/uploads\/2016\/03\/2016-03-13-22.10.49-768x1024.jpg 768w\" sizes=\"(max-width: 1200px) 100vw, 1200px\" \/><\/a> <a href=\"http:\/\/damas.laiglesiadelacomunidad.com\/?attachment_id=10832\" rel=\"attachment wp-att-10832\"><img loading=\"lazy\" decoding=\"async\" class=\"alignnone size-full wp-image-10832\" src=\"http:\/\/damas.laiglesiadelacomunidad.com\/wp-content\/uploads\/2016\/03\/2016-03-13-22.11.05.jpg\" alt=\"2016-03-13 22.11.05\" width=\"1200\" height=\"1600\" srcset=\"http:\/\/damas.laiglesiadelacomunidad.com\/wp-content\/uploads\/2016\/03\/2016-03-13-22.11.05.jpg 1200w, http:\/\/damas.laiglesiadelacomunidad.com\/wp-content\/uploads\/2016\/03\/2016-03-13-22.11.05-225x300.jpg 225w, http:\/\/damas.laiglesiadelacomunidad.com\/wp-content\/uploads\/2016\/03\/2016-03-13-22.11.05-768x1024.jpg 768w\" sizes=\"(max-width: 1200px) 100vw, 1200px\" \/><\/a> <a href=\"http:\/\/damas.laiglesiadelacomunidad.com\/?attachment_id=10833\" rel=\"attachment wp-att-10833\"><img loading=\"lazy\" decoding=\"async\" class=\"alignnone size-full wp-image-10833\" src=\"http:\/\/damas.laiglesiadelacomunidad.com\/wp-content\/uploads\/2016\/03\/2016-03-13-22.11.09.jpg\" alt=\"2016-03-13 22.11.09\" width=\"1200\" height=\"1600\" srcset=\"http:\/\/damas.laiglesiadelacomunidad.com\/wp-content\/uploads\/2016\/03\/2016-03-13-22.11.09.jpg 1200w, http:\/\/damas.laiglesiadelacomunidad.com\/wp-content\/uploads\/2016\/03\/2016-03-13-22.11.09-225x300.jpg 225w, http:\/\/damas.laiglesiadelacomunidad.com\/wp-content\/uploads\/2016\/03\/2016-03-13-22.11.09-768x1024.jpg 768w\" sizes=\"(max-width: 1200px) 100vw, 1200px\" \/><\/a> <a href=\"http:\/\/damas.laiglesiadelacomunidad.com\/?attachment_id=10834\" rel=\"attachment wp-att-10834\"><img loading=\"lazy\" decoding=\"async\" class=\"alignnone size-full wp-image-10834\" src=\"http:\/\/damas.laiglesiadelacomunidad.com\/wp-content\/uploads\/2016\/03\/2016-03-13-22.11.12.jpg\" alt=\"2016-03-13 22.11.12\" width=\"1200\" height=\"1600\" srcset=\"http:\/\/damas.laiglesiadelacomunidad.com\/wp-content\/uploads\/2016\/03\/2016-03-13-22.11.12.jpg 1200w, http:\/\/damas.laiglesiadelacomunidad.com\/wp-content\/uploads\/2016\/03\/2016-03-13-22.11.12-225x300.jpg 225w, http:\/\/damas.laiglesiadelacomunidad.com\/wp-content\/uploads\/2016\/03\/2016-03-13-22.11.12-768x1024.jpg 768w\" sizes=\"(max-width: 1200px) 100vw, 1200px\" \/><\/a> <a href=\"http:\/\/damas.laiglesiadelacomunidad.com\/?attachment_id=10836\" rel=\"attachment wp-att-10836\"><img loading=\"lazy\" decoding=\"async\" class=\"alignnone size-full wp-image-10836\" src=\"http:\/\/damas.laiglesiadelacomunidad.com\/wp-content\/uploads\/2016\/03\/2016-03-13-22.11.26.jpg\" alt=\"2016-03-13 22.11.26\" width=\"1600\" height=\"1200\" srcset=\"http:\/\/damas.laiglesiadelacomunidad.com\/wp-content\/uploads\/2016\/03\/2016-03-13-22.11.26.jpg 1600w, http:\/\/damas.laiglesiadelacomunidad.com\/wp-content\/uploads\/2016\/03\/2016-03-13-22.11.26-300x225.jpg 300w, http:\/\/damas.laiglesiadelacomunidad.com\/wp-content\/uploads\/2016\/03\/2016-03-13-22.11.26-768x576.jpg 768w, http:\/\/damas.laiglesiadelacomunidad.com\/wp-content\/uploads\/2016\/03\/2016-03-13-22.11.26-1024x768.jpg 1024w\" sizes=\"(max-width: 1600px) 100vw, 1600px\" \/><\/a> <a href=\"http:\/\/damas.laiglesiadelacomunidad.com\/?attachment_id=10839\" rel=\"attachment wp-att-10839\"><img loading=\"lazy\" decoding=\"async\" class=\"alignnone size-full wp-image-10839\" src=\"http:\/\/damas.laiglesiadelacomunidad.com\/wp-content\/uploads\/2016\/03\/2016-03-13-22.11.50-1.jpg\" alt=\"2016-03-13 22.11.50\" width=\"1600\" height=\"1200\" srcset=\"http:\/\/damas.laiglesiadelacomunidad.com\/wp-content\/uploads\/2016\/03\/2016-03-13-22.11.50-1.jpg 1600w, http:\/\/damas.laiglesiadelacomunidad.com\/wp-content\/uploads\/2016\/03\/2016-03-13-22.11.50-1-300x225.jpg 300w, http:\/\/damas.laiglesiadelacomunidad.com\/wp-content\/uploads\/2016\/03\/2016-03-13-22.11.50-1-768x576.jpg 768w, http:\/\/damas.laiglesiadelacomunidad.com\/wp-content\/uploads\/2016\/03\/2016-03-13-22.11.50-1-1024x768.jpg 1024w\" sizes=\"(max-width: 1600px) 100vw, 1600px\" \/><\/a> <a href=\"http:\/\/damas.laiglesiadelacomunidad.com\/?attachment_id=10840\" rel=\"attachment wp-att-10840\"><img loading=\"lazy\" decoding=\"async\" class=\"alignnone size-full wp-image-10840\" src=\"http:\/\/damas.laiglesiadelacomunidad.com\/wp-content\/uploads\/2016\/03\/2016-03-13-22.11.54.jpg\" alt=\"2016-03-13 22.11.54\" width=\"1600\" height=\"1200\" srcset=\"http:\/\/damas.laiglesiadelacomunidad.com\/wp-content\/uploads\/2016\/03\/2016-03-13-22.11.54.jpg 1600w, http:\/\/damas.laiglesiadelacomunidad.com\/wp-content\/uploads\/2016\/03\/2016-03-13-22.11.54-300x225.jpg 300w, http:\/\/damas.laiglesiadelacomunidad.com\/wp-content\/uploads\/2016\/03\/2016-03-13-22.11.54-768x576.jpg 768w, http:\/\/damas.laiglesiadelacomunidad.com\/wp-content\/uploads\/2016\/03\/2016-03-13-22.11.54-1024x768.jpg 1024w\" sizes=\"(max-width: 1600px) 100vw, 1600px\" \/><\/a><\/strong><\/p>\n","protected":false},"excerpt":{"rendered":"<p>Gracias Se\u00f1or por cada reuni\u00f3n que nos das, gracias por hoy, gracias por tan buen mensaje que nos diste, gracias por todos los voluntarios, por los m\u00fasicos, los cantantes, los ni\u00f1os que desde peque\u00f1os est\u00e1n aprendiendo a conocerte y a servirte. Hoy vimos un tema muy importante para todos, un tema que nos deber\u00eda despertar &hellip; <a href=\"http:\/\/damas.laiglesiadelacomunidad.com\/?p=10822\" class=\"more-link\">Continue reading <span class=\"screen-reader-text\">Reuni\u00f3n domingo 13 de Marzo del 2016<\/span> <span class=\"meta-nav\">&rarr;<\/span><\/a><\/p>\n","protected":false},"author":2,"featured_media":0,"comment_status":"open","ping_status":"open","sticky":false,"template":"","format":"gallery","meta":{"footnotes":""},"categories":[7],"tags":[],"_links":{"self":[{"href":"http:\/\/damas.laiglesiadelacomunidad.com\/index.php?rest_route=\/wp\/v2\/posts\/10822"}],"collection":[{"href":"http:\/\/damas.laiglesiadelacomunidad.com\/index.php?rest_route=\/wp\/v2\/posts"}],"about":[{"href":"http:\/\/damas.laiglesiadelacomunidad.com\/index.php?rest_route=\/wp\/v2\/types\/post"}],"author":[{"embeddable":true,"href":"http:\/\/damas.laiglesiadelacomunidad.com\/index.php?rest_route=\/wp\/v2\/users\/2"}],"replies":[{"embeddable":true,"href":"http:\/\/damas.laiglesiadelacomunidad.com\/index.php?rest_route=%2Fwp%2Fv2%2Fcomments&post=10822"}],"version-history":[{"count":2,"href":"http:\/\/damas.laiglesiadelacomunidad.com\/index.php?rest_route=\/wp\/v2\/posts\/10822\/revisions"}],"predecessor-version":[{"id":10842,"href":"http:\/\/damas.laiglesiadelacomunidad.com\/index.php?rest_route=\/wp\/v2\/posts\/10822\/revisions\/10842"}],"wp:attachment":[{"href":"http:\/\/damas.laiglesiadelacomunidad.com\/index.php?rest_route=%2Fwp%2Fv2%2Fmedia&parent=10822"}],"wp:term":[{"taxonomy":"category","embeddable":true,"href":"http:\/\/damas.laiglesiadelacomunidad.com\/index.php?rest_route=%2Fwp%2Fv2%2Fcategories&post=10822"},{"taxonomy":"post_tag","embeddable":true,"href":"http:\/\/damas.laiglesiadelacomunidad.com\/index.php?rest_route=%2Fwp%2Fv2%2Ftags&post=10822"}],"curies":[{"name":"wp","href":"https:\/\/api.w.org\/{rel}","templated":true}]}}